{"id":1071,"date":"2024-05-03T11:40:13","date_gmt":"2024-05-03T11:40:13","guid":{"rendered":"https:\/\/www.sante-pourtous.net\/?p=1071"},"modified":"2024-05-03T11:40:15","modified_gmt":"2024-05-03T11:40:15","slug":"enquete-nutritionnelle-la-problematique-de-la-surnutrition-est-de-plus-en-plus-preoccupante-dans-la-population-de-facon-generale","status":"publish","type":"post","link":"https:\/\/www.sante-pourtous.net\/?p=1071","title":{"rendered":"Enqu\u00eate nutritionnelle\u00a0: la probl\u00e9matique de la surnutrition est de plus en plus pr\u00e9occupante dans la population de fa\u00e7on g\u00e9n\u00e9rale"},"content":{"rendered":"\n<p><em><strong>L\u2019enqu\u00eate nutritionnelle de 2023 s\u2019est d\u00e9roul\u00e9e dans un contexte s\u00e9curitaire toujours pr\u00e9occupant avec la couverture de 10 r\u00e9gions sur 13 que comptent le pays. Au total, 28 strates dont 27 provinciales et 1 mixte ont \u00e9t\u00e9 couvertes par la collecte des donn\u00e9es qui s\u2019est d\u00e9roul\u00e9e du 14 septembre au 10 octobre 2023. Les r\u00e9sultats obtenus montrent que la situation nutritionnelle des enfants de moins de 5 ans reste mod\u00e9r\u00e9e avec de nombreuses disparit\u00e9s tant au niveau r\u00e9gional que provincial. Les pr\u00e9valences du surpoids et de l\u2019ob\u00e9sit\u00e9 chez les enfants de moins de cinq ans et chez les Femmes en \u00e2ge de procr\u00e9er (FAP) montrent que la probl\u00e9matique de la surnutrition est de plus en plus pr\u00e9occupante dans la population de fa\u00e7on g\u00e9n\u00e9rale.<\/strong><\/em><\/p>\n\n\n\n<p>Sur l\u2019ensemble des strates enqu\u00eat\u00e9es, 2 pr\u00e9sentaient une pr\u00e9valence de la Malnutrition aigu\u00eb globale sup\u00e9rieure ou \u00e9gale \u00e0 10%. Cependant, la situation pourrait \u00eatre plus pr\u00e9occupante si tout le territoire \u00e9tait couvert. En effet, la plupart des zones sous blocus et\/ou enregistrant le plus de PDI n\u2019ont pas pu \u00eatre couvertes. Par rapport aux pratiques optimales, la diversit\u00e9 alimentaire des enfants et des femmes demeure faible, avec des taux inf\u00e9rieurs dans l\u2019ensemble des strates enqu\u00eat\u00e9es \u00e0 40%. La couverture partielle de la collecte ne permet pas de faire une situation exhaustive de la situation nutritionnelle dans le pays. Toute fois de nombreux efforts sont consentis par le Burkina Faso, avec l\u2019appui de ses partenaires techniques et financiers.<\/p>\n\n\n\n<p><strong>La malnutrition aigu\u00eb<\/strong><\/p>\n\n\n\n<p><strong>L<\/strong>a pr\u00e9valence la plus \u00e9lev\u00e9e est observ\u00e9e dans les Bal\u00e8s (10,7% dont 1,5% sous la forme s\u00e9v\u00e8re) et la plus faible dans la Como\u00e9 (4,3% avec 0,0% sous la forme s\u00e9v\u00e8re). Des pr\u00e9valences au-dessus du seuil \u00ab \u00e9lev\u00e9 \u00bb de l\u2019OMS (10%) ont \u00e9t\u00e9 observ\u00e9es dans deux provinces : Bal\u00e8s (10.7%) et Sissili (10.0%).<\/p>\n\n\n\n<figure class=\"wp-block-image size-large\"><img loading=\"lazy\" decoding=\"async\" width=\"1024\" height=\"697\" src=\"https:\/\/www.sante-pourtous.net\/wp-content\/uploads\/2024\/05\/1-1024x697.jpg\" alt=\"\" class=\"wp-image-1073\" srcset=\"https:\/\/www.sante-pourtous.net\/wp-content\/uploads\/2024\/05\/1-1024x697.jpg 1024w, https:\/\/www.sante-pourtous.net\/wp-content\/uploads\/2024\/05\/1-300x204.jpg 300w, https:\/\/www.sante-pourtous.net\/wp-content\/uploads\/2024\/05\/1-768x522.jpg 768w, https:\/\/www.sante-pourtous.net\/wp-content\/uploads\/2024\/05\/1-441x300.jpg 441w, https:\/\/www.sante-pourtous.net\/wp-content\/uploads\/2024\/05\/1-310x211.jpg 310w, https:\/\/www.sante-pourtous.net\/wp-content\/uploads\/2024\/05\/1-150x102.jpg 150w, https:\/\/www.sante-pourtous.net\/wp-content\/uploads\/2024\/05\/1.jpg 1254w\" sizes=\"auto, (max-width: 1024px) 100vw, 1024px\" \/><\/figure>\n\n\n\n<p><strong><em>Cartographie de la malnutrition aigu\u00eb dans les strates enqu\u00eat\u00e9es<\/em><\/strong><\/p>\n\n\n\n<p><strong>La malnutrition chronique<\/strong><\/p>\n\n\n\n<p>La pr\u00e9valence la plus \u00e9lev\u00e9e est observ\u00e9e dans le Kourw\u00e9ogo (28,3% dont 12% sous la forme s\u00e9v\u00e8re). La plus faible pr\u00e9valence est observ\u00e9e dans les provinces du Boulgou avec 13,2% dont 3% sous la forme s\u00e9v\u00e8re.<\/p>\n\n\n\n<figure class=\"wp-block-image size-large\"><img loading=\"lazy\" decoding=\"async\" width=\"1024\" height=\"678\" src=\"https:\/\/www.sante-pourtous.net\/wp-content\/uploads\/2024\/05\/2-1024x678.jpg\" alt=\"\" class=\"wp-image-1074\" srcset=\"https:\/\/www.sante-pourtous.net\/wp-content\/uploads\/2024\/05\/2-1024x678.jpg 1024w, https:\/\/www.sante-pourtous.net\/wp-content\/uploads\/2024\/05\/2-300x199.jpg 300w, https:\/\/www.sante-pourtous.net\/wp-content\/uploads\/2024\/05\/2-768x508.jpg 768w, https:\/\/www.sante-pourtous.net\/wp-content\/uploads\/2024\/05\/2-453x300.jpg 453w, https:\/\/www.sante-pourtous.net\/wp-content\/uploads\/2024\/05\/2-310x205.jpg 310w, https:\/\/www.sante-pourtous.net\/wp-content\/uploads\/2024\/05\/2-150x99.jpg 150w, https:\/\/www.sante-pourtous.net\/wp-content\/uploads\/2024\/05\/2.jpg 1254w\" sizes=\"auto, (max-width: 1024px) 100vw, 1024px\" \/><\/figure>\n\n\n\n<p><strong><em>Cartographie de la malnutrition chronique dans les strates enqu\u00eat\u00e9es<\/em><\/strong><\/p>\n\n\n\n<p><strong>L\u2019insuffisance pond\u00e9rale<\/strong><\/p>\n\n\n\n<p>La pr\u00e9valence la plus \u00e9lev\u00e9e est observ\u00e9e dans la Bougouriba (19,2% dont 3,3% sous la forme s\u00e9v\u00e8re) et la plus faible dans le Boulkiemd\u00e9 (7,7% dont 1,7% sous la forme s\u00e9v\u00e8re). Selon l\u2019IMC, la pr\u00e9valence de l\u2019insuffisance pond\u00e9rale chez les femmes en \u00e2ge de procr\u00e9er est plus \u00e9lev\u00e9e dans le Kouritenga (19,6%). A l\u2019oppos\u00e9, les provinces du Zoundw\u00e9ogo et du Houet pr\u00e9sentaient respectivement les fortes proportions des FAP en surpoids (27,8%) et de FAP en \u00e9tat d\u2019ob\u00e9sit\u00e9 (12,1%).<\/p>\n\n\n\n<figure class=\"wp-block-image size-large\"><img loading=\"lazy\" decoding=\"async\" width=\"1024\" height=\"671\" src=\"https:\/\/www.sante-pourtous.net\/wp-content\/uploads\/2024\/05\/3-1024x671.jpg\" alt=\"\" class=\"wp-image-1075\" srcset=\"https:\/\/www.sante-pourtous.net\/wp-content\/uploads\/2024\/05\/3-1024x671.jpg 1024w, https:\/\/www.sante-pourtous.net\/wp-content\/uploads\/2024\/05\/3-300x197.jpg 300w, https:\/\/www.sante-pourtous.net\/wp-content\/uploads\/2024\/05\/3-768x503.jpg 768w, https:\/\/www.sante-pourtous.net\/wp-content\/uploads\/2024\/05\/3-458x300.jpg 458w, https:\/\/www.sante-pourtous.net\/wp-content\/uploads\/2024\/05\/3-310x203.jpg 310w, https:\/\/www.sante-pourtous.net\/wp-content\/uploads\/2024\/05\/3-150x98.jpg 150w, https:\/\/www.sante-pourtous.net\/wp-content\/uploads\/2024\/05\/3.jpg 1254w\" sizes=\"auto, (max-width: 1024px) 100vw, 1024px\" \/><\/figure>\n\n\n\n<p><strong><em>Cartographie de l&rsquo;insuffisance pond\u00e9rale dans les strates enqu\u00eat\u00e9es<\/em><\/strong><\/p>\n\n\n\n<p><strong>Le niveau de couverture de la suppl\u00e9mentation en vitamine A des enfants<\/strong><\/p>\n\n\n\n<p>Le niveau de couverture de la suppl\u00e9mentation en vitamine A des enfants varie entre 71,3% au Centre \u00e0 93,8% dans le Centre-Sud. Pour le d\u00e9parasitage, il variait de 69,3% dans le Centre \u00e0 91,6% dans le Centre-Sud. Les pratiques optimales d\u2019ANJE restent relativement faibles surtout les pratiques d\u2019alimentation de compl\u00e9ment. En effet, 65,6% des enfants de 0-23 mois des strates enqu\u00eat\u00e9es ont b\u00e9n\u00e9fici\u00e9 d\u2019une mise au sein pr\u00e9coce et pr\u00e8s de 77,5% des enfants ont \u00e9t\u00e9 exclusivement allait\u00e9s. Au moins 80% des enfants de 12 \u00e0 15 mois ont \u00e9t\u00e9 allait\u00e9s jusqu\u2019\u00e0 un an et pr\u00e8s de 70% des enfants jusqu\u2019\u00e0 24 mois.<\/p>\n\n\n\n<p>Pour ce qui est de l\u2019alimentation de compl\u00e9ment, 32,8% des enfants ont consomm\u00e9 au moins cinq (05) groupes d\u2019aliment et 26,1% ont b\u00e9n\u00e9fici\u00e9 d\u2019une alimentation minimale acceptable.<\/p>\n\n\n\n<p>Bien que les pr\u00e9valences de la malnutrition sous toutes ses formes semblent stables avec seulement 2 strates pr\u00e9sentant une pr\u00e9valence de MAG sup\u00e9rieure au seuil \u00ab \u00e9lev\u00e9 \u00bb de l\u2019OMS, force est de reconnaitre que les 18 provinces les plus affect\u00e9es par la crise s\u00e9curitaire et humanitaire n\u2019ont pas \u00e9t\u00e9 couvertes par l\u2019enqu\u00eate. De nombreux efforts restent \u00e0 faire pour \u00e9valuer la situation nutritionnelle des enfants et des FAP dans ces diff\u00e9rentes localit\u00e9s.<\/p>\n\n\n\n<p><strong>La malnutrition aigu\u00eb selon l\u2019indice Poids-pour-Taille<\/strong><\/p>\n\n\n\n<p>L\u2019\u00e9dition 2023 a montr\u00e9 que la pr\u00e9valence de la malnutrition aig\u00fce globale variait de 4.3% dans la province de la Como\u00e9, dont 0% de forme s\u00e9v\u00e8re \u00e0 10.7% dans la province des Bal\u00e8s, dont 1.5% de forme s\u00e9v\u00e8re. On note cependant une disparit\u00e9 importante aussi bien au niveau r\u00e9gional que provinciale. Deux provinces affichaient une situation nutritionnelle \u00ab s\u00e9rieuse \u00bb correspondant au seuil \u00e9lev\u00e9 selon la classification de l\u2019OMS27 (10%). Ce sont la province des Bal\u00e8s avec 10,7% contre 7,5% en 2022, et la province de la Sissili avec 10,0% contre 5,3 en 2022.<\/p>\n\n\n\n<p>A l\u2019issue de l\u2019enqu\u00eate, les recommandations suivantes ont \u00e9t\u00e9 formul\u00e9es :<\/p>\n\n\n\n<p><strong>A l\u2019endroit du minist\u00e8re de la Sant\u00e9 et de l\u2019Hygi\u00e8ne publique :<\/strong><\/p>\n\n\n\n<p>\u2022 R\u00e9aliser des enqu\u00eates SMART rapides dans les r\u00e9gions non couvertes par l\u2019enqu\u00eate SMART nationale, afin de faire un \u00e9tat de lieu de la situation nutritionnelle des populations vivant dans ces localit\u00e9s ;<\/p>\n\n\n\n<p>\u2022 R\u00e9aliser des enqu\u00eates SMART rapides chez les PDI ;<\/p>\n\n\n\n<p>\u2022 R\u00e9aliser des enqu\u00eates SMART et\/ou SMART Rapides sur les diff\u00e9rentes p\u00e9riodes agricoles de l\u2019ann\u00e9e (Mitigation, Rel\u00e8vement et Soudure) ;<\/p>\n\n\n\n<p>\u2022 Renforcer les actions de lutte contre la surcharge pond\u00e9rale chez les enfants de moins de cinq (05) ans, les adolescentes, les FAP et la population globale ;<\/p>\n\n\n\n<p>\u2022 Renforcer les actions de lutte contre les maladies chroniques non transmissibles li\u00e9es \u00e0 l\u2019alimentation ;<\/p>\n\n\n\n<p>\u2022 Renforcer les interventions de nutrition en situation d\u2019urgence dans les localit\u00e9s \u00e0 fort d\u00e9fi s\u00e9curitaire ;<\/p>\n\n\n\n<p>\u2022 Renforcer la prise en charge de la malnutrition aigu\u00eb chez les enfants et chez les femmes enceintes et allaitantes ;<\/p>\n\n\n\n<p>\u2022 Poursuivre la mise en oeuvre des actions de pr\u00e9vention (ANJE) avec un focus sur les interventions sur la diversit\u00e9 alimentaire.<\/p>\n\n\n\n<p><strong>A l\u2019endroit du minist\u00e8re de la Solidarit\u00e9 de l\u2019action Humanitaire de la r\u00e9conciliation nationale, du genre et de la famille<\/strong><\/p>\n\n\n\n<p>\u2022 Renforcer la prise en compte de la nutrition dans les interventions humanitaires dans les zones abritant les personnes d\u00e9plac\u00e9es internes (PDI).<\/p>\n\n\n\n<p><strong>A l\u2019endroit des partenaires techniques et financiers :<\/strong><\/p>\n\n\n\n<p>\u2022 Rendre disponible \u00e0 temps les ressources financi\u00e8res et logistiques n\u00e9cessaires \u00e0 la mise en \u0153uvre optimale de l\u2019enqu\u00eate ;<\/p>\n","protected":false},"excerpt":{"rendered":"<p>L\u2019enqu\u00eate nutritionnelle de 2023 s\u2019est d\u00e9roul\u00e9e dans un contexte s\u00e9curitaire toujours pr\u00e9occupant avec la couverture de 10 r\u00e9gions sur 13 que comptent le pays. Au total, 28 strates dont 27 provinciales et 1 mixte ont \u00e9t\u00e9 couvertes par la collecte des donn\u00e9es qui s\u2019est d\u00e9roul\u00e9e du 14 septembre au 10 octobre 2023. Les r\u00e9sultats obtenus<\/p>\n","protected":false},"author":3,"featured_media":1072,"comment_status":"open","ping_status":"open","sticky":false,"template":"","format":"standard","meta":{"footnotes":""},"categories":[3,6,5],"tags":[],"class_list":["post-1071","post","type-post","status-publish","format-standard","has-post-thumbnail","hentry","category-actualite","category-alimentation","category-sante"],"_links":{"self":[{"href":"https:\/\/www.sante-pourtous.net\/index.php?rest_route=\/wp\/v2\/posts\/1071","targetHints":{"allow":["GET"]}}],"collection":[{"href":"https:\/\/www.sante-pourtous.net\/index.php?rest_route=\/wp\/v2\/posts"}],"about":[{"href":"https:\/\/www.sante-pourtous.net\/index.php?rest_route=\/wp\/v2\/types\/post"}],"author":[{"embeddable":true,"href":"https:\/\/www.sante-pourtous.net\/index.php?rest_route=\/wp\/v2\/users\/3"}],"replies":[{"embeddable":true,"href":"https:\/\/www.sante-pourtous.net\/index.php?rest_route=%2Fwp%2Fv2%2Fcomments&post=1071"}],"version-history":[{"count":1,"href":"https:\/\/www.sante-pourtous.net\/index.php?rest_route=\/wp\/v2\/posts\/1071\/revisions"}],"predecessor-version":[{"id":1076,"href":"https:\/\/www.sante-pourtous.net\/index.php?rest_route=\/wp\/v2\/posts\/1071\/revisions\/1076"}],"wp:featuredmedia":[{"embeddable":true,"href":"https:\/\/www.sante-pourtous.net\/index.php?rest_route=\/wp\/v2\/media\/1072"}],"wp:attachment":[{"href":"https:\/\/www.sante-pourtous.net\/index.php?rest_route=%2Fwp%2Fv2%2Fmedia&parent=1071"}],"wp:term":[{"taxonomy":"category","embeddable":true,"href":"https:\/\/www.sante-pourtous.net\/index.php?rest_route=%2Fwp%2Fv2%2Fcategories&post=1071"},{"taxonomy":"post_tag","embeddable":true,"href":"https:\/\/www.sante-pourtous.net\/index.php?rest_route=%2Fwp%2Fv2%2Ftags&post=1071"}],"curies":[{"name":"wp","href":"https:\/\/api.w.org\/{rel}","templated":true}]}}