{"id":1083,"date":"2024-05-06T13:44:34","date_gmt":"2024-05-06T13:44:34","guid":{"rendered":"https:\/\/www.sante-pourtous.net\/?p=1083"},"modified":"2024-05-06T17:13:37","modified_gmt":"2024-05-06T17:13:37","slug":"les-premiers-aliments-ou-first-foods-pour-permettre-aux-enfants-de-6-a-23-mois-davoir-un-regime-alimentaire-diversifie","status":"publish","type":"post","link":"https:\/\/www.sante-pourtous.net\/?p=1083","title":{"rendered":"Les premiers aliments ou \u00ab\u00a0First Foods\u00a0\u00bb pour permettre aux enfants de 6 \u00e0 23 mois d\u2019avoir un r\u00e9gime alimentaire diversifi\u00e9"},"content":{"rendered":"\n<p><strong><em>L\u2019initiative \u00ab&nbsp;First Foods&nbsp;\u00bb ou les premiers aliments \u00ab&nbsp;va cr\u00e9er un changement transformationnel pour permettre l\u2019acc\u00e8s aux aliments nutritifs et diversifi\u00e9s les plus n\u00e9cessaires \u00e0 chaque jeune enfant dans tous les contextes.&nbsp;\u00bb En vue de susciter l\u2019engagement et l\u2019implication de toutes les parties prenantes du syst\u00e8me alimentaire pour permettre cette transformation, la Direction de la nutrition avec l\u2019appui technique et financier de l\u2019UNICEF a organis\u00e9 ce lundi 6 mai 2024, un atelier de restitution des conclusions et recommandations du Business Forum sur les premiers aliments, tenu \u00e0 Cotonou du 12 au 14 septembre 2023.<\/em><\/strong><\/p>\n\n\n\n<p>L\u2019objectif de la rencontre de Cotonou \u00e9tait de contribuer \u00e0 la transformation du syst\u00e8me alimentaire afin de s&rsquo;assurer qu&rsquo;il r\u00e9ponde aux besoins nutritionnels des enfants en Afrique de l&rsquo;Ouest et du Centre. Cette transformation se veut garante d\u2019\u00e9quit\u00e9 pour que tous les jeunes enfants jouissent de leur droit \u00e0 une alimentation vari\u00e9e, \u00e9quilibr\u00e9e, et de qualit\u00e9 en catalysant \u00e9galement les int\u00e9r\u00eats et les actions de chacun pour r\u00e9duire la pauvret\u00e9 alimentaire des enfants. L\u2019UNICEF \u00e0 travers cette initiative entend aussi s\u2019assurer que les petites unit\u00e9s de transformation puissent produire, \u00e9couler et couvrir l\u2019ensemble du territoire burkinab\u00e8.<\/p>\n\n\n\n<figure class=\"wp-block-image size-large\"><img loading=\"lazy\" decoding=\"async\" width=\"1024\" height=\"461\" src=\"https:\/\/www.sante-pourtous.net\/wp-content\/uploads\/2024\/05\/IMG_20240506_102624_423-1024x461.jpg\" alt=\"\" class=\"wp-image-1085\" srcset=\"https:\/\/www.sante-pourtous.net\/wp-content\/uploads\/2024\/05\/IMG_20240506_102624_423-1024x461.jpg 1024w, https:\/\/www.sante-pourtous.net\/wp-content\/uploads\/2024\/05\/IMG_20240506_102624_423-300x135.jpg 300w, https:\/\/www.sante-pourtous.net\/wp-content\/uploads\/2024\/05\/IMG_20240506_102624_423-768x346.jpg 768w, https:\/\/www.sante-pourtous.net\/wp-content\/uploads\/2024\/05\/IMG_20240506_102624_423-1536x691.jpg 1536w, https:\/\/www.sante-pourtous.net\/wp-content\/uploads\/2024\/05\/IMG_20240506_102624_423-2048x922.jpg 2048w, https:\/\/www.sante-pourtous.net\/wp-content\/uploads\/2024\/05\/IMG_20240506_102624_423-650x293.jpg 650w, https:\/\/www.sante-pourtous.net\/wp-content\/uploads\/2024\/05\/IMG_20240506_102624_423-310x140.jpg 310w, https:\/\/www.sante-pourtous.net\/wp-content\/uploads\/2024\/05\/IMG_20240506_102624_423-150x68.jpg 150w\" sizes=\"auto, (max-width: 1024px) 100vw, 1024px\" \/><\/figure>\n\n\n\n<p><strong><em>De gauche \u00e0 droite, H\u00e9l\u00e8ne Ou\u00e9draogo\/DN, Boureima Dissan Gnoumou\/DGSHP et Aissa Soumana\/UNICEF<\/em><\/strong><\/p>\n\n\n\n<p>Il s\u2019est agi concr\u00e8tement donc, d\u2019\u00e9tablir des partenariats pour adopter des normes r\u00e9gionales qui r\u00e9pondent aux besoins nutritionnels des jeunes enfants et de s&rsquo;assurer de l&rsquo;engagement des partenaires, en particulier des petites et moyennes entreprises (PME) et des gouvernements, pour am\u00e9liorer la production et l&rsquo;acc\u00e8s \u00e0 des aliments sains pour les jeunes enfants.<\/p>\n\n\n\n<p>Des r\u00e9sultats cl\u00e9s, on retient que le \u00ab First Foods \u00bb Business Forum a permis d\u2019identifier les voies n\u00e9cessaires pour surmonter les d\u00e9fis qui peuvent inhiber la transformation du syst\u00e8me alimentaire en vue d&rsquo;am\u00e9liorer l&rsquo;alimentation des jeunes enfants en Afrique de l&rsquo;Ouest et du Centre.<\/p>\n\n\n\n<figure class=\"wp-block-video\"><video height=\"720\" style=\"aspect-ratio: 1280 \/ 720;\" width=\"1280\" autoplay controls src=\"https:\/\/www.sante-pourtous.net\/wp-content\/uploads\/2024\/05\/HELENE-DN.mp4\"><\/video><\/figure>\n\n\n\n<p>La rencontre de Cotonou n\u2019est que la suite logique d\u2019une pr\u00e9c\u00e9dente tenue \u00e0 Dakar au S\u00e9n\u00e9gal les 21 et 22 septembre 2022. De ces deux rencontres, le Burkina peut s\u2019inspirer des exp\u00e9riences telles que l\u2019organisation et l\u2019appui des PME pour la production des aliments de compl\u00e9ment sains et nutritifs&nbsp;; la tenue d\u2019un atelier de r\u00e9flexion sur l\u2019alimentation de compl\u00e9ment des enfants de 6 \u00e0 23 mois&nbsp;; l\u2019\u00e9laboration d\u2019un plan op\u00e9rationnelle pour la mise en \u0153uvre de la strat\u00e9gie de communication pour le changement social et comportemental en faveur de la diversification alimentaire chez les enfants de 6-23 mois au Burkina Faso&nbsp;; la mise en \u0153uvre de la suppl\u00e9mentation des enfants par les MNPs\/SQ-LNS.<\/p>\n\n\n\n<p>Les participants \u00e0 cette rencontre de restitution ont unanimement salu\u00e9 l\u2019initiative et invit\u00e9 \u00e0 davantage d\u2019accompagnement pour des issues d\u2019\u00e9coulement des productions alimentaire. Il a \u00e9t\u00e9 \u00e9galement demand\u00e9 aux acteurs travaillant dans l\u2019alimentation de compl\u00e9ment de se donner la main pour d\u00e9velopper une bonne alimentation des enfants de 6 \u00e0 23 mois. En effet, cette initiative favorisera l\u2019innovation, l\u2019engagement et l\u2019esprit entrepreneurial de micro, petites et moyennes entreprises, des agriculteurs aux d\u00e9taillants ainsi que le d\u00e9veloppement des activit\u00e9s de changement social et de comportement.<\/p>\n","protected":false},"excerpt":{"rendered":"<p>L\u2019initiative \u00ab&nbsp;First Foods&nbsp;\u00bb ou les premiers aliments \u00ab&nbsp;va cr\u00e9er un changement transformationnel pour permettre l\u2019acc\u00e8s aux aliments nutritifs et diversifi\u00e9s les plus n\u00e9cessaires \u00e0 chaque jeune enfant dans tous les contextes.&nbsp;\u00bb En vue de susciter l\u2019engagement et l\u2019implication de toutes les parties prenantes du syst\u00e8me alimentaire pour permettre cette transformation, la Direction de la nutrition<\/p>\n","protected":false},"author":3,"featured_media":1084,"comment_status":"open","ping_status":"open","sticky":false,"template":"","format":"standard","meta":{"footnotes":""},"categories":[3,6,14,5],"tags":[],"class_list":["post-1083","post","type-post","status-publish","format-standard","has-post-thumbnail","hentry","category-actualite","category-alimentation","category-nutrition","category-sante"],"_links":{"self":[{"href":"https:\/\/www.sante-pourtous.net\/index.php?rest_route=\/wp\/v2\/posts\/1083","targetHints":{"allow":["GET"]}}],"collection":[{"href":"https:\/\/www.sante-pourtous.net\/index.php?rest_route=\/wp\/v2\/posts"}],"about":[{"href":"https:\/\/www.sante-pourtous.net\/index.php?rest_route=\/wp\/v2\/types\/post"}],"author":[{"embeddable":true,"href":"https:\/\/www.sante-pourtous.net\/index.php?rest_route=\/wp\/v2\/users\/3"}],"replies":[{"embeddable":true,"href":"https:\/\/www.sante-pourtous.net\/index.php?rest_route=%2Fwp%2Fv2%2Fcomments&post=1083"}],"version-history":[{"count":3,"href":"https:\/\/www.sante-pourtous.net\/index.php?rest_route=\/wp\/v2\/posts\/1083\/revisions"}],"predecessor-version":[{"id":1092,"href":"https:\/\/www.sante-pourtous.net\/index.php?rest_route=\/wp\/v2\/posts\/1083\/revisions\/1092"}],"wp:featuredmedia":[{"embeddable":true,"href":"https:\/\/www.sante-pourtous.net\/index.php?rest_route=\/wp\/v2\/media\/1084"}],"wp:attachment":[{"href":"https:\/\/www.sante-pourtous.net\/index.php?rest_route=%2Fwp%2Fv2%2Fmedia&parent=1083"}],"wp:term":[{"taxonomy":"category","embeddable":true,"href":"https:\/\/www.sante-pourtous.net\/index.php?rest_route=%2Fwp%2Fv2%2Fcategories&post=1083"},{"taxonomy":"post_tag","embeddable":true,"href":"https:\/\/www.sante-pourtous.net\/index.php?rest_route=%2Fwp%2Fv2%2Ftags&post=1083"}],"curies":[{"name":"wp","href":"https:\/\/api.w.org\/{rel}","templated":true}]}}