{"id":1109,"date":"2024-05-26T07:27:41","date_gmt":"2024-05-26T07:27:41","guid":{"rendered":"https:\/\/www.sante-pourtous.net\/?p=1109"},"modified":"2024-05-26T07:27:42","modified_gmt":"2024-05-26T07:27:42","slug":"prix-de-transfert-dans-le-domaine-minier-le-cera-fp-invite-le-gouvernement-a-relire-tous-les-contrats-pour-les-adapter-aux-dispositions-du-nouveau-code-minier-2015","status":"publish","type":"post","link":"https:\/\/www.sante-pourtous.net\/?p=1109","title":{"rendered":"Prix de transfert dans le domaine minier\u00a0: \u00a0le CERA-FP invite le gouvernement \u00e0 relire tous les contrats pour les adapter aux dispositions du nouveau code minier 2015"},"content":{"rendered":"\n<p><strong><em>Le Centre d\u2019\u00c9tude et de Recherche Appliqu\u00e9e en Finances Publiques (CERA-FP) estime qu\u2019\u00ab\u00a0une chose est de pouvoir mobiliser les recettes mais une autre chose est la bonne gestion de ces recettes au profit de l\u2019ensemble de la population burkinab\u00e8 en g\u00e9n\u00e9ral et les populations des communes mini\u00e8res en particulier.\u00a0\u00bb C\u2019est du moins ce qui ressort du rapport de l\u2019\u00e9tude sur les politiques fiscales et les prix de transfert dans le domaine minier que l\u2019institution a soumis pour validation le 23 mai 2024 \u00e0 Ouagadougou. L\u2019objectif \u00e9tant de mettre le doigt sur la progressivit\u00e9 des politiques fiscales et de doter les OSC d\u2019\u00e9l\u00e9ments de preuves scientifiques sur les prix de transfert et leurs effets sur les ressources budg\u00e9taires de l\u2019Etat.\u00a0<\/em><\/strong><\/p>\n\n\n\n<figure class=\"wp-block-image size-full\"><img loading=\"lazy\" decoding=\"async\" width=\"605\" height=\"272\" src=\"https:\/\/www.sante-pourtous.net\/wp-content\/uploads\/2024\/05\/Image1-1.jpg\" alt=\"\" class=\"wp-image-1111\" srcset=\"https:\/\/www.sante-pourtous.net\/wp-content\/uploads\/2024\/05\/Image1-1.jpg 605w, https:\/\/www.sante-pourtous.net\/wp-content\/uploads\/2024\/05\/Image1-1-300x135.jpg 300w, https:\/\/www.sante-pourtous.net\/wp-content\/uploads\/2024\/05\/Image1-1-310x139.jpg 310w, https:\/\/www.sante-pourtous.net\/wp-content\/uploads\/2024\/05\/Image1-1-150x67.jpg 150w\" sizes=\"auto, (max-width: 605px) 100vw, 605px\" \/><\/figure>\n\n\n\n<p>Les politiques fiscales bien con\u00e7ues dans le secteur minier devraient permettre au gouvernement de collecter des revenus significatifs, voire\u00a0 essentiels pour financer les services publics et les infrastructures vitales. En effet, les prix de transfert \u00e9quitables jouent un r\u00f4le crucial en pr\u00e9venant l&rsquo;\u00e9vasion fiscale, assurant ainsi que les entreprises paient leur juste part d&rsquo;imp\u00f4ts. En outre, des politiques fiscales claires et justes peuvent attirer davantage d&rsquo;investissements \u00e9trangers dans le secteur minier, stimulant ainsi l&rsquo;\u00e9conomie locale. Mais est-ce le cas au Burkina Faso ? L&rsquo;\u00e9tude sur les politiques fiscales et les prix de transfert dans le secteur minier du Burkina Faso initi\u00e9e par le CERA-FP avec l\u2019accompagnement de l\u2019ONG OXFAM apporte des \u00e9l\u00e9ments de r\u00e9ponse \u00e0 travers le projet <em>\u00ab Renforcement des bonnes pratiques et des mobilisations citoyennes en faveur de politiques publiques adapt\u00e9es \u00e0 la r\u00e9duction des in\u00e9galit\u00e9s au Sahel. \u00bb<\/em><\/p>\n\n\n\n<figure class=\"wp-block-image size-full\"><img loading=\"lazy\" decoding=\"async\" width=\"605\" height=\"340\" src=\"https:\/\/www.sante-pourtous.net\/wp-content\/uploads\/2024\/05\/Image2.jpg\" alt=\"\" class=\"wp-image-1112\" srcset=\"https:\/\/www.sante-pourtous.net\/wp-content\/uploads\/2024\/05\/Image2.jpg 605w, https:\/\/www.sante-pourtous.net\/wp-content\/uploads\/2024\/05\/Image2-300x169.jpg 300w, https:\/\/www.sante-pourtous.net\/wp-content\/uploads\/2024\/05\/Image2-534x300.jpg 534w, https:\/\/www.sante-pourtous.net\/wp-content\/uploads\/2024\/05\/Image2-310x174.jpg 310w, https:\/\/www.sante-pourtous.net\/wp-content\/uploads\/2024\/05\/Image2-150x84.jpg 150w\" sizes=\"auto, (max-width: 605px) 100vw, 605px\" \/><\/figure>\n\n\n\n<p><em><strong>Lina Gnoumou, charg\u00e9e de programme\/CERA-FP<\/strong><\/em><\/p>\n\n\n\n<p>Les r\u00e9sultats de cette \u00e9tude r\u00e9v\u00e8lent que depuis 2015, des reformes importantes ont \u00e9t\u00e9 entreprises en vue d\u2019am\u00e9liorer les recettes mini\u00e8res au Burkina. Le nouveau Code minier qui a \u00e9t\u00e9 port\u00e9 par les acteurs de la soci\u00e9t\u00e9 civile est l\u2019une des r\u00e9formes majeures selon les acteurs. En effet, ce code minier a r\u00e9duit certains avantages accord\u00e9s aux soci\u00e9t\u00e9s mini\u00e8res tels que le taux de retenue \u00e0 la source sur les prestations \u00e9trang\u00e8res, le taux de l\u2019IS ramen\u00e9 au taux de droit commun pour les soci\u00e9t\u00e9s mini\u00e8res en phase d\u2019exploitation. En plus de ces r\u00e9ductions d\u2019avantages, il y a eu la cr\u00e9ation du Fonds minier de d\u00e9veloppement local. Ce fonds est cens\u00e9 apporter un changement positif en termes de d\u00e9veloppement des communes mini\u00e8res. <em>\u00ab\u00a0Mais malheureusement, il tarde \u00e0 se mettre en place bien que le gouvernement affirme le contraire\u00a0\u00bb<\/em>, constate le CERA-FP.<\/p>\n\n\n\n<figure class=\"wp-block-embed is-type-video is-provider-youtube wp-block-embed-youtube wp-embed-aspect-16-9 wp-has-aspect-ratio\"><div class=\"wp-block-embed__wrapper\">\n<iframe loading=\"lazy\" title=\"Lina Gnoumou, Charg\u00e9e de programme au CERA-FP\" width=\"960\" height=\"540\" src=\"https:\/\/www.youtube.com\/embed\/EEk7JkQ6IwA?feature=oembed\" frameborder=\"0\" allow=\"accelerometer; autoplay; clipboard-write; encrypted-media; gyroscope; picture-in-picture; web-share\" referrerpolicy=\"strict-origin-when-cross-origin\" allowfullscreen><\/iframe>\n<\/div><\/figure>\n\n\n\n<p>Le code des imp\u00f4ts adopt\u00e9 en fin 2017offre de nouvelles possibilit\u00e9s \u00e0 l\u2019administration fiscale de mieux contr\u00f4ler les activit\u00e9s des soci\u00e9t\u00e9s mini\u00e8res, de contr\u00f4ler les pratiques des prix de transfert par les compagnies mini\u00e8res et surtout de limiter les sp\u00e9culations abusives des titres miniers. <em>\u00ab&nbsp;Apr\u00e8s, le probl\u00e8me de la bonne gestion des recettes mini\u00e8res pourrait se poser. Parce qu\u2019une chose est de pouvoir mobiliser les recettes et une chose est la bonne gestion de ces recettes au profit de l\u2019ensemble de la population burkinab\u00e8 en g\u00e9n\u00e9ral et les populations des communes mini\u00e8res en particulier&nbsp;\u00bb,<\/em> fait remarquer le CERA-FP.<\/p>\n\n\n\n<figure class=\"wp-block-image size-full\"><img loading=\"lazy\" decoding=\"async\" width=\"605\" height=\"272\" src=\"https:\/\/www.sante-pourtous.net\/wp-content\/uploads\/2024\/05\/Image4.jpg\" alt=\"\" class=\"wp-image-1113\" srcset=\"https:\/\/www.sante-pourtous.net\/wp-content\/uploads\/2024\/05\/Image4.jpg 605w, https:\/\/www.sante-pourtous.net\/wp-content\/uploads\/2024\/05\/Image4-300x135.jpg 300w, https:\/\/www.sante-pourtous.net\/wp-content\/uploads\/2024\/05\/Image4-310x139.jpg 310w, https:\/\/www.sante-pourtous.net\/wp-content\/uploads\/2024\/05\/Image4-150x67.jpg 150w\" sizes=\"auto, (max-width: 605px) 100vw, 605px\" \/><\/figure>\n\n\n\n<p><strong><em>Ouss\u00e9ni Kagambega, fiscaliste et membre de l&rsquo;Association professionnelle des experts et conseils fiscaux du Burkina<\/em><\/strong><\/p>\n\n\n\n<p>Selon le CERA-FP, c\u2019est sur cet axe de la bonne gouvernance des ressources financi\u00e8res mini\u00e8res que la soci\u00e9t\u00e9 civile doit jouer pleinement son r\u00f4le de veille citoyenne en contraignant le gouvernement \u00e0 la reddition des comptes.<\/p>\n\n\n\n<figure class=\"wp-block-video\"><video height=\"720\" style=\"aspect-ratio: 1280 \/ 720;\" width=\"1280\" controls src=\"https:\/\/www.sante-pourtous.net\/wp-content\/uploads\/2024\/05\/Consultant.mp4\"><\/video><\/figure>\n\n\n\n<figure class=\"wp-block-pullquote\"><blockquote><p><strong>Relire tous les contrats miniers existants avant l\u2019adoption du code de 2015\u00a0<\/strong><\/p><\/blockquote><\/figure>\n\n\n\n<p>Le CERA-FP recommande donc au gouvernement entre autres, de relire tous les contrats miniers existants pour les adapter aux dispositions du nouveau code de 2015&nbsp;; de mentionner clairement dans ces contrats miniers l\u2019obligation des soci\u00e9t\u00e9s mini\u00e8res de participer au fonds minier de d\u00e9veloppement local&nbsp;; d\u2019assurer aux communaut\u00e9s affect\u00e9es par les op\u00e9rations mini\u00e8res, un acc\u00e8s aux informations pertinentes&nbsp;; de s\u2019assurer que les compagnies respectent leurs engagements en termes de recrutement et de formation en priorisant le personnel national afin de permettre l\u2019accession des citoyens burkinab\u00e8 \u00e0 tous les emplois en rapport avec leurs qualifications professionnelles&nbsp;; de l\u00e9galiser l\u2019exploitation des mines artisanales, le cas \u00e9ch\u00e9ant, afin de les rendre viables et rentables \u00e9conomiquement pour les m\u00e9nages, les entit\u00e9s locales et le pays&nbsp;; de prot\u00e9ger et am\u00e9liorer les droits communautaires afin de garantir que les augmentations rapides de l\u2019investissement foncier n\u2019entra\u00eenent pas le d\u00e9placement des citoyens ni une \u00e9rosion accrue des opportunit\u00e9s de croissance \u00e9quitables.&nbsp;<\/p>\n\n\n\n<p><strong><em>Cath\u00e9rine Kouraogo<\/em><\/strong><\/p>\n","protected":false},"excerpt":{"rendered":"<p>Le Centre d\u2019\u00c9tude et de Recherche Appliqu\u00e9e en Finances Publiques (CERA-FP) estime qu\u2019\u00ab\u00a0une chose est de pouvoir mobiliser les recettes mais une autre chose est la bonne gestion de ces recettes au profit de l\u2019ensemble de la population burkinab\u00e8 en g\u00e9n\u00e9ral et les populations des communes mini\u00e8res en particulier.\u00a0\u00bb C\u2019est du moins ce qui ressort<\/p>\n","protected":false},"author":3,"featured_media":1110,"comment_status":"open","ping_status":"open","sticky":false,"template":"","format":"standard","meta":{"footnotes":""},"categories":[3],"tags":[],"class_list":["post-1109","post","type-post","status-publish","format-standard","has-post-thumbnail","hentry","category-actualite"],"_links":{"self":[{"href":"https:\/\/www.sante-pourtous.net\/index.php?rest_route=\/wp\/v2\/posts\/1109","targetHints":{"allow":["GET"]}}],"collection":[{"href":"https:\/\/www.sante-pourtous.net\/index.php?rest_route=\/wp\/v2\/posts"}],"about":[{"href":"https:\/\/www.sante-pourtous.net\/index.php?rest_route=\/wp\/v2\/types\/post"}],"author":[{"embeddable":true,"href":"https:\/\/www.sante-pourtous.net\/index.php?rest_route=\/wp\/v2\/users\/3"}],"replies":[{"embeddable":true,"href":"https:\/\/www.sante-pourtous.net\/index.php?rest_route=%2Fwp%2Fv2%2Fcomments&post=1109"}],"version-history":[{"count":1,"href":"https:\/\/www.sante-pourtous.net\/index.php?rest_route=\/wp\/v2\/posts\/1109\/revisions"}],"predecessor-version":[{"id":1115,"href":"https:\/\/www.sante-pourtous.net\/index.php?rest_route=\/wp\/v2\/posts\/1109\/revisions\/1115"}],"wp:featuredmedia":[{"embeddable":true,"href":"https:\/\/www.sante-pourtous.net\/index.php?rest_route=\/wp\/v2\/media\/1110"}],"wp:attachment":[{"href":"https:\/\/www.sante-pourtous.net\/index.php?rest_route=%2Fwp%2Fv2%2Fmedia&parent=1109"}],"wp:term":[{"taxonomy":"category","embeddable":true,"href":"https:\/\/www.sante-pourtous.net\/index.php?rest_route=%2Fwp%2Fv2%2Fcategories&post=1109"},{"taxonomy":"post_tag","embeddable":true,"href":"https:\/\/www.sante-pourtous.net\/index.php?rest_route=%2Fwp%2Fv2%2Ftags&post=1109"}],"curies":[{"name":"wp","href":"https:\/\/api.w.org\/{rel}","templated":true}]}}