{"id":1207,"date":"2024-06-29T08:29:52","date_gmt":"2024-06-29T08:29:52","guid":{"rendered":"https:\/\/www.sante-pourtous.net\/?p=1207"},"modified":"2024-06-29T08:29:53","modified_gmt":"2024-06-29T08:29:53","slug":"depenses-publiques-de-2020-2023-seulement-1024-de-depenses-executees-par-an-sur-les-previsions-du-ministere-en-charge-de-la-sante-selon-une-enquete-du-cera-fp","status":"publish","type":"post","link":"https:\/\/www.sante-pourtous.net\/?p=1207","title":{"rendered":"D\u00e9penses publiques\u00a0de 2020-2023 : seulement 10,24% de d\u00e9penses ex\u00e9cut\u00e9es par an sur les pr\u00e9visions du minist\u00e8re en charge de la Sant\u00e9 selon une enqu\u00eate du CERA-FP"},"content":{"rendered":"\n<p><em>Le<strong> Centre d\u2019\u00e9tudes et de recherche appliqu\u00e9e en finances publiques (CERA-FP) a organis\u00e9 un atelier de validation de l&rsquo;enqu\u00eate de satisfaction sur les d\u00e9penses publiques ce jeudi 27 juin 2024 \u00e0 Ouagadougou. De cette enqu\u00eate, il ressort que les populations burkinab\u00e8 sont globalement satisfaites de la d\u00e9pense publique de 2020-2023. Toutefois, seulement 10,24% de d\u00e9penses ont \u00e9t\u00e9 ex\u00e9cut\u00e9es sur les pr\u00e9visions du minist\u00e8re de la Sant\u00e9 et de l\u2019Hygi\u00e8ne publique. Un taux qui mat\u00e9rialise le non-respect de l\u2019engagement<br>national d\u2019allocation de 12,7% des d\u00e9penses totales de l\u2019Etat par an.<\/strong><\/em><\/p>\n\n\n\n<p>Cette analyse qui a couvert la p\u00e9riode<br>2020-2023 a concern\u00e9 quatre secteurs sociaux de base \u00e0 savoir l\u2019\u00e9ducation, la sant\u00e9,<br>l\u2019eau et assainissement et l\u2019agriculture. Selon le secr\u00e9taire ex\u00e9cutif du CERA-FP,&nbsp;Hermann Doanio, il \u00e9tait question de voir dans quelle mesure le cadre g\u00e9n\u00e9ral des d\u00e9penses publiques est ficel\u00e9 sur le plan juridique, mais aussi sur le plan du cadre normatif. \u00ab&nbsp;<em>Aujourd\u2019hui avec l\u2019engagement des plus hautes autorit\u00e9s, nous constatons que les gens sont assez satisfaits des r\u00e9alisations de l\u2019\u00c9tat<\/em> \u00bb, a-t-il fait savoir. Il ressort de cette analyse que de fa\u00e7on globale, le cadre juridique des d\u00e9penses publiques s\u2019est<br>renforc\u00e9 avec l\u2019impl\u00e9mentation du budget programme depuis 2017.<\/p>\n\n\n\n<figure class=\"wp-block-image size-full\"><img loading=\"lazy\" decoding=\"async\" width=\"605\" height=\"340\" src=\"https:\/\/www.sante-pourtous.net\/wp-content\/uploads\/2024\/06\/Image3-1.jpg\" alt=\"\" class=\"wp-image-1209\" srcset=\"https:\/\/www.sante-pourtous.net\/wp-content\/uploads\/2024\/06\/Image3-1.jpg 605w, https:\/\/www.sante-pourtous.net\/wp-content\/uploads\/2024\/06\/Image3-1-300x169.jpg 300w, https:\/\/www.sante-pourtous.net\/wp-content\/uploads\/2024\/06\/Image3-1-534x300.jpg 534w, https:\/\/www.sante-pourtous.net\/wp-content\/uploads\/2024\/06\/Image3-1-310x174.jpg 310w, https:\/\/www.sante-pourtous.net\/wp-content\/uploads\/2024\/06\/Image3-1-150x84.jpg 150w\" sizes=\"auto, (max-width: 605px) 100vw, 605px\" \/><\/figure>\n\n\n\n<p><strong><em>Hermann Doanio, secr\u00e9taire ex\u00e9cutif\/CERA-FP<\/em><\/strong><\/p>\n\n\n\n<p>N\u00e9anmoins, l\u2019insuffisance de transparence et la participation citoyenne r\u00e9duisent la qualit\u00e9 de la d\u00e9pense publique.\u00a0En consid\u00e9rant les minist\u00e8res d\u2019int\u00e9r\u00eat de l\u2019analyse, le budget allou\u00e9 au minist\u00e8re en charge de<br>l\u2019\u00e9ducation nationale a \u00e9t\u00e9 ex\u00e9cut\u00e9 en moyenne 525,383 milliards de francs CFA par an \u00a0 sur une pr\u00e9vision moyenne de 539,125 milliards de francs CFA par an, soit un taux d\u2019ex\u00e9cution moyen annuel de 97% sur la p\u00e9riode sous revue. Les d\u00e9penses consacr\u00e9es au MENAPLN ex\u00e9cut\u00e9es repr\u00e9sentent 18,78% des d\u00e9penses totales de l\u2019Etat ex\u00e9cut\u00e9es d\u2019o\u00f9 le respect de l\u2019engagement national de 15,6% du budget \u00e0 allouer \u00e0 ce minist\u00e8re.<\/p>\n\n\n\n<p>Toutefois, la crise s\u00e9curitaire et humanitaire que connait le pays impacte n\u00e9gativement sur l\u2019\u00e9volution des<br>indicateurs de l\u2019\u00e9ducation<em>. <\/em>En ce qui concerne le secteur de la sant\u00e9, il a laiss\u00e9 entendre que le budget allou\u00e9 a \u00e9t\u00e9 ex\u00e9cut\u00e9 en moyenne par an de 284,65 milliards de francs CFA sur une pr\u00e9vision moyenne de 301,038 milliards de francs CFA, soit un taux d\u2019ex\u00e9cution moyen annuel de 95% sur la p\u00e9riode sous revue.\u00a0En outre, les d\u00e9penses ex\u00e9cut\u00e9es du minist\u00e8re en charge de la sant\u00e9 repr\u00e9sentent en moyenne par an 10,24% des d\u00e9penses totales ex\u00e9cut\u00e9es de l\u2019Etat. Ce taux mat\u00e9rialise le non-respect de l\u2019engagement national d\u2019allocation de 12,7% des d\u00e9penses totales de l\u2019Etat par an. De plus, le contexte s\u00e9curitaire et humanitaire d\u00e9l\u00e9t\u00e8re entrave l\u2019atteinte des r\u00e9sultats en mati\u00e8re de sant\u00e9.<br><\/p>\n\n\n\n<figure class=\"wp-block-image size-full\"><img loading=\"lazy\" decoding=\"async\" width=\"605\" height=\"272\" src=\"https:\/\/www.sante-pourtous.net\/wp-content\/uploads\/2024\/06\/Image2-1.jpg\" alt=\"\" class=\"wp-image-1210\" srcset=\"https:\/\/www.sante-pourtous.net\/wp-content\/uploads\/2024\/06\/Image2-1.jpg 605w, https:\/\/www.sante-pourtous.net\/wp-content\/uploads\/2024\/06\/Image2-1-300x135.jpg 300w, https:\/\/www.sante-pourtous.net\/wp-content\/uploads\/2024\/06\/Image2-1-310x139.jpg 310w, https:\/\/www.sante-pourtous.net\/wp-content\/uploads\/2024\/06\/Image2-1-150x67.jpg 150w\" sizes=\"auto, (max-width: 605px) 100vw, 605px\" \/><\/figure>\n\n\n\n<p>Pour le secteur de l\u2019eau et assainissement, le budget allou\u00e9 a \u00e9t\u00e9 ex\u00e9cut\u00e9 en moyenne par an de<br>46,427 milliards de francs CFA sur une pr\u00e9vision annuelle moyenne de 55,832 milliards de<br>francs CFA donnant un taux d\u2019ex\u00e9cution moyen annuel de 84% sur la p\u00e9riode sous revue.\u00a0Ce taux d\u2019ex\u00e9cution est tr\u00e8s satisfaisant selon le CERA-FP. <em>\u00ab\u00a0Toutefois, les indicateurs du secteur sont en baisse.<br>Cela pourrait se justifier par la crise s\u00e9curitaire et humanitaire\u00a0\u00bb,<\/em> indique le centre.\u00a0 Le budget allou\u00e9 au minist\u00e8re en charge de l\u2019agriculture a \u00e9t\u00e9 ex\u00e9cut\u00e9 en moyenne par an de 112,411 milliards de francs CFA sur une pr\u00e9vision moyenne par an de 140,992 milliards de francs CFA affichant ainsi un taux d\u2019ex\u00e9cution annuel moyen de 80% sur la p\u00e9riode sous revue. Ce taux d\u2019ex\u00e9cution des d\u00e9penses consacr\u00e9 au minist\u00e8re en charge de l\u2019agriculture est<br>satisfaisant. Toutefois, la part annuelle moyenne des d\u00e9penses du minist\u00e8re en charge de l\u2019agriculture (4% des d\u00e9penses totales ex\u00e9cut\u00e9es de l\u2019Etat) est moins de la moiti\u00e9 de l\u2019engagement de 10% du budget national \u00e0 allouer au secteur de l\u2019agriculture. Cette situation pourrait contribuer \u00e0 aggraver l\u2019ins\u00e9curit\u00e9 alimentaire du pays.\u00a0 Pour ces minist\u00e8res concern\u00e9s, le secr\u00e9taire ex\u00e9cutif a signal\u00e9 que les populations sont moyennement satisfaites. <em>\u00ab\u00a0Pour preuve, elles disent qu\u2019il y a une certaine opacit\u00e9 dans la gestion des d\u00e9penses publiques, parce qu&rsquo;il n&rsquo;y a pas de m\u00e9canisme clair, par rapport \u00e0 la participation citoyenne.\u00a0 Aussi les diff\u00e9rentes actions politiques d\u00e9finies, qui contribuent \u00e0 l&rsquo;am\u00e9lioration de leur v\u00e9cu quotidien, ne sont pas souvent mis en \u0153uvre de la bonne mani\u00e8re, parce qu&rsquo;elles jugent que les d\u00e9lais administratifs ne sont pas suffisants.\u00a0\u00bb, <\/em>a-t-il expliqu\u00e9<em>.<\/em><\/p>\n\n\n\n<p>A entendre Herman Doanio, pour ce qui est des acquisitions, il y a encore des efforts \u00e0 faire, mais pour ce qui est des r\u00e9alisations d\u2019investissement sur des infrastructures routi\u00e8res et autres, les populations sont satisfaites.<\/p>\n\n\n\n<figure class=\"wp-block-embed is-type-video is-provider-youtube wp-block-embed-youtube wp-embed-aspect-16-9 wp-has-aspect-ratio\"><div class=\"wp-block-embed__wrapper\">\n<iframe loading=\"lazy\" title=\"HERMANN\" width=\"960\" height=\"540\" src=\"https:\/\/www.youtube.com\/embed\/epfW0lD3j-M?feature=oembed\" frameborder=\"0\" allow=\"accelerometer; autoplay; clipboard-write; encrypted-media; gyroscope; picture-in-picture; web-share\" referrerpolicy=\"strict-origin-when-cross-origin\" allowfullscreen><\/iframe>\n<\/div><\/figure>\n\n\n\n<p>Au niveau de la transparence financi\u00e8re dans l\u2019ex\u00e9cution du budget, il a laiss\u00e9 entendre qu\u2019il y a des efforts qui sont faits, mais ces efforts doivent \u00eatre renforc\u00e9s. \u00ab&nbsp;<em>Toutes les \u00e9valuations montrent que le Burkina met \u00e0 la disposition du citoyen des informations minimales. Ce qui ne permet pas aux citoyens de contribuer que \u00e7a soit sur le plan fiscal que sur le plan de la proposition d\u2019actions conform\u00e9ment \u00e0 ses besoins.&nbsp;\u00bb, <\/em>a-t-il soutenu. Il ressort \u00e9galement de cette enqu\u00eate que le Burkina Faso n\u2019a pas de dispositif clair pour appeler \u00e0 la participation du citoyen dans les activit\u00e9s budg\u00e9taires. \u00ab&nbsp;<em>Ce qui veut dire que nous avons des politiques qui peuvent \u00eatre prises en otage par un groupe qu\u2019on peut appeler le gouvernement. Nous ne disons pas que c\u2019est voulu, mais il faut travailler \u00e0 associer cette population pour qu\u2019elle puisse dire de quoi elle a besoin&nbsp;<\/em>\u00bb, a-t-il relat\u00e9.<\/p>\n\n\n\n<p>Au regard des d\u00e9fis de d\u00e9veloppement du capital humain et du respect des engagements<br>internationaux dans les secteurs, des recommandations pour<br>accroitre les dotations au profit de la sant\u00e9, de l\u2019eau et assainissement et de l\u2019agriculture ont \u00e9t\u00e9 formul\u00e9es. Par<br>ailleurs, les capacit\u00e9s des OSC doivent \u00eatre renforc\u00e9es sur le budget et l\u2019analyse budg\u00e9taire pour<br>un suivi citoyen efficace du budget. Enfin, une strat\u00e9gie de plaidoyer et de lobbying doit \u00eatre<br>\u00e9labor\u00e9e pour influencer les affectations budg\u00e9taires. <em><\/em><\/p>\n\n\n\n<p><strong><em>Wendaabo Cath\u00e9rine KOURAOGO<\/em><\/strong><\/p>\n","protected":false},"excerpt":{"rendered":"<p>Le Centre d\u2019\u00e9tudes et de recherche appliqu\u00e9e en finances publiques (CERA-FP) a organis\u00e9 un atelier de validation de l&rsquo;enqu\u00eate de satisfaction sur les d\u00e9penses publiques ce jeudi 27 juin 2024 \u00e0 Ouagadougou. De cette enqu\u00eate, il ressort que les populations burkinab\u00e8 sont globalement satisfaites de la d\u00e9pense publique de 2020-2023. Toutefois, seulement 10,24% de d\u00e9penses<\/p>\n","protected":false},"author":3,"featured_media":1208,"comment_status":"open","ping_status":"open","sticky":false,"template":"","format":"standard","meta":{"footnotes":""},"categories":[3,5],"tags":[],"class_list":["post-1207","post","type-post","status-publish","format-standard","has-post-thumbnail","hentry","category-actualite","category-sante"],"_links":{"self":[{"href":"https:\/\/www.sante-pourtous.net\/index.php?rest_route=\/wp\/v2\/posts\/1207","targetHints":{"allow":["GET"]}}],"collection":[{"href":"https:\/\/www.sante-pourtous.net\/index.php?rest_route=\/wp\/v2\/posts"}],"about":[{"href":"https:\/\/www.sante-pourtous.net\/index.php?rest_route=\/wp\/v2\/types\/post"}],"author":[{"embeddable":true,"href":"https:\/\/www.sante-pourtous.net\/index.php?rest_route=\/wp\/v2\/users\/3"}],"replies":[{"embeddable":true,"href":"https:\/\/www.sante-pourtous.net\/index.php?rest_route=%2Fwp%2Fv2%2Fcomments&post=1207"}],"version-history":[{"count":1,"href":"https:\/\/www.sante-pourtous.net\/index.php?rest_route=\/wp\/v2\/posts\/1207\/revisions"}],"predecessor-version":[{"id":1211,"href":"https:\/\/www.sante-pourtous.net\/index.php?rest_route=\/wp\/v2\/posts\/1207\/revisions\/1211"}],"wp:featuredmedia":[{"embeddable":true,"href":"https:\/\/www.sante-pourtous.net\/index.php?rest_route=\/wp\/v2\/media\/1208"}],"wp:attachment":[{"href":"https:\/\/www.sante-pourtous.net\/index.php?rest_route=%2Fwp%2Fv2%2Fmedia&parent=1207"}],"wp:term":[{"taxonomy":"category","embeddable":true,"href":"https:\/\/www.sante-pourtous.net\/index.php?rest_route=%2Fwp%2Fv2%2Fcategories&post=1207"},{"taxonomy":"post_tag","embeddable":true,"href":"https:\/\/www.sante-pourtous.net\/index.php?rest_route=%2Fwp%2Fv2%2Ftags&post=1207"}],"curies":[{"name":"wp","href":"https:\/\/api.w.org\/{rel}","templated":true}]}}