{"id":1242,"date":"2024-07-20T09:53:28","date_gmt":"2024-07-20T09:53:28","guid":{"rendered":"https:\/\/www.sante-pourtous.net\/?p=1242"},"modified":"2024-07-20T09:53:30","modified_gmt":"2024-07-20T09:53:30","slug":"sortie-de-presse-en-faveur-dune-bonne-nutrition-au-burkina-la-direction-de-la-nutrition-satisfaite-de-linitiative-du-cjcn-sa","status":"publish","type":"post","link":"https:\/\/www.sante-pourtous.net\/?p=1242","title":{"rendered":"Sortie de presse en faveur d\u2019une bonne nutrition au Burkina\u00a0: la Direction de la Nutrition satisfaite de l\u2019initiative du CJCN-SA"},"content":{"rendered":"\n<p><strong><em>Au Burkina Faso, une femme sur deux est carenc\u00e9e, quatre enfants sur dix en \u00e2ge d\u2019aller \u00e0 l\u2019\u00e9cole ou au pr\u00e9scolaire souffrent de carences en micro nutriments. Ce sont autant d\u2019alerte que le Club des Journalistes et Communicateurs pour la Nutrition et la S\u00e9curit\u00e9 Alimentaire (CJCN-SA) veux contribuer \u00e0 solutionner. Elle a organis\u00e9 du 8 au 17 juillet 2024, une sortie de presse en collaboration avec l\u2019Alliance Nationale pour la Fortification (ANF) dans ce sens. Une sortie au terme de laquelle la Direction de la Nutrition a indiqu\u00e9 toute sa satisfaction.<\/em><\/strong><\/p>\n\n\n\n<figure class=\"wp-block-image size-large\"><img loading=\"lazy\" decoding=\"async\" width=\"1024\" height=\"682\" src=\"https:\/\/www.sante-pourtous.net\/wp-content\/uploads\/2024\/07\/WhatsApp-Image-2024-07-18-at-10.45.43-1024x682.jpeg\" alt=\"\" class=\"wp-image-1246\" srcset=\"https:\/\/www.sante-pourtous.net\/wp-content\/uploads\/2024\/07\/WhatsApp-Image-2024-07-18-at-10.45.43-1024x682.jpeg 1024w, https:\/\/www.sante-pourtous.net\/wp-content\/uploads\/2024\/07\/WhatsApp-Image-2024-07-18-at-10.45.43-300x200.jpeg 300w, https:\/\/www.sante-pourtous.net\/wp-content\/uploads\/2024\/07\/WhatsApp-Image-2024-07-18-at-10.45.43-768x512.jpeg 768w, https:\/\/www.sante-pourtous.net\/wp-content\/uploads\/2024\/07\/WhatsApp-Image-2024-07-18-at-10.45.43-1536x1023.jpeg 1536w, https:\/\/www.sante-pourtous.net\/wp-content\/uploads\/2024\/07\/WhatsApp-Image-2024-07-18-at-10.45.43-450x300.jpeg 450w, https:\/\/www.sante-pourtous.net\/wp-content\/uploads\/2024\/07\/WhatsApp-Image-2024-07-18-at-10.45.43-310x207.jpeg 310w, https:\/\/www.sante-pourtous.net\/wp-content\/uploads\/2024\/07\/WhatsApp-Image-2024-07-18-at-10.45.43-150x100.jpeg 150w, https:\/\/www.sante-pourtous.net\/wp-content\/uploads\/2024\/07\/WhatsApp-Image-2024-07-18-at-10.45.43.jpeg 1600w\" sizes=\"auto, (max-width: 1024px) 100vw, 1024px\" \/><\/figure>\n\n\n\n<p><strong><em>Les journalistes avec le gouverneur de la r\u00e9gion du Sud-Ouest, Boureima Savadogo<\/em><\/strong><\/p>\n\n\n\n<p>Durant 10 jours, une trentaine de journalistes et communicateurs ont parcourus les r\u00e9gions du Sud-Ouest, des Hauts-Bassins, du Centre-Nord et du Centre pour toucher du doigt les r\u00e9alit\u00e9s en mati\u00e8re de fortification des aliments, les besoins r\u00e9els des populations et sensibiliser les directeurs r\u00e9gionaux de l\u2019Education, de l\u2019Action sociale et humanitaire, de la Sant\u00e9 et d\u2019autres acteurs cl\u00e9s sur la n\u00e9cessit\u00e9 de prendre en compte les aliments fortifi\u00e9s dans l\u2019acquisition des vivres au profit des cantines scolaires, des Personnes d\u00e9plac\u00e9es internes (PDI) et de fa\u00e7on g\u00e9n\u00e9rale dans les restaurations collectives.<\/p>\n\n\n\n<figure class=\"wp-block-image size-large\"><img loading=\"lazy\" decoding=\"async\" width=\"1024\" height=\"682\" src=\"https:\/\/www.sante-pourtous.net\/wp-content\/uploads\/2024\/07\/5577de0a-0dfb-44a2-8942-2cfdbfb38da2-1024x682.jpg\" alt=\"\" class=\"wp-image-1247\" srcset=\"https:\/\/www.sante-pourtous.net\/wp-content\/uploads\/2024\/07\/5577de0a-0dfb-44a2-8942-2cfdbfb38da2-1024x682.jpg 1024w, https:\/\/www.sante-pourtous.net\/wp-content\/uploads\/2024\/07\/5577de0a-0dfb-44a2-8942-2cfdbfb38da2-300x200.jpg 300w, https:\/\/www.sante-pourtous.net\/wp-content\/uploads\/2024\/07\/5577de0a-0dfb-44a2-8942-2cfdbfb38da2-768x512.jpg 768w, https:\/\/www.sante-pourtous.net\/wp-content\/uploads\/2024\/07\/5577de0a-0dfb-44a2-8942-2cfdbfb38da2-1536x1023.jpg 1536w, https:\/\/www.sante-pourtous.net\/wp-content\/uploads\/2024\/07\/5577de0a-0dfb-44a2-8942-2cfdbfb38da2-450x300.jpg 450w, https:\/\/www.sante-pourtous.net\/wp-content\/uploads\/2024\/07\/5577de0a-0dfb-44a2-8942-2cfdbfb38da2-310x207.jpg 310w, https:\/\/www.sante-pourtous.net\/wp-content\/uploads\/2024\/07\/5577de0a-0dfb-44a2-8942-2cfdbfb38da2-150x100.jpg 150w, https:\/\/www.sante-pourtous.net\/wp-content\/uploads\/2024\/07\/5577de0a-0dfb-44a2-8942-2cfdbfb38da2.jpg 1600w\" sizes=\"auto, (max-width: 1024px) 100vw, 1024px\" \/><\/figure>\n\n\n\n<p><strong><em>Les journalistes avec Abraham Sondo, S\u00e9cretaire g\u00e9n\u00e9ral de la r\u00e9gion des Hauts Bassins, repr\u00e9sent du Gouverneur de la r\u00e9gion<\/em><\/strong><\/p>\n\n\n\n<p>Cette sortie de presse a permis aux hommes et femmes des m\u00e9dias d\u2019\u00e9changer avec les gouverneurs, les directeurs r\u00e9gionaux de l\u2019Education, de l\u2019Action sociale et humanitaire, de la Sant\u00e9 et d\u2019autres acteurs cl\u00e9s. De quoi r\u00e9jouir la Direction de la Nutrition qui \u00e0 travers cette caravane de presse dont elle est la cheville ouvri\u00e8re, entend sensibiliser les diff\u00e9rents acteurs et permettre aux journalistes et communicateurs de sensibiliser davantage les populations \u00e0 travers leurs productions journalistiques. En t\u00e9moigne le Colonel-Major Zo\u00e9wendman\u00e9go Blaise Ou\u00e9draogo, Gouverneur de la r\u00e9gion du centre- nord pour qui, les fruits de cette initiative ne seront per\u00e7us que plusieurs ann\u00e9es apr\u00e8s. Il invite d\u2019ailleurs \u00e0 le refaire pour le bien-\u00eatre des populations.<\/p>\n\n\n\n<figure class=\"wp-block-image size-large\"><img loading=\"lazy\" decoding=\"async\" width=\"1024\" height=\"682\" src=\"https:\/\/www.sante-pourtous.net\/wp-content\/uploads\/2024\/07\/IMG-20240718-WA0174-1024x682.jpg\" alt=\"\" class=\"wp-image-1248\" srcset=\"https:\/\/www.sante-pourtous.net\/wp-content\/uploads\/2024\/07\/IMG-20240718-WA0174-1024x682.jpg 1024w, https:\/\/www.sante-pourtous.net\/wp-content\/uploads\/2024\/07\/IMG-20240718-WA0174-300x200.jpg 300w, https:\/\/www.sante-pourtous.net\/wp-content\/uploads\/2024\/07\/IMG-20240718-WA0174-768x512.jpg 768w, https:\/\/www.sante-pourtous.net\/wp-content\/uploads\/2024\/07\/IMG-20240718-WA0174-1536x1023.jpg 1536w, https:\/\/www.sante-pourtous.net\/wp-content\/uploads\/2024\/07\/IMG-20240718-WA0174-450x300.jpg 450w, https:\/\/www.sante-pourtous.net\/wp-content\/uploads\/2024\/07\/IMG-20240718-WA0174-310x207.jpg 310w, https:\/\/www.sante-pourtous.net\/wp-content\/uploads\/2024\/07\/IMG-20240718-WA0174-150x100.jpg 150w, https:\/\/www.sante-pourtous.net\/wp-content\/uploads\/2024\/07\/IMG-20240718-WA0174.jpg 1600w\" sizes=\"auto, (max-width: 1024px) 100vw, 1024px\" \/><\/figure>\n\n\n\n<p><strong><em>Les journalistes avec le Colonel-Major Zo\u00e9wendman\u00e9go Blaise Ou\u00e9draogo, Gouverneur de la r\u00e9gion du Centre-Nord<\/em><\/strong><\/p>\n\n\n\n<p><strong>H\u00e9l\u00e8ne Ou\u00e9draogo, repr\u00e9sentante de la Directrice de la Nutrition<\/strong><\/p>\n\n\n\n<figure class=\"wp-block-image size-large\"><img loading=\"lazy\" decoding=\"async\" width=\"1024\" height=\"682\" src=\"https:\/\/www.sante-pourtous.net\/wp-content\/uploads\/2024\/07\/IMG-20240718-WA0260-1024x682.jpg\" alt=\"\" class=\"wp-image-1245\" srcset=\"https:\/\/www.sante-pourtous.net\/wp-content\/uploads\/2024\/07\/IMG-20240718-WA0260-1024x682.jpg 1024w, https:\/\/www.sante-pourtous.net\/wp-content\/uploads\/2024\/07\/IMG-20240718-WA0260-300x200.jpg 300w, https:\/\/www.sante-pourtous.net\/wp-content\/uploads\/2024\/07\/IMG-20240718-WA0260-768x512.jpg 768w, https:\/\/www.sante-pourtous.net\/wp-content\/uploads\/2024\/07\/IMG-20240718-WA0260-1536x1023.jpg 1536w, https:\/\/www.sante-pourtous.net\/wp-content\/uploads\/2024\/07\/IMG-20240718-WA0260-450x300.jpg 450w, https:\/\/www.sante-pourtous.net\/wp-content\/uploads\/2024\/07\/IMG-20240718-WA0260-310x207.jpg 310w, https:\/\/www.sante-pourtous.net\/wp-content\/uploads\/2024\/07\/IMG-20240718-WA0260-150x100.jpg 150w, https:\/\/www.sante-pourtous.net\/wp-content\/uploads\/2024\/07\/IMG-20240718-WA0260.jpg 1600w\" sizes=\"auto, (max-width: 1024px) 100vw, 1024px\" \/><\/figure>\n\n\n\n<figure class=\"wp-block-pullquote\"><blockquote><p><strong><em>\u00ab\u00a0Cette caravane de presse va contribuer \u00e0 pr\u00e9venir la malnutrition au sein de notre population et surtout lutter contre les carences en micro nutriments\u00a0\u00bb<\/em><\/strong><\/p><\/blockquote><\/figure>\n\n\n\n<p><em>\u00ab&nbsp;Depuis plus d&rsquo;une semaine vous \u00e9tiez sur le terrain pour cette caravane de presse. Nous l&rsquo;avons suivi de bout \u00e0 bout et nous vous disons merci pour cet engagement et votre accompagnement. C&rsquo;est vraiment un grand honneur que de faire cette caravane de presse parce que cela va contribuer \u00e0 pr\u00e9venir la malnutrition au sein de notre population et surtout lutter contre les carences en micro nutriments. C&rsquo;est vrai que c&rsquo;est dans le domaine de la fortification mais en plus de cela, il y a aussi les diff\u00e9rentes interventions pour pr\u00e9venir la malnutrition. Et je sais que le CJCN-SA accompagne chaque fois la DN, le Secr\u00e9tariat technique charg\u00e9 de la multisectorialit\u00e9 de la nutrition. Au nom de la Directrice, je ne peux que vous dire merci pour cet accompagnement et vous dire que nous sommes de tout c\u0153ur avec vous et vous \u00eates aussi avec nous pour nous accompagner \u00e0 r\u00e9duire la malnutrition au niveau de notre pays et votre action est vraiment louable.&nbsp; Nous ferons toujours le plaidoyer pour que ces genres d&rsquo;activit\u00e9s puissent se r\u00e9aliser \u00e0 tout moment pour conscientiser nos populations en ce qui concerne la fortification des aliments et la nutrition en g\u00e9n\u00e9rale. Encore merci pour tout ce que vous faites pour le minist\u00e8re de la Sant\u00e9 en particulier pour la DN et le ST-Nut.&nbsp;\u00bb<\/em><\/p>\n\n\n\n<p><strong>Dr Abdoulaye Gueye, chef service fortification \u00e0 la DN<\/strong><\/p>\n\n\n\n<figure class=\"wp-block-image size-large\"><img loading=\"lazy\" decoding=\"async\" width=\"1024\" height=\"682\" src=\"https:\/\/www.sante-pourtous.net\/wp-content\/uploads\/2024\/07\/IMG-20240718-WA0277-1024x682.jpg\" alt=\"\" class=\"wp-image-1244\" srcset=\"https:\/\/www.sante-pourtous.net\/wp-content\/uploads\/2024\/07\/IMG-20240718-WA0277-1024x682.jpg 1024w, https:\/\/www.sante-pourtous.net\/wp-content\/uploads\/2024\/07\/IMG-20240718-WA0277-300x200.jpg 300w, https:\/\/www.sante-pourtous.net\/wp-content\/uploads\/2024\/07\/IMG-20240718-WA0277-768x512.jpg 768w, https:\/\/www.sante-pourtous.net\/wp-content\/uploads\/2024\/07\/IMG-20240718-WA0277-1536x1023.jpg 1536w, https:\/\/www.sante-pourtous.net\/wp-content\/uploads\/2024\/07\/IMG-20240718-WA0277-450x300.jpg 450w, https:\/\/www.sante-pourtous.net\/wp-content\/uploads\/2024\/07\/IMG-20240718-WA0277-310x207.jpg 310w, https:\/\/www.sante-pourtous.net\/wp-content\/uploads\/2024\/07\/IMG-20240718-WA0277-150x100.jpg 150w, https:\/\/www.sante-pourtous.net\/wp-content\/uploads\/2024\/07\/IMG-20240718-WA0277.jpg 1600w\" sizes=\"auto, (max-width: 1024px) 100vw, 1024px\" \/><\/figure>\n\n\n\n<figure class=\"wp-block-pullquote\"><blockquote><p><strong>\u00ab\u00a0Vous avez \u00e0 travers cette caravane impacter plus d\u2019une vie\u00a0\u00bb<\/strong><\/p><\/blockquote><\/figure>\n\n\n\n<p><em>\u00ab&nbsp;Je me r\u00e9jouis de savoir que la caravane d\u2019abord a pu avoir lieu parce-qu\u2019il faut reconna\u00eetre que \u00e7a a connu un petit probl\u00e8me de d\u00e9marrage pour des probl\u00e8mes d\u2019agenda mais forte heureusement, \u00e7a a \u00e9t\u00e9 r\u00e9solu et vous avez r\u00e9ussi. Le plus improbable c\u2019\u00e9tait de pouvoir non seulement parcourir ces quatre r\u00e9gions du pays mais surtout de pouvoir rencontrer les Gouverneurs qui sont par ailleurs pr\u00e9sidents des Conseils r\u00e9gionaux en mati\u00e8re de nutrition et qui jouent un r\u00f4le capital dans la politique que le gouvernement applique \u00e0 travers les strat\u00e9gies.<\/em><\/p>\n\n\n\n<p><em>A travers cette caravane, nous avions l\u2019ambition de pouvoir \u00e0 travers votre club qui est un partenaire de choix aujourd\u2019hui, de toucher les acteurs sur le terrain en mati\u00e8re de nutrition et de fortification des aliments. C\u2019est aussi l\u2019occasion pour nous de dire que la faim est une r\u00e9alit\u00e9 au Burkina. Ce n\u2019est pas cette faim que nous connaissons tous o\u00f9 nous pouvons la solutionner avec un repas mais c\u2019est cette faim quotidienne qui se traduit surtout et malheureusement \u00e0 travers cette faim cach\u00e9e qui est la faim silencieuse qu\u2019on appelle encore les carences en micro nutriments. Vous avez pu tout simplement \u00e0 travers cette caravane impacter plus d\u2019une vie en touchant les gouverneurs, les directeurs r\u00e9gionaux aussi bien de la sant\u00e9, de l\u2019action sociale, de l\u2019\u00e9ducation nationale et j\u2019en passe. C\u2019est une invite pour dire que d\u00e9sormais chacun apporte sa pierre \u00e0 la construction de cet \u00e9difice. Vous avez r\u00e9ussi un gros coup. Le plus difficile qui reste \u00e0 faire c\u2019est le suivi. Cette caravane vise \u00e0 encourager les d\u00e9cideurs \u00e0 pouvoir acheter les aliments fortifi\u00e9s et les disponibiliser pour permettre aux PDI de pouvoir b\u00e9n\u00e9ficier \u00e0 travers chaque bouch\u00e9e d\u2019aliment et micro nutriments notamment le fer, l\u2019iode et la vitamine A. Nous esp\u00e9rons avoir suffisamment d\u2019\u00e9l\u00e9ments \u00e0 travers les productions que vous allez en faire. Ce seront autant d\u2019arguments pour nous pour pouvoir dans un avenir tr\u00e8s proche, organiser une autre caravane peut-\u00eatre avec d\u2019autres r\u00e9gions pour voir d\u2019abord si ce qui a \u00e9t\u00e9 pr\u00each\u00e9 comme message a \u00e9t\u00e9 entendu, quel est l\u2019impact et surtout voire comment est ce que ces acteurs g\u00e8rent au quotidien l\u2019acquisition d\u2019aliments pour les cantines, pour les PDI et pour toutes les alimentations collectives. C\u2019est aussi l\u2019occasion pour la Directrice de la nutrition par ailleurs pr\u00e9sidente de l\u2019ANF, de vous dire encore merci et bravo.&nbsp;\u00bb<\/em><\/p>\n","protected":false},"excerpt":{"rendered":"<p>Au Burkina Faso, une femme sur deux est carenc\u00e9e, quatre enfants sur dix en \u00e2ge d\u2019aller \u00e0 l\u2019\u00e9cole ou au pr\u00e9scolaire souffrent de carences en micro nutriments. Ce sont autant d\u2019alerte que le Club des Journalistes et Communicateurs pour la Nutrition et la S\u00e9curit\u00e9 Alimentaire (CJCN-SA) veux contribuer \u00e0 solutionner. Elle a organis\u00e9 du 8<\/p>\n","protected":false},"author":3,"featured_media":1243,"comment_status":"open","ping_status":"open","sticky":false,"template":"","format":"standard","meta":{"footnotes":""},"categories":[3,6,14,5],"tags":[],"class_list":["post-1242","post","type-post","status-publish","format-standard","has-post-thumbnail","hentry","category-actualite","category-alimentation","category-nutrition","category-sante"],"_links":{"self":[{"href":"https:\/\/www.sante-pourtous.net\/index.php?rest_route=\/wp\/v2\/posts\/1242","targetHints":{"allow":["GET"]}}],"collection":[{"href":"https:\/\/www.sante-pourtous.net\/index.php?rest_route=\/wp\/v2\/posts"}],"about":[{"href":"https:\/\/www.sante-pourtous.net\/index.php?rest_route=\/wp\/v2\/types\/post"}],"author":[{"embeddable":true,"href":"https:\/\/www.sante-pourtous.net\/index.php?rest_route=\/wp\/v2\/users\/3"}],"replies":[{"embeddable":true,"href":"https:\/\/www.sante-pourtous.net\/index.php?rest_route=%2Fwp%2Fv2%2Fcomments&post=1242"}],"version-history":[{"count":1,"href":"https:\/\/www.sante-pourtous.net\/index.php?rest_route=\/wp\/v2\/posts\/1242\/revisions"}],"predecessor-version":[{"id":1249,"href":"https:\/\/www.sante-pourtous.net\/index.php?rest_route=\/wp\/v2\/posts\/1242\/revisions\/1249"}],"wp:featuredmedia":[{"embeddable":true,"href":"https:\/\/www.sante-pourtous.net\/index.php?rest_route=\/wp\/v2\/media\/1243"}],"wp:attachment":[{"href":"https:\/\/www.sante-pourtous.net\/index.php?rest_route=%2Fwp%2Fv2%2Fmedia&parent=1242"}],"wp:term":[{"taxonomy":"category","embeddable":true,"href":"https:\/\/www.sante-pourtous.net\/index.php?rest_route=%2Fwp%2Fv2%2Fcategories&post=1242"},{"taxonomy":"post_tag","embeddable":true,"href":"https:\/\/www.sante-pourtous.net\/index.php?rest_route=%2Fwp%2Fv2%2Ftags&post=1242"}],"curies":[{"name":"wp","href":"https:\/\/api.w.org\/{rel}","templated":true}]}}