{"id":1384,"date":"2024-09-21T10:24:06","date_gmt":"2024-09-21T10:24:06","guid":{"rendered":"https:\/\/www.sante-pourtous.net\/?p=1384"},"modified":"2024-09-21T10:24:07","modified_gmt":"2024-09-21T10:24:07","slug":"ladieu-dans-nos-yeux-nos-soucis-prennent-conge-les-frustrations-segarent-la-paix-nest-pas-retardee-le-poeme-pour-la-paix-de-la-malienne-kad","status":"publish","type":"post","link":"https:\/\/www.sante-pourtous.net\/?p=1384","title":{"rendered":"\u00ab\u00a0L\u2019adieu dans nos yeux, nos soucis prennent cong\u00e9, les frustrations s\u2019\u00e9garent, la paix n\u2019est pas retard\u00e9e\u00a0\u00bb\u00a0: le po\u00e8me pour la paix de la Malienne Kadidia"},"content":{"rendered":"\n<p><strong><em>2024 marque le 25e anniversaire de l\u2019adoption par l\u2019Assembl\u00e9e g\u00e9n\u00e9rale des Nations Unies de la d\u00e9claration et du programme d\u2019action sur une culture de la paix.\u00a0Plac\u00e9e sous le th\u00e8me\u00a0: \u00ab\u00a0Promouvoir une culture de paix\u00a0\u00bb, le monde entier comm\u00e9more ce jour 21 septembre 2024, la Journ\u00e9e internationale de la paix.<\/em><\/strong><\/p>\n\n\n\n<p>Selon l\u2019Assembl\u00e9e g\u00e9n\u00e9rale des Nations Unies, la paix <em>\u00ab&nbsp;n&rsquo;est pas simplement l&rsquo;absence de conflits, mais un processus positif, dynamique, participatif qui favorise le dialogue et le r\u00e8glement des conflits dans un esprit de compr\u00e9hension mutuelle et de coop\u00e9ration&nbsp;\u00bb.<\/em><\/p>\n\n\n\n<p>L\u2019organisme international fait remarquer que les valeurs n\u00e9cessaires \u00e0 une culture de paix incluent le respect de la vie, des droits de l&rsquo;homme et des libert\u00e9s fondamentales, la promotion et le renforcement d\u2019une culture de la non-violence par l&rsquo;\u00e9ducation, le dialogue et la coop\u00e9ration, l&rsquo;engagement en faveur d&rsquo;un r\u00e8glement pacifique des conflits et l&rsquo;adh\u00e9sion aux principes de libert\u00e9, de justice, de d\u00e9mocratie, de tol\u00e9rance, de solidarit\u00e9, de coop\u00e9ration, du pluralisme, de la diversit\u00e9 culturelle, du dialogue et de la compr\u00e9hension \u00e0 tous les niveaux de la soci\u00e9t\u00e9 et entre les nations.<\/p>\n\n\n\n<p>Dans le monde entier, des millions d&rsquo;enfants grandissent dans des situations de conflit. Ils sont souvent d\u00e9racin\u00e9s ou expos\u00e9s \u00e0 des traumatismes extr\u00eames. Avec&nbsp;\u00ab&nbsp;Po\u00e8mes pour la paix&nbsp;\u00bb, l&rsquo;UNICEF&nbsp;donne aux enfants une tribune pour expliquer, avec leurs propres mots, l&rsquo;impact des conflits et de la guerre sur leur vie, ainsi que leurs espoirs et leurs r\u00eaves pour l&rsquo;avenir. En amplifiant la voix des enfants, l&rsquo;UNICEF met ainsi en lumi\u00e8re la force et le courage extraordinaires des jeunes qui aspirent \u00e0 un avenir plus stable. Morceau choisi, celui de la Malienne Kadidia \u00e0 travers cette vid\u00e9o r\u00e9alis\u00e9e par l\u2019institution onusienne\u2026<\/p>\n\n\n\n<figure class=\"wp-block-embed is-type-video is-provider-youtube wp-block-embed-youtube wp-embed-aspect-16-9 wp-has-aspect-ratio\"><div class=\"wp-block-embed__wrapper\">\n<iframe loading=\"lazy\" title=\"Kadidia calls for peace through poetry in Mali | UNICEF\" width=\"960\" height=\"540\" src=\"https:\/\/www.youtube.com\/embed\/dElnkHv7RjU?feature=oembed\" frameborder=\"0\" allow=\"accelerometer; autoplay; clipboard-write; encrypted-media; gyroscope; picture-in-picture; web-share\" referrerpolicy=\"strict-origin-when-cross-origin\" allowfullscreen><\/iframe>\n<\/div><\/figure>\n","protected":false},"excerpt":{"rendered":"<p>2024 marque le 25e anniversaire de l\u2019adoption par l\u2019Assembl\u00e9e g\u00e9n\u00e9rale des Nations Unies de la d\u00e9claration et du programme d\u2019action sur une culture de la paix.\u00a0Plac\u00e9e sous le th\u00e8me\u00a0: \u00ab\u00a0Promouvoir une culture de paix\u00a0\u00bb, le monde entier comm\u00e9more ce jour 21 septembre 2024, la Journ\u00e9e internationale de la paix. Selon l\u2019Assembl\u00e9e g\u00e9n\u00e9rale des Nations Unies,<\/p>\n","protected":false},"author":3,"featured_media":1385,"comment_status":"open","ping_status":"open","sticky":false,"template":"","format":"standard","meta":{"footnotes":""},"categories":[3,17],"tags":[],"class_list":["post-1384","post","type-post","status-publish","format-standard","has-post-thumbnail","hentry","category-actualite","category-videos"],"_links":{"self":[{"href":"https:\/\/www.sante-pourtous.net\/index.php?rest_route=\/wp\/v2\/posts\/1384","targetHints":{"allow":["GET"]}}],"collection":[{"href":"https:\/\/www.sante-pourtous.net\/index.php?rest_route=\/wp\/v2\/posts"}],"about":[{"href":"https:\/\/www.sante-pourtous.net\/index.php?rest_route=\/wp\/v2\/types\/post"}],"author":[{"embeddable":true,"href":"https:\/\/www.sante-pourtous.net\/index.php?rest_route=\/wp\/v2\/users\/3"}],"replies":[{"embeddable":true,"href":"https:\/\/www.sante-pourtous.net\/index.php?rest_route=%2Fwp%2Fv2%2Fcomments&post=1384"}],"version-history":[{"count":1,"href":"https:\/\/www.sante-pourtous.net\/index.php?rest_route=\/wp\/v2\/posts\/1384\/revisions"}],"predecessor-version":[{"id":1386,"href":"https:\/\/www.sante-pourtous.net\/index.php?rest_route=\/wp\/v2\/posts\/1384\/revisions\/1386"}],"wp:featuredmedia":[{"embeddable":true,"href":"https:\/\/www.sante-pourtous.net\/index.php?rest_route=\/wp\/v2\/media\/1385"}],"wp:attachment":[{"href":"https:\/\/www.sante-pourtous.net\/index.php?rest_route=%2Fwp%2Fv2%2Fmedia&parent=1384"}],"wp:term":[{"taxonomy":"category","embeddable":true,"href":"https:\/\/www.sante-pourtous.net\/index.php?rest_route=%2Fwp%2Fv2%2Fcategories&post=1384"},{"taxonomy":"post_tag","embeddable":true,"href":"https:\/\/www.sante-pourtous.net\/index.php?rest_route=%2Fwp%2Fv2%2Ftags&post=1384"}],"curies":[{"name":"wp","href":"https:\/\/api.w.org\/{rel}","templated":true}]}}