{"id":1482,"date":"2024-12-04T12:28:19","date_gmt":"2024-12-04T12:28:19","guid":{"rendered":"https:\/\/www.sante-pourtous.net\/?p=1482"},"modified":"2024-12-04T12:28:21","modified_gmt":"2024-12-04T12:28:21","slug":"consommer-local-la-ligue-des-consommateurs-du-burkina-organise-des-journees-de-sensibilisation-pour-promouvoir-les-produits-locaux","status":"publish","type":"post","link":"https:\/\/www.sante-pourtous.net\/?p=1482","title":{"rendered":"Consommer local : la Ligue des Consommateurs du Burkina organise des Journ\u00e9es de Sensibilisation pour promouvoir les produits locaux"},"content":{"rendered":"\n<p><strong><em>La Ligue des Consommateurs du Burkina (LCB) a anim\u00e9 une conf\u00e9rence de presse conf\u00e9rence, le mardi 3 d\u00e9cembre 2024 \u00e0 Ouagadougou, pour annoncer la premi\u00e8re \u00e9dition des Journ\u00e9es de Sensibilisation au Consommer Local, qui se tiendra du 13 au 15 d\u00e9cembre 2024 au Palais de la Culture Jean-Pierre Guingan\u00e9. L\u2019objectif de cette initiative selon la LCB, est de valoriser la production et la transformation des produits \u00ab made in Burkina \u00bb.<\/em><\/strong><\/p>\n\n\n\n<p>Plac\u00e9 sous le patronage du Chef de l\u2019\u00c9tat, le Capitaine Ibrahim Traor\u00e9, ces journ\u00e9es se veulent une tribune pour la valorisation, la production et la transformation des produits \u00ab made in Burkina \u00bb d\u2019une part, et d\u2019autre part, une opportunit\u00e9 pour la sensibilisation des populations sur l\u2019importance de la consommation des produits nationaux.<\/p>\n\n\n\n<p>\u00ab Pour une consommation responsable, consommons nos produits locaux \u00bb est le th\u00e8me retenu pour cette premi\u00e8re \u00e9dition. Selon le pr\u00e9sident de la LCB, Dasman\u00e9 Traor\u00e9, le choix d\u2019un tel th\u00e8memet en avant la n\u00e9cessit\u00e9 <em>de \u00ab\u00a0Consommer Burkinab\u00e8\u00a0\u00bb <\/em>qui se concentre sur la promotion et la valorisation des services et des produits locaux pour stimuler le d\u00e9veloppement \u00e9conomique et social du Burkina Faso.<\/p>\n\n\n\n<figure class=\"wp-block-image size-large\"><img loading=\"lazy\" decoding=\"async\" width=\"1024\" height=\"768\" src=\"https:\/\/www.sante-pourtous.net\/wp-content\/uploads\/2024\/12\/LCB-2-1024x768.jpg\" alt=\"\" class=\"wp-image-1484\" srcset=\"https:\/\/www.sante-pourtous.net\/wp-content\/uploads\/2024\/12\/LCB-2-1024x768.jpg 1024w, https:\/\/www.sante-pourtous.net\/wp-content\/uploads\/2024\/12\/LCB-2-300x225.jpg 300w, https:\/\/www.sante-pourtous.net\/wp-content\/uploads\/2024\/12\/LCB-2-768x576.jpg 768w, https:\/\/www.sante-pourtous.net\/wp-content\/uploads\/2024\/12\/LCB-2-400x300.jpg 400w, https:\/\/www.sante-pourtous.net\/wp-content\/uploads\/2024\/12\/LCB-2-310x233.jpg 310w, https:\/\/www.sante-pourtous.net\/wp-content\/uploads\/2024\/12\/LCB-2-140x105.jpg 140w, https:\/\/www.sante-pourtous.net\/wp-content\/uploads\/2024\/12\/LCB-2.jpg 1386w\" sizes=\"auto, (max-width: 1024px) 100vw, 1024px\" \/><\/figure>\n\n\n\n<p><strong><em>Dasman\u00e9 Traor\u00e9 pr\u00e9sident de la LCB<\/em><\/strong><\/p>\n\n\n\n<p>Ces 72 heures seront marqu\u00e9es par plusieurs activit\u00e9s, notamment des panels, des discussion sur le \u00ab Consommer local \u00bb, une rue marchande, des animations et des jeux concours sur une alimentation saine. 50 stands seront mis \u00e0 la disposition des promoteurs de services, biens et produits locaux, avec un co\u00fbt de participation de 30 000 francs CFA.<\/p>\n\n\n\n<p>Le pr\u00e9sident de la LCB a en outre pr\u00e9cis\u00e9 que les conditions d&rsquo;accessibilit\u00e9 pour participer \u00e0 ces journ\u00e9es notamment produire local seront rigoureusement \u00e9valu\u00e9es. \u00ab <em>Le consommons local, n\u2019est pas seulement les mouvements de va-et-vient vers la bouche. Nous avons aussi parl\u00e9 des produits et des services. Vous avez des gens au Burkina ici qui ramassent les d\u00e9bris de fer, qui les fondent et qui sortent des fers. Ces gens produisent localement. C&rsquo;est le lieu pour eux de venir exposer leur production, r\u00e9pondant aux normes, et en m\u00eame temps faire la comparaison des produits d&rsquo;imitation <\/em>\u00bb, a-t-il notifi\u00e9. \u00c9galement, il a invit\u00e9 les acteurs \u00e0 participer \u00e0 cet \u00e9v\u00e9nement pour faire de cette premi\u00e8re \u00e9dition un succ\u00e8s.<\/p>\n\n\n\n<figure class=\"wp-block-image size-large\"><img loading=\"lazy\" decoding=\"async\" width=\"1024\" height=\"767\" src=\"https:\/\/www.sante-pourtous.net\/wp-content\/uploads\/2024\/12\/LCB-3-1024x767.jpg\" alt=\"\" class=\"wp-image-1485\" srcset=\"https:\/\/www.sante-pourtous.net\/wp-content\/uploads\/2024\/12\/LCB-3-1024x767.jpg 1024w, https:\/\/www.sante-pourtous.net\/wp-content\/uploads\/2024\/12\/LCB-3-300x225.jpg 300w, https:\/\/www.sante-pourtous.net\/wp-content\/uploads\/2024\/12\/LCB-3-768x575.jpg 768w, https:\/\/www.sante-pourtous.net\/wp-content\/uploads\/2024\/12\/LCB-3-400x300.jpg 400w, https:\/\/www.sante-pourtous.net\/wp-content\/uploads\/2024\/12\/LCB-3-310x232.jpg 310w, https:\/\/www.sante-pourtous.net\/wp-content\/uploads\/2024\/12\/LCB-3-140x105.jpg 140w, https:\/\/www.sante-pourtous.net\/wp-content\/uploads\/2024\/12\/LCB-3.jpg 1080w\" sizes=\"auto, (max-width: 1024px) 100vw, 1024px\" \/><\/figure>\n\n\n\n<p><strong><em>Le vice-pr\u00e9sident de la LCB, Da Hien Daniel<\/em><\/strong><\/p>\n\n\n\n<p>Cette conf\u00e9rence de presse a \u00e9t\u00e9 \u00e9galement une occasion pour la LCB d\u2019\u00e9voquer un sujet majeur pour les consommateurs : la disponibilit\u00e9 et l\u2019accessibilit\u00e9 des produits de grande consommation. \u00ab En tant que structure de veille et d\u2019alerte, la LCB ne peut rester insensible aux pr\u00e9occupations des consommateurs. \u00bb, a-t-il indiqu\u00e9. C\u2019est pourquoi elle a initi\u00e9 une collecte des donn\u00e9es sur le terrain avec les diff\u00e9rentes sections. Une fois les donn\u00e9es synth\u00e9tis\u00e9es, un rapport sera \u00e9labor\u00e9 et soumis aux autorit\u00e9s comp\u00e9tentes pour action.<\/p>\n\n\n\n<p>La LCB a \u00e9galement f\u00e9licit\u00e9 le gouvernement pour l\u2019adoption le 27 novembre 2024, du Cadre de concertation tripartite (CCT) sur les produits de grande consommation. Ce cadre constitue un espace de dialogue entre le gouvernement, les op\u00e9rateurs \u00e9conomiques et la soci\u00e9t\u00e9 civile. Le Pr\u00e9sident a exprim\u00e9 l&rsquo;espoir que cette initiative permettra de trouver des prix consensuels pour les produits de grande consommation, tout en prenant en compte les int\u00e9r\u00eats des consommateurs sans nuire \u00e0 ceux des op\u00e9rateurs \u00e9conomiques.<\/p>\n\n\n\n<figure class=\"wp-block-image size-large\"><img loading=\"lazy\" decoding=\"async\" width=\"1024\" height=\"768\" src=\"https:\/\/www.sante-pourtous.net\/wp-content\/uploads\/2024\/12\/LCB-4-1024x768.jpg\" alt=\"\" class=\"wp-image-1486\" srcset=\"https:\/\/www.sante-pourtous.net\/wp-content\/uploads\/2024\/12\/LCB-4-1024x768.jpg 1024w, https:\/\/www.sante-pourtous.net\/wp-content\/uploads\/2024\/12\/LCB-4-300x225.jpg 300w, https:\/\/www.sante-pourtous.net\/wp-content\/uploads\/2024\/12\/LCB-4-768x576.jpg 768w, https:\/\/www.sante-pourtous.net\/wp-content\/uploads\/2024\/12\/LCB-4-400x300.jpg 400w, https:\/\/www.sante-pourtous.net\/wp-content\/uploads\/2024\/12\/LCB-4-310x233.jpg 310w, https:\/\/www.sante-pourtous.net\/wp-content\/uploads\/2024\/12\/LCB-4-140x105.jpg 140w, https:\/\/www.sante-pourtous.net\/wp-content\/uploads\/2024\/12\/LCB-4.jpg 1386w\" sizes=\"auto, (max-width: 1024px) 100vw, 1024px\" \/><\/figure>\n\n\n\n<p><strong>Le Secr\u00e9taire g\u00e9n\u00e9ral de la LCB, Ousseni Ou\u00e9draogo<\/strong><\/p>\n\n\n\n<p>A la question de savoir si en prenant cette initiative de faire la promotion du consommons local, la LCB ne se d\u00e9tourne pas de sa priorit\u00e9, celle de d\u00e9fendre les int\u00e9r\u00eats des consommateurs, le comit\u00e9 d\u2019organisation a r\u00e9pondu que cette initiative vise justement \u00e0 encourager les consommateurs \u00e0 se tourner vers les produits locaux. Selon eux, cette approche permet de mieux conna\u00eetre ce que l\u2019on consomme.<\/p>\n\n\n\n<p>Quant \u00e0 la probl\u00e9matique de la p\u00e9nurie du gaz sur le march\u00e9 actuellement, Ousseni Ou\u00e9draogo, Secr\u00e9taire g\u00e9n\u00e9ral de la Ligue des Consommateurs, a soulign\u00e9 qu\u2019elle se pose avec beaucoup d\u2019acuit\u00e9. Avec l&rsquo;approche du mois de d\u00e9cembre, p\u00e9riode de forte demande en gaz, M. Ou\u00e9draogo a indiqu\u00e9 que des mesures suppl\u00e9mentaires ont \u00e9t\u00e9 prises, notamment une demande de passage \u00e0 des sessions de distribution de 48 heures sur 48 en 24 heures.<\/p>\n\n\n\n<p><strong><em>Wendaabo Cath\u00e9rine KOURAOGO<\/em><\/strong><\/p>\n","protected":false},"excerpt":{"rendered":"<p>La Ligue des Consommateurs du Burkina (LCB) a anim\u00e9 une conf\u00e9rence de presse conf\u00e9rence, le mardi 3 d\u00e9cembre 2024 \u00e0 Ouagadougou, pour annoncer la premi\u00e8re \u00e9dition des Journ\u00e9es de Sensibilisation au Consommer Local, qui se tiendra du 13 au 15 d\u00e9cembre 2024 au Palais de la Culture Jean-Pierre Guingan\u00e9. L\u2019objectif de cette initiative selon la<\/p>\n","protected":false},"author":3,"featured_media":1483,"comment_status":"open","ping_status":"open","sticky":false,"template":"","format":"standard","meta":{"footnotes":""},"categories":[3,6,14,5],"tags":[],"class_list":["post-1482","post","type-post","status-publish","format-standard","has-post-thumbnail","hentry","category-actualite","category-alimentation","category-nutrition","category-sante"],"_links":{"self":[{"href":"https:\/\/www.sante-pourtous.net\/index.php?rest_route=\/wp\/v2\/posts\/1482","targetHints":{"allow":["GET"]}}],"collection":[{"href":"https:\/\/www.sante-pourtous.net\/index.php?rest_route=\/wp\/v2\/posts"}],"about":[{"href":"https:\/\/www.sante-pourtous.net\/index.php?rest_route=\/wp\/v2\/types\/post"}],"author":[{"embeddable":true,"href":"https:\/\/www.sante-pourtous.net\/index.php?rest_route=\/wp\/v2\/users\/3"}],"replies":[{"embeddable":true,"href":"https:\/\/www.sante-pourtous.net\/index.php?rest_route=%2Fwp%2Fv2%2Fcomments&post=1482"}],"version-history":[{"count":1,"href":"https:\/\/www.sante-pourtous.net\/index.php?rest_route=\/wp\/v2\/posts\/1482\/revisions"}],"predecessor-version":[{"id":1487,"href":"https:\/\/www.sante-pourtous.net\/index.php?rest_route=\/wp\/v2\/posts\/1482\/revisions\/1487"}],"wp:featuredmedia":[{"embeddable":true,"href":"https:\/\/www.sante-pourtous.net\/index.php?rest_route=\/wp\/v2\/media\/1483"}],"wp:attachment":[{"href":"https:\/\/www.sante-pourtous.net\/index.php?rest_route=%2Fwp%2Fv2%2Fmedia&parent=1482"}],"wp:term":[{"taxonomy":"category","embeddable":true,"href":"https:\/\/www.sante-pourtous.net\/index.php?rest_route=%2Fwp%2Fv2%2Fcategories&post=1482"},{"taxonomy":"post_tag","embeddable":true,"href":"https:\/\/www.sante-pourtous.net\/index.php?rest_route=%2Fwp%2Fv2%2Ftags&post=1482"}],"curies":[{"name":"wp","href":"https:\/\/api.w.org\/{rel}","templated":true}]}}