{"id":1557,"date":"2025-01-23T21:16:59","date_gmt":"2025-01-23T21:16:59","guid":{"rendered":"https:\/\/www.sante-pourtous.net\/?p=1557"},"modified":"2025-01-23T21:36:02","modified_gmt":"2025-01-23T21:36:02","slug":"lutte-contre-la-fievre-typhoide-chers-parents-faites-vacciner-vos-enfants-de-9-mois-a-14-ans","status":"publish","type":"post","link":"https:\/\/www.sante-pourtous.net\/?p=1557","title":{"rendered":"Lutte contre la fi\u00e8vre typho\u00efde\u00a0: chers parents, faites vacciner vos enfants de 9 mois \u00e0 14 ans"},"content":{"rendered":"\n<p><strong><em>Le ministre de la Sant\u00e9, Dr Robert Lucien Kargougou a lanc\u00e9 une vaste campagne de vaccination contre la fi\u00e8vre typho\u00efde\u00a0ce jeudi 23 janvier 2025. Cette campagne qui se d\u00e9roule du 23 au 29 janvier 2025 et vise 10.227.496 enfants \u00e2g\u00e9s de 9 mois \u00e0 14 ans.<\/em><\/strong><\/p>\n\n\n\n<p>La fi\u00e8vre typho\u00efde est une maladie grave et parfois mortelle transmise par la bact\u00e9rie Salmonella Typhi qui a contamin\u00e9 l\u2019eau et les aliments. Elle est un probl\u00e8me de sant\u00e9 publique majeur dans les pays en voie de d\u00e9veloppement et au Burkina Faso o\u00f9 elle affecte principalement les enfants et les adolescents. En 2019, selon les estimations du Global Burden Disease (GBD), il y aurait eu essentiellement en Asie du Sud-Est et en Afrique subsaharienne, environs 9.000.000 de cas de fi\u00e8vre typho\u00efde et plus de 110 000 d\u00e9c\u00e8s imputables \u00e0 cette maladie. Au Burkina, la m\u00eame source indique que le pays aurait enregistr\u00e9 au moins 80.672 cas de fi\u00e8vre typho\u00efde, soit 356 cas pour 100.000 habitants dont 1.530 d\u00e9c\u00e8s.<\/p>\n\n\n\n<figure class=\"wp-block-image size-large\"><img loading=\"lazy\" decoding=\"async\" width=\"1024\" height=\"682\" src=\"https:\/\/www.sante-pourtous.net\/wp-content\/uploads\/2025\/01\/IMG-20250123-WA0280-1024x682.jpg\" alt=\"\" class=\"wp-image-1559\" srcset=\"https:\/\/www.sante-pourtous.net\/wp-content\/uploads\/2025\/01\/IMG-20250123-WA0280-1024x682.jpg 1024w, https:\/\/www.sante-pourtous.net\/wp-content\/uploads\/2025\/01\/IMG-20250123-WA0280-300x200.jpg 300w, https:\/\/www.sante-pourtous.net\/wp-content\/uploads\/2025\/01\/IMG-20250123-WA0280-768x512.jpg 768w, https:\/\/www.sante-pourtous.net\/wp-content\/uploads\/2025\/01\/IMG-20250123-WA0280-1536x1024.jpg 1536w, https:\/\/www.sante-pourtous.net\/wp-content\/uploads\/2025\/01\/IMG-20250123-WA0280-2048x1365.jpg 2048w, https:\/\/www.sante-pourtous.net\/wp-content\/uploads\/2025\/01\/IMG-20250123-WA0280-450x300.jpg 450w, https:\/\/www.sante-pourtous.net\/wp-content\/uploads\/2025\/01\/IMG-20250123-WA0280-310x207.jpg 310w, https:\/\/www.sante-pourtous.net\/wp-content\/uploads\/2025\/01\/IMG-20250123-WA0280-150x100.jpg 150w\" sizes=\"auto, (max-width: 1024px) 100vw, 1024px\" \/><\/figure>\n\n\n\n<p><strong><em>Seydou Coulibaly, repr\u00e9sentant OMS au Burkina<\/em><\/strong><\/p>\n\n\n\n<p><em>\u00ab&nbsp;Il est important de f\u00e9liciter le gouvernement du Burkina pour la mise en \u0153uvre des recommandations de l\u2019OMS qui a sugg\u00e9r\u00e9 la vaccination contre cette maladie qui fait de nombreuses victimes. Nous sommes toujours engag\u00e9s \u00e0 accompagner le Burkina dans cet effort pour la sauvegarde de la sant\u00e9 des populations&nbsp;\u00bb<\/em>, a laiss\u00e9 entendre Seydou Coulibaly, repr\u00e9sentant OMS au Burkina qui a rassur\u00e9 de l\u2019efficacit\u00e9 de ce vaccin. Il appelle par ailleurs les autorit\u00e9s administratives, coutumi\u00e8res et religieuses, les femmes, les leaders communautaires \u00e0 mobiliser les enfants \u00e0 se faire vacciner.<\/p>\n\n\n\n<figure class=\"wp-block-image size-large\"><img loading=\"lazy\" decoding=\"async\" width=\"1024\" height=\"682\" src=\"https:\/\/www.sante-pourtous.net\/wp-content\/uploads\/2025\/01\/IMG-20250123-WA0278-1024x682.jpg\" alt=\"\" class=\"wp-image-1560\" srcset=\"https:\/\/www.sante-pourtous.net\/wp-content\/uploads\/2025\/01\/IMG-20250123-WA0278-1024x682.jpg 1024w, https:\/\/www.sante-pourtous.net\/wp-content\/uploads\/2025\/01\/IMG-20250123-WA0278-300x200.jpg 300w, https:\/\/www.sante-pourtous.net\/wp-content\/uploads\/2025\/01\/IMG-20250123-WA0278-768x512.jpg 768w, https:\/\/www.sante-pourtous.net\/wp-content\/uploads\/2025\/01\/IMG-20250123-WA0278-1536x1024.jpg 1536w, https:\/\/www.sante-pourtous.net\/wp-content\/uploads\/2025\/01\/IMG-20250123-WA0278-2048x1365.jpg 2048w, https:\/\/www.sante-pourtous.net\/wp-content\/uploads\/2025\/01\/IMG-20250123-WA0278-450x300.jpg 450w, https:\/\/www.sante-pourtous.net\/wp-content\/uploads\/2025\/01\/IMG-20250123-WA0278-310x207.jpg 310w, https:\/\/www.sante-pourtous.net\/wp-content\/uploads\/2025\/01\/IMG-20250123-WA0278-150x100.jpg 150w\" sizes=\"auto, (max-width: 1024px) 100vw, 1024px\" \/><\/figure>\n\n\n\n<p><strong><em>Dr Robert Lucien Kargougou<\/em><\/strong>, <strong><em>ministre de la Sant\u00e9<\/em><\/strong><\/p>\n\n\n\n<p>Pour sa part, le ministre de la Sant\u00e9 tout en indiquant que c\u2019est la premi\u00e8re fois que le Burkina utilise \u00e0 grande \u00e9chelle la vaccination contre la fi\u00e8vre typho\u00efde, a rassur\u00e9 que c\u2019est un vaccin s\u00fbr, efficace et qui prot\u00e8ge les enfants qui en b\u00e9n\u00e9ficieront. \u00ab&nbsp;Il y a encore 80% d\u2019immunit\u00e9 conf\u00e9r\u00e9 aux enfants qui l\u2019auront re\u00e7u m\u00eame cinq ans apr\u00e8s&nbsp;\u00bb, a indiqu\u00e9 le ministre de la Sant\u00e9. Les enfants concern\u00e9s pourront le recevoir dans les formations sanitaires, les lieux habituels, les march\u00e9s et yaars etc. A la fin de cette campagne de vaccination, le m\u00eame vaccin sera disponible dans la vaccination de routine \u00e0 partir de 30 janvier 2025<\/p>\n\n\n\n<p><strong>Les sympt\u00f4mes de la fi\u00e8vre typho\u00efde &nbsp;<\/strong><\/p>\n\n\n\n<p>Les personnes atteintes de typho\u00efde peuvent pr\u00e9senter au moins un des sympt\u00f4mes suivants :<\/p>\n\n\n\n<ul class=\"wp-block-list\">\n<li>Fi\u00e8vre \u00e9lev\u00e9e et persistante<\/li>\n\n\n\n<li>Fatigue<\/li>\n\n\n\n<li>C\u00e9phal\u00e9es<\/li>\n\n\n\n<li>Naus\u00e9es<\/li>\n\n\n\n<li>Troubles abdominaux<\/li>\n<\/ul>\n\n\n\n<p><strong>Comment se transmet la fi\u00e8vre typho\u00efde?<\/strong><\/p>\n\n\n\n<p>La fi\u00e8vre typho\u00efde se transmet par voie f\u00e9co-orale c\u2019est-\u00e0-dire&nbsp;:<\/p>\n\n\n\n<ul class=\"wp-block-list\">\n<li>La consommation de la nourriture ou de l\u2019eau contamin\u00e9e ou en raison de l\u2019insuffisance des mesures d\u2019hygi\u00e8ne et d\u2019assainissement<\/li>\n\n\n\n<li>La contamination de l\u2019environnement plus \u00e9tendu par exemple \u00e0 la pollution des sources d\u2019approvisionnement en eau par les eaux us\u00e9es, au traitement inad\u00e9quat de l\u2019eau courante ou \u00e0 l\u2019utilisation de mati\u00e8res f\u00e9cales humaines ou d\u2019eaux us\u00e9es non trait\u00e9es comme engrais<\/li>\n<\/ul>\n\n\n\n<p><strong>Existe-t-il un traitement contre la fi\u00e8vre typho\u00efde ?<\/strong><\/p>\n\n\n\n<p>Le traitement curatif passe par l\u2019utilisation des antibiotiques qui coutent tr\u00e8s cher et donc pas \u00e0 la port\u00e9e de tout le monde. Ce traitement curatif est plus cher que le traitement pr\u00e9ventif qui sont la vaccination et les bonnes pratiques d\u2019hygi\u00e8ne.<\/p>\n\n\n\n<p><strong>Peut-on pr\u00e9venir la fi\u00e8vre typho\u00efde ?<\/strong><\/p>\n\n\n\n<p>La typho\u00efde peut \u00eatre pr\u00e9venue et contr\u00f4l\u00e9e par l&rsquo;acc\u00e8s \u00e0 l&rsquo;eau potable et \u00e0 des services d\u2019assainissement ad\u00e9quats, l\u2019\u00e9ducation sanitaire, le respect des mesures d\u2019hygi\u00e8ne lors de la manipulation des aliments et la vaccination anti-typho\u00efdique. Le risque de fi\u00e8vre typho\u00efde peut \u00eatre r\u00e9duit par des mesures d\u2019am\u00e9lioration de l\u2019approvisionnement en eau potable. La vaccination contre la fi\u00e8vre typho\u00efde peut faire r\u00e9gresser consid\u00e9rablement la charge de la maladie.<\/p>\n\n\n\n<p><strong>Quels sont les effets secondaires possibles du vaccin ?<\/strong><\/p>\n\n\n\n<p>Les effets ind\u00e9sirables peuvent \u00eatre la douleur au point d\u2019injection, ou l\u2019enflure au point d\u2019injection, ou l\u2019\u00e9ryth\u00e8me\/rougeur au point d\u2019injection, ou la fatigue et ou la fi\u00e8vre. Il est demand\u00e9 \u00e0 toute personne qui apr\u00e8s la vaccination se sentirait mal de se pr\u00e9senter dans un centre de sant\u00e9.<\/p>\n\n\n\n<p><strong><em>KOURAOGO Cath\u00e9rine<\/em><\/strong><\/p>\n","protected":false},"excerpt":{"rendered":"<p>Le ministre de la Sant\u00e9, Dr Robert Lucien Kargougou a lanc\u00e9 une vaste campagne de vaccination contre la fi\u00e8vre typho\u00efde\u00a0ce jeudi 23 janvier 2025. Cette campagne qui se d\u00e9roule du 23 au 29 janvier 2025 et vise 10.227.496 enfants \u00e2g\u00e9s de 9 mois \u00e0 14 ans. La fi\u00e8vre typho\u00efde est une maladie grave et parfois<\/p>\n","protected":false},"author":3,"featured_media":1558,"comment_status":"open","ping_status":"open","sticky":false,"template":"","format":"standard","meta":{"footnotes":""},"categories":[3,5],"tags":[],"class_list":["post-1557","post","type-post","status-publish","format-standard","has-post-thumbnail","hentry","category-actualite","category-sante"],"_links":{"self":[{"href":"https:\/\/www.sante-pourtous.net\/index.php?rest_route=\/wp\/v2\/posts\/1557","targetHints":{"allow":["GET"]}}],"collection":[{"href":"https:\/\/www.sante-pourtous.net\/index.php?rest_route=\/wp\/v2\/posts"}],"about":[{"href":"https:\/\/www.sante-pourtous.net\/index.php?rest_route=\/wp\/v2\/types\/post"}],"author":[{"embeddable":true,"href":"https:\/\/www.sante-pourtous.net\/index.php?rest_route=\/wp\/v2\/users\/3"}],"replies":[{"embeddable":true,"href":"https:\/\/www.sante-pourtous.net\/index.php?rest_route=%2Fwp%2Fv2%2Fcomments&post=1557"}],"version-history":[{"count":2,"href":"https:\/\/www.sante-pourtous.net\/index.php?rest_route=\/wp\/v2\/posts\/1557\/revisions"}],"predecessor-version":[{"id":1562,"href":"https:\/\/www.sante-pourtous.net\/index.php?rest_route=\/wp\/v2\/posts\/1557\/revisions\/1562"}],"wp:featuredmedia":[{"embeddable":true,"href":"https:\/\/www.sante-pourtous.net\/index.php?rest_route=\/wp\/v2\/media\/1558"}],"wp:attachment":[{"href":"https:\/\/www.sante-pourtous.net\/index.php?rest_route=%2Fwp%2Fv2%2Fmedia&parent=1557"}],"wp:term":[{"taxonomy":"category","embeddable":true,"href":"https:\/\/www.sante-pourtous.net\/index.php?rest_route=%2Fwp%2Fv2%2Fcategories&post=1557"},{"taxonomy":"post_tag","embeddable":true,"href":"https:\/\/www.sante-pourtous.net\/index.php?rest_route=%2Fwp%2Fv2%2Ftags&post=1557"}],"curies":[{"name":"wp","href":"https:\/\/api.w.org\/{rel}","templated":true}]}}