{"id":1603,"date":"2025-03-04T14:42:37","date_gmt":"2025-03-04T14:42:37","guid":{"rendered":"https:\/\/www.sante-pourtous.net\/?p=1603"},"modified":"2025-03-04T14:42:39","modified_gmt":"2025-03-04T14:42:39","slug":"delivrance-des-services-sociaux-de-base-des-efforts-appreciables-dans-le-secteur-de-la-sante-selon-une-etude-du-cera-fp-dans-34-communes-du-burkina-faso","status":"publish","type":"post","link":"https:\/\/www.sante-pourtous.net\/?p=1603","title":{"rendered":"D\u00e9livrance des services sociaux de base\u00a0: des efforts appr\u00e9ciables dans le secteur de la sant\u00e9 selon une \u00e9tude du CERA-FP dans 34 communes du Burkina Faso"},"content":{"rendered":"\n<p><strong><em>Au cours des derni\u00e8res d\u00e9cennies, divers m\u00e9canismes de contr\u00f4le citoyen ont \u00e9t\u00e9 mis en place pour permettre aux citoyens de surveiller de plus pr\u00e8s les actions publiques. La certification citoyenne, l\u2019un de ses m\u00e9canismes, vise principalement \u00e0 sensibiliser \u00e0 la participation aux politiques publiques, \u00e0 la formation civique et \u00e0 renforcer la participation citoyenne dans les prises de d\u00e9cisions. Pour une appr\u00e9ciation significative et constructive \u00e0 la gestion des affaires locales, des donn\u00e9es ont \u00e9t\u00e9 collect\u00e9es sur l\u2019offre des services publics dans 34 communes d\u2019intervention du Centre d\u2019Etude et de Recherches Appliqu\u00e9es en Finances Publiques (CERA-FP). Les r\u00e9sultats de cette \u00e9tude ont \u00e9t\u00e9 rendus publique ce 14 mars 2025 \u00e0 Ouagadougou.<\/em><\/strong><\/p>\n\n\n\n<figure class=\"wp-block-image size-large\"><img loading=\"lazy\" decoding=\"async\" width=\"1024\" height=\"461\" src=\"https:\/\/www.sante-pourtous.net\/wp-content\/uploads\/2025\/03\/PRESI-1024x461.jpg\" alt=\"\" class=\"wp-image-1607\" srcset=\"https:\/\/www.sante-pourtous.net\/wp-content\/uploads\/2025\/03\/PRESI-1024x461.jpg 1024w, https:\/\/www.sante-pourtous.net\/wp-content\/uploads\/2025\/03\/PRESI-300x135.jpg 300w, https:\/\/www.sante-pourtous.net\/wp-content\/uploads\/2025\/03\/PRESI-768x346.jpg 768w, https:\/\/www.sante-pourtous.net\/wp-content\/uploads\/2025\/03\/PRESI-1536x691.jpg 1536w, https:\/\/www.sante-pourtous.net\/wp-content\/uploads\/2025\/03\/PRESI-2048x922.jpg 2048w, https:\/\/www.sante-pourtous.net\/wp-content\/uploads\/2025\/03\/PRESI-650x293.jpg 650w, https:\/\/www.sante-pourtous.net\/wp-content\/uploads\/2025\/03\/PRESI-310x140.jpg 310w, https:\/\/www.sante-pourtous.net\/wp-content\/uploads\/2025\/03\/PRESI-150x68.jpg 150w\" sizes=\"auto, (max-width: 1024px) 100vw, 1024px\" \/><\/figure>\n\n\n\n<p><strong><em>Abdoul Doropo Demb\u00e9l\u00e9, Pr\u00e9sident du Conseil d\u2019Administration du CERA-FP, au milieu<\/em><\/strong><\/p>\n\n\n\n<p>Selon Abdoul Doropo Demb\u00e9l\u00e9, Pr\u00e9sident du Conseil d\u2019Administration du CERA-FP, <em>\u00ab&nbsp;la restitution des r\u00e9sultats de cette collecte de donn\u00e9es permettra de mesurer l\u2019action des collectivit\u00e9s locales dans le respect des principes de transparences, d\u2019efficacit\u00e9, de participation, l\u2019\u00e9quit\u00e9 et l\u2019obligation de rendre compte.&nbsp;\u00bb<\/em><\/p>\n\n\n\n<figure class=\"wp-block-image size-large\"><img loading=\"lazy\" decoding=\"async\" width=\"1024\" height=\"461\" src=\"https:\/\/www.sante-pourtous.net\/wp-content\/uploads\/2025\/03\/HERMANN-1024x461.jpg\" alt=\"\" class=\"wp-image-1606\" srcset=\"https:\/\/www.sante-pourtous.net\/wp-content\/uploads\/2025\/03\/HERMANN-1024x461.jpg 1024w, https:\/\/www.sante-pourtous.net\/wp-content\/uploads\/2025\/03\/HERMANN-300x135.jpg 300w, https:\/\/www.sante-pourtous.net\/wp-content\/uploads\/2025\/03\/HERMANN-768x346.jpg 768w, https:\/\/www.sante-pourtous.net\/wp-content\/uploads\/2025\/03\/HERMANN-1536x691.jpg 1536w, https:\/\/www.sante-pourtous.net\/wp-content\/uploads\/2025\/03\/HERMANN-2048x922.jpg 2048w, https:\/\/www.sante-pourtous.net\/wp-content\/uploads\/2025\/03\/HERMANN-650x293.jpg 650w, https:\/\/www.sante-pourtous.net\/wp-content\/uploads\/2025\/03\/HERMANN-310x140.jpg 310w, https:\/\/www.sante-pourtous.net\/wp-content\/uploads\/2025\/03\/HERMANN-150x68.jpg 150w\" sizes=\"auto, (max-width: 1024px) 100vw, 1024px\" \/><\/figure>\n\n\n\n<p><strong><em>Hermann Doanio, Secr\u00e9taire ex\u00e9cutif du CERA-FP<\/em><\/strong><\/p>\n\n\n\n<p>De l\u2019analyse intersectorielle, il ressort que les collectivit\u00e9s territoriales affichent des performances moyennes au niveau de la sant\u00e9 et l\u2019approvisionnement en eau potable et assainissement. La sant\u00e9 se &nbsp;distingue avec le score le plus \u00e9lev\u00e9 de <strong>66,7 <\/strong>points sur <strong>100<\/strong>, t\u00e9moignant d&rsquo;une gestion relativement efficace du secteur au niveau des collectivit\u00e9s territoriales. <em>\u00ab&nbsp;Ce succ\u00e8s peut \u00eatre attribu\u00e9 \u00e0 l&rsquo;intervention directe de l&rsquo;\u00c9tat, \u00e0 la participation active des ONG et associations de d\u00e9veloppement, ainsi qu&rsquo;\u00e0 la politique de gratuit\u00e9 des soins qui am\u00e9liore l&rsquo;accessibilit\u00e9&nbsp;\u00bb,<\/em> selon Hermann Doanio, Secr\u00e9taire ex\u00e9cutif du CERA-FP. Cependant, la faible implication des collectivit\u00e9s locales dans ce domaine semble paradoxalement contribuer \u00e0 son efficacit\u00e9.<\/p>\n\n\n\n<figure class=\"wp-block-image size-full\"><img loading=\"lazy\" decoding=\"async\" width=\"842\" height=\"433\" src=\"https:\/\/www.sante-pourtous.net\/wp-content\/uploads\/2025\/03\/GRAPHIC-1.jpg\" alt=\"\" class=\"wp-image-1605\" srcset=\"https:\/\/www.sante-pourtous.net\/wp-content\/uploads\/2025\/03\/GRAPHIC-1.jpg 842w, https:\/\/www.sante-pourtous.net\/wp-content\/uploads\/2025\/03\/GRAPHIC-1-300x154.jpg 300w, https:\/\/www.sante-pourtous.net\/wp-content\/uploads\/2025\/03\/GRAPHIC-1-768x395.jpg 768w, https:\/\/www.sante-pourtous.net\/wp-content\/uploads\/2025\/03\/GRAPHIC-1-583x300.jpg 583w, https:\/\/www.sante-pourtous.net\/wp-content\/uploads\/2025\/03\/GRAPHIC-1-310x159.jpg 310w, https:\/\/www.sante-pourtous.net\/wp-content\/uploads\/2025\/03\/GRAPHIC-1-150x77.jpg 150w\" sizes=\"auto, (max-width: 842px) 100vw, 842px\" \/><\/figure>\n\n\n\n<p>Le secteur de l&rsquo;eau et de l&rsquo;assainissement obtient un score interm\u00e9diaire de <strong>51,4 <\/strong>sur <strong>100<\/strong>, indiquant des progr\u00e8s notables mais aussi des marges d&rsquo;am\u00e9lioration. Les collectivit\u00e9s locales jouent ici un r\u00f4le crucial, notamment \u00e0 travers les syst\u00e8mes d\u2019Approvisionnement en Eau Potable (AEP) et d\u2019Adduction d&rsquo;Eau Potable Simplifi\u00e9e (AEPS), mais aussi l&rsquo;intervention du secteur priv\u00e9. Ce mod\u00e8le mixte semble porter ses fruits, bien que des efforts suppl\u00e9mentaires soient n\u00e9cessaires pour atteindre une couverture optimale.<\/p>\n\n\n\n<p>Par contre, les collectivit\u00e9s territoriales ont de faibles performances par rapport \u00e0 la fourniture des services d\u2019\u00e9ducation et la gouvernance locale. L\u2019\u00e9ducation, avec un score de <strong>39,1 <\/strong>sur <strong>100<\/strong>, fait face \u00e0 des d\u00e9fis plus importants. G\u00e9r\u00e9e principalement par les collectivit\u00e9s locales, elle souffre d&rsquo;un manque de ressources et de capacit\u00e9s pour r\u00e9pondre \u00e0 tous les besoins.<\/p>\n\n\n\n<figure class=\"wp-block-image size-large\"><img loading=\"lazy\" decoding=\"async\" width=\"1024\" height=\"461\" src=\"https:\/\/www.sante-pourtous.net\/wp-content\/uploads\/2025\/03\/SALLE-1-1024x461.jpg\" alt=\"\" class=\"wp-image-1608\" srcset=\"https:\/\/www.sante-pourtous.net\/wp-content\/uploads\/2025\/03\/SALLE-1-1024x461.jpg 1024w, https:\/\/www.sante-pourtous.net\/wp-content\/uploads\/2025\/03\/SALLE-1-300x135.jpg 300w, https:\/\/www.sante-pourtous.net\/wp-content\/uploads\/2025\/03\/SALLE-1-768x346.jpg 768w, https:\/\/www.sante-pourtous.net\/wp-content\/uploads\/2025\/03\/SALLE-1-1536x691.jpg 1536w, https:\/\/www.sante-pourtous.net\/wp-content\/uploads\/2025\/03\/SALLE-1-2048x922.jpg 2048w, https:\/\/www.sante-pourtous.net\/wp-content\/uploads\/2025\/03\/SALLE-1-650x293.jpg 650w, https:\/\/www.sante-pourtous.net\/wp-content\/uploads\/2025\/03\/SALLE-1-310x140.jpg 310w, https:\/\/www.sante-pourtous.net\/wp-content\/uploads\/2025\/03\/SALLE-1-150x68.jpg 150w\" sizes=\"auto, (max-width: 1024px) 100vw, 1024px\" \/><\/figure>\n\n\n\n<p><strong><em>Des participants venus de plusieurs secteurs et localit\u00e9s pour prendre part \u00e0 cet atelier de restitution<\/em><\/strong><\/p>\n\n\n\n<p>La gouvernance obtient le score le plus faible avec <strong>22,7 <\/strong>sur <strong>100<\/strong>, ce qui est particuli\u00e8rement pr\u00e9occupant \u00e9tant donn\u00e9 son impact potentiel sur tous les autres secteurs. Une corr\u00e9lation n\u00e9gative est notamment observ\u00e9e avec le secteur de l&rsquo;\u00e9ducation, sugg\u00e9rant que les probl\u00e8mes de gouvernance affectent particuli\u00e8rement ce domaine. Ce faible score pourrait refl\u00e9ter des probl\u00e8mes de transparence, d&rsquo;efficacit\u00e9 administrative ou de gestion des ressources<\/p>\n\n\n\n<figure class=\"wp-block-pullquote\"><blockquote><p><strong>Quelques recommandations du CERA-FP<\/strong><\/p><\/blockquote><\/figure>\n\n\n\n<p><strong><em>En mati\u00e8re d\u2019\u00e9ducation :<\/em><\/strong><\/p>\n\n\n\n<p>&#8211; Investir dans la construction, la r\u00e9novation et l&rsquo;entretien des b\u00e2timents scolaires pour assurer un environnement d&rsquo;apprentissage s\u00fbr, confortable et l\u2019am\u00e9lioration du rayon d\u2019acc\u00e8s<\/p>\n\n\n\n<p>&#8211; Fournir du mat\u00e9riel p\u00e9dagogique ad\u00e9quat, y compris des manuels scolaires, des fournitures et des \u00e9quipements technologiques.<\/p>\n\n\n\n<p>&#8211; Soutenir la formation continue des enseignants pour am\u00e9liorer la qualit\u00e9 de l&rsquo;enseignement.<\/p>\n\n\n\n<p>&#8211; Soutenir des programmes d&rsquo;alphab\u00e9tisation pour les adultes afin d&rsquo;am\u00e9liorer le soutien parental \u00e0 l&rsquo;\u00e9ducation des enfants.<\/p>\n\n\n\n<p><strong><em>En mati\u00e8re de sant\u00e9 :<\/em><\/strong><\/p>\n\n\n\n<p>&#8211; Dynamiser les structures associatives de gestion des centres de sant\u00e9 et leurs imposer d\u2019am\u00e9liorer l\u2019accessibilit\u00e9 des populations aux services de sant\u00e9 \u00e0 travers l\u2019am\u00e9lioration de la qualit\u00e9 des routes, mise en place des agents de sant\u00e9 \u00e0 base communautaire, la construction et l\u2019\u00e9quipement de nouveaux CSPS, etc.<\/p>\n\n\n\n<p>&#8211; Veiller \u00e0 la s\u00e9curit\u00e9 et \u00e0 l\u2019hygi\u00e8ne dans les structures de soins et plaider aupr\u00e8s de l\u2019Etat pour le renforcer de l\u2019effectif du personnel soignant en cas de besoin.<\/p>\n\n\n\n<p>&#8211; Equiper tous les CSPS en latrine et en forage et mettre en place un syst\u00e8me d\u2019entretien des \u00e9quipements.<\/p>\n\n\n\n<p>&#8211; D\u00e9velopper un syst\u00e8me informatis\u00e9 qui surveille les niveaux de stock en temps r\u00e9el et alerte les responsables lorsque les stocks d&rsquo;un m\u00e9dicament atteignent un seuil critique.<\/p>\n\n\n\n<p><strong><em>En mati\u00e8re de l\u2019eau potable et de l\u2019assainissement :<\/em><\/strong><\/p>\n\n\n\n<p>&#8211; Former le personnel communal et les acteurs locaux sur la gestion efficace des infrastructures d&rsquo;eau et d&rsquo;assainissement.<\/p>\n\n\n\n<p>&#8211; Augmenter les investissements pour la construction et la r\u00e9habilitation des points d&rsquo;eau et des installations sanitaires.<\/p>\n\n\n\n<p>&#8211; Impliquer activement les communaut\u00e9s dans la planification, la mise en \u0153uvre et le suivi des projets d&rsquo;eau et d&rsquo;assainissement.<\/p>\n\n\n\n<p><strong><em>En mati\u00e8re de gouvernance :<\/em><\/strong><\/p>\n\n\n\n<p>&#8211; Mettre en place des m\u00e9canismes pour assurer la transparence des d\u00e9cisions et des actions municipales, comme la publication r\u00e9guli\u00e8re des comptes-rendus de conseils municipaux et des budgets.<\/p>\n\n\n\n<p>&#8211; Encourager l&rsquo;implication des citoyens dans la prise de d\u00e9cision \u00e0 travers des consultations publiques, des comit\u00e9s de quartier, ou des plateformes de d\u00e9mocratie participative.<\/p>\n\n\n\n<p>&#8211; Optimiser l&rsquo;utilisation des ressources publiques en mettant en place des syst\u00e8mes de gestion performants et en \u00e9valuant r\u00e9guli\u00e8rement les politiques mises en \u0153uvre.<\/p>\n\n\n\n<p>&#8211; \u00c9tablir des m\u00e9canismes clairs de reddition de comptes pour les \u00e9lus et les fonctionnaires municipaux.<\/p>\n\n\n\n<p>&#8211; Veiller \u00e0 l&rsquo;application \u00e9quitable des lois et r\u00e8glements au niveau local.<\/p>\n\n\n\n<p>&#8211; S&rsquo;assurer que tous les groupes de la soci\u00e9t\u00e9, y compris les plus marginalis\u00e9s, sont pris en compte dans les politiques et les services municipaux.<\/p>\n\n\n\n<figure class=\"wp-block-image size-large\"><img loading=\"lazy\" decoding=\"async\" width=\"1024\" height=\"461\" src=\"https:\/\/www.sante-pourtous.net\/wp-content\/uploads\/2025\/03\/FAMILLE-1-1024x461.jpg\" alt=\"\" class=\"wp-image-1609\" srcset=\"https:\/\/www.sante-pourtous.net\/wp-content\/uploads\/2025\/03\/FAMILLE-1-1024x461.jpg 1024w, https:\/\/www.sante-pourtous.net\/wp-content\/uploads\/2025\/03\/FAMILLE-1-300x135.jpg 300w, https:\/\/www.sante-pourtous.net\/wp-content\/uploads\/2025\/03\/FAMILLE-1-768x346.jpg 768w, https:\/\/www.sante-pourtous.net\/wp-content\/uploads\/2025\/03\/FAMILLE-1-1536x691.jpg 1536w, https:\/\/www.sante-pourtous.net\/wp-content\/uploads\/2025\/03\/FAMILLE-1-2048x922.jpg 2048w, https:\/\/www.sante-pourtous.net\/wp-content\/uploads\/2025\/03\/FAMILLE-1-650x293.jpg 650w, https:\/\/www.sante-pourtous.net\/wp-content\/uploads\/2025\/03\/FAMILLE-1-310x140.jpg 310w, https:\/\/www.sante-pourtous.net\/wp-content\/uploads\/2025\/03\/FAMILLE-1-150x68.jpg 150w\" sizes=\"auto, (max-width: 1024px) 100vw, 1024px\" \/><\/figure>\n\n\n\n<p>En rappel, la certification citoyenne de la d\u00e9livrance des services publics est un des outils du CCAP. C\u2019est un outil permettant d\u2019engager les citoyens dans l\u2019\u00e9valuation de la qualit\u00e9 des services publics tels que les soins de sant\u00e9 primaires, l\u2019approvisionnement en eau, les infrastructures publiques, l\u2019enseignement, etc. La certification citoyenne est l\u2019un des outils utilis\u00e9s par le CERA-FP pour renforcer cette participation citoyenne.<\/p>\n","protected":false},"excerpt":{"rendered":"<p>Au cours des derni\u00e8res d\u00e9cennies, divers m\u00e9canismes de contr\u00f4le citoyen ont \u00e9t\u00e9 mis en place pour permettre aux citoyens de surveiller de plus pr\u00e8s les actions publiques. La certification citoyenne, l\u2019un de ses m\u00e9canismes, vise principalement \u00e0 sensibiliser \u00e0 la participation aux politiques publiques, \u00e0 la formation civique et \u00e0 renforcer la participation citoyenne dans<\/p>\n","protected":false},"author":3,"featured_media":1604,"comment_status":"open","ping_status":"open","sticky":false,"template":"","format":"standard","meta":{"footnotes":""},"categories":[3,5],"tags":[],"class_list":["post-1603","post","type-post","status-publish","format-standard","has-post-thumbnail","hentry","category-actualite","category-sante"],"_links":{"self":[{"href":"https:\/\/www.sante-pourtous.net\/index.php?rest_route=\/wp\/v2\/posts\/1603","targetHints":{"allow":["GET"]}}],"collection":[{"href":"https:\/\/www.sante-pourtous.net\/index.php?rest_route=\/wp\/v2\/posts"}],"about":[{"href":"https:\/\/www.sante-pourtous.net\/index.php?rest_route=\/wp\/v2\/types\/post"}],"author":[{"embeddable":true,"href":"https:\/\/www.sante-pourtous.net\/index.php?rest_route=\/wp\/v2\/users\/3"}],"replies":[{"embeddable":true,"href":"https:\/\/www.sante-pourtous.net\/index.php?rest_route=%2Fwp%2Fv2%2Fcomments&post=1603"}],"version-history":[{"count":1,"href":"https:\/\/www.sante-pourtous.net\/index.php?rest_route=\/wp\/v2\/posts\/1603\/revisions"}],"predecessor-version":[{"id":1610,"href":"https:\/\/www.sante-pourtous.net\/index.php?rest_route=\/wp\/v2\/posts\/1603\/revisions\/1610"}],"wp:featuredmedia":[{"embeddable":true,"href":"https:\/\/www.sante-pourtous.net\/index.php?rest_route=\/wp\/v2\/media\/1604"}],"wp:attachment":[{"href":"https:\/\/www.sante-pourtous.net\/index.php?rest_route=%2Fwp%2Fv2%2Fmedia&parent=1603"}],"wp:term":[{"taxonomy":"category","embeddable":true,"href":"https:\/\/www.sante-pourtous.net\/index.php?rest_route=%2Fwp%2Fv2%2Fcategories&post=1603"},{"taxonomy":"post_tag","embeddable":true,"href":"https:\/\/www.sante-pourtous.net\/index.php?rest_route=%2Fwp%2Fv2%2Ftags&post=1603"}],"curies":[{"name":"wp","href":"https:\/\/api.w.org\/{rel}","templated":true}]}}