{"id":1644,"date":"2025-03-13T11:41:37","date_gmt":"2025-03-13T11:41:37","guid":{"rendered":"https:\/\/www.sante-pourtous.net\/?p=1644"},"modified":"2025-03-13T11:41:38","modified_gmt":"2025-03-13T11:41:38","slug":"affections-renales-le-ministre-de-la-sante-robert-kargougou-annonce-louverture-prochaine-de-nouveaux-centres-dhemodialyse-dans-les-chr-de-gaoua-fada-ngourma-banfora-de","status":"publish","type":"post","link":"https:\/\/www.sante-pourtous.net\/?p=1644","title":{"rendered":"Affections r\u00e9nales : le ministre de la Sant\u00e9, Robert Kargougou annonce l\u2019ouverture prochaine de nouveaux centres d\u2019h\u00e9modialyse dans les CHR de Gaoua, Fada N\u2019Gourma, Banfora, D\u00e9dougou et Dori"},"content":{"rendered":"\n<p><em><strong>Ce 13 mars 2025, le Burkina Faso, \u00e0 l\u2019instar des autres pays du monde c\u00e9l\u00e8bre la Journ\u00e9e mondiale du rein. A l\u2019occasion de cette comm\u00e9moration qui a pour th\u00e8me\u00a0: \u00ab \ud835\udc02\ud835\udc28\ud835\udc26\ud835\udc26\ud835\udc1e\ud835\udc27\ud835\udc2d \ud835\udc2f\ud835\udc28\ud835\udc27\ud835\udc2d \ud835\udc2f\ud835\udc28\ud835\udc2c \ud835\udc2b\ud835\udc1e\ud835\udc22\ud835\udc27\ud835\udc2c ? \ud835\udc14\ud835\udc27\ud835\udc1e \ud835\udc1d\u00e9\ud835\udc2d\ud835\udc1e\ud835\udc1c\ud835\udc2d\ud835\udc22\ud835\udc28\ud835\udc27 \ud835\udc29\ud835\udc2b\u00e9\ud835\udc1c\ud835\udc28\ud835\udc1c\ud835\udc1e \ud835\udc29\ud835\udc2b\ud835\udc28\ud835\udc2d\u00e8\ud835\udc20\ud835\udc1e \ud835\udc25\ud835\udc1a \ud835\udc2c\ud835\udc1a\ud835\udc27\ud835\udc2d\u00e9 \ud835\udc1d\ud835\udc1e \ud835\udc2f\ud835\udc28\ud835\udc2c \ud835\udc2b\ud835\udc1e\ud835\udc22\ud835\udc27\ud835\udc2c \u00bb cette ann\u00e9e, le ministre de la Sant\u00e9, Robert Kargougou dresse le bilan des actions men\u00e9es par son d\u00e9partement minist\u00e9riel en mati\u00e8re de sant\u00e9 r\u00e9nale et donne une esquisse sur les perspectives pour faire face aux d\u00e9fis persistants.<\/strong><\/em><\/p>\n\n\n\n<p>Chaque ann\u00e9e, le deuxi\u00e8me jeudi du mois de mars, le monde entier se mobilise pour c\u00e9l\u00e9brer la Journ\u00e9e mondiale du Rein. Le Burkina Faso, \u00e0 l\u2019instar des autres pays du monde, prend part \u00e0 cette importante comm\u00e9moration qui constitue une occasion privil\u00e9gi\u00e9e de sensibiliser notre population sur l\u2019importance de la sant\u00e9 r\u00e9nale.<\/p>\n\n\n\n<p>Cette journ\u00e9e vise \u00e0 rappeler l\u2019impact des maladies r\u00e9nales chroniques sur la sant\u00e9 publique, \u00e0 renforcer la connaissance sur leurs facteurs de risque, \u00e0 promouvoir la pr\u00e9vention et \u00e0 encourager l\u2019adoption de modes de vie sains. C\u2019est \u00e9galement une opportunit\u00e9 de dresser le bilan des actions men\u00e9es par le Minist\u00e8re de la Sant\u00e9 en mati\u00e8re de sant\u00e9 r\u00e9nale et d\u2019esquisser les perspectives pour faire face aux d\u00e9fis persistants.<\/p>\n\n\n\n<p>Le th\u00e8me retenu cette ann\u00e9e est : \u00ab \ud835\udc02\ud835\udc28\ud835\udc26\ud835\udc26\ud835\udc1e\ud835\udc27\ud835\udc2d \ud835\udc2f\ud835\udc28\ud835\udc27\ud835\udc2d \ud835\udc2f\ud835\udc28\ud835\udc2c \ud835\udc2b\ud835\udc1e\ud835\udc22\ud835\udc27\ud835\udc2c ? \ud835\udc14\ud835\udc27\ud835\udc1e \ud835\udc1d\u00e9\ud835\udc2d\ud835\udc1e\ud835\udc1c\ud835\udc2d\ud835\udc22\ud835\udc28\ud835\udc27 \ud835\udc29\ud835\udc2b\u00e9\ud835\udc1c\ud835\udc28\ud835\udc1c\ud835\udc1e \ud835\udc29\ud835\udc2b\ud835\udc28\ud835\udc2d\u00e8\ud835\udc20\ud835\udc1e \ud835\udc25\ud835\udc1a \ud835\udc2c\ud835\udc1a\ud835\udc27\ud835\udc2d\u00e9 \ud835\udc1d\ud835\udc1e \ud835\udc2f\ud835\udc28\ud835\udc2c \ud835\udc2b\ud835\udc1e\ud835\udc22\ud835\udc27\ud835\udc2c \u00bb. Ce th\u00e8me invite chacune et chacun \u00e0 prendre conscience de l\u2019importance du d\u00e9pistage et de la pr\u00e9vention des maladies r\u00e9nales, v\u00e9ritables menaces silencieuses pour la sant\u00e9.<\/p>\n\n\n\n<figure class=\"wp-block-pullquote\"><blockquote><p><strong>\ud835\udc0f\ud835\udc2b\ud835\udc1e\ud835\udc27\ud835\udc1d\ud835\udc2b\ud835\udc1e \ud835\udc2c\ud835\udc28\ud835\udc22\ud835\udc27 \ud835\udc1d\ud835\udc1e \ud835\udc2c\ud835\udc1e\ud835\udc2c \ud835\udc2b\ud835\udc1e\ud835\udc22\ud835\udc27\ud835\udc2c : \ud835\udc2e\ud835\udc27 \ud835\udc1e\ud835\udc27\ud835\udc23\ud835\udc1e\ud835\udc2e \ud835\udc1d\ud835\udc1e \ud835\udc2c\ud835\udc1a\ud835\udc27\ud835\udc2d\u00e9 \ud835\udc29\ud835\udc2e\ud835\udc1b\ud835\udc25\ud835\udc22\ud835\udc2a\ud835\udc2e\ud835\udc1e \ud835\udc26\ud835\udc28\ud835\udc27\ud835\udc1d\ud835\udc22\ud835\udc1a\ud835\udc25 \ud835\udc1e\ud835\udc2d \ud835\udc27\ud835\udc1a\ud835\udc2d\ud835\udc22\ud835\udc28\ud835\udc27\ud835\udc1a\ud835\udc25<\/strong><\/p><\/blockquote><\/figure>\n\n\n\n<p>Selon l\u2019Organisation mondiale de la sant\u00e9 (OMS), une personne adulte sur dix souffre d\u2019une affection r\u00e9nale, soit pr\u00e8s de \ud835\udfd6\ud835\udfd3\ud835\udfce \ud835\udc26\ud835\udc22\ud835\udc25\ud835\udc25\ud835\udc22\ud835\udc28\ud835\udc27\ud835\udc2c \ud835\udc1d\ud835\udc1e \ud835\udc29\ud835\udc1e\ud835\udc2b\ud835\udc2c\ud835\udc28\ud835\udc27\ud835\udc27\ud835\udc1e\ud835\udc2c \ud835\udc1d\ud835\udc1a\ud835\udc27\ud835\udc2c \ud835\udc25\ud835\udc1e \ud835\udc26\ud835\udc28\ud835\udc27\ud835\udc1d\ud835\udc1e. Entre 1990 et 2019, les maladies r\u00e9nales sont pass\u00e9es du \ud835\udfcf\ud835\udfd5\ud835\udc1e \ud835\udc1a\ud835\udc2e \ud835\udfcf\ud835\udfce\ud835\udc1e rang des causes de d\u00e9c\u00e8s dans le monde, et sans action efficace, elles pourraient devenir la \ud835\udfd3\ud835\udc1e \ud835\udc1c\ud835\udc1a\ud835\udc2e\ud835\udc2c\ud835\udc1e \ud835\udc1d\ud835\udc1e \ud835\udc1d\u00e9\ud835\udc1c\u00e8\ud835\udc2c \u00e0 l\u2019horizon 2040.<\/p>\n\n\n\n<p>En Afrique, faute de registres nationaux, l\u2019ampleur r\u00e9elle des maladies r\u00e9nales est mal connue. Toutefois, les estimations indiquent une pr\u00e9valence de \ud835\udfcf\ud835\udfcf \u00e0 \ud835\udfcf\ud835\udfd1% dans la plupart des pays d&rsquo;Afrique subsaharienne, touchant principalement des personnes jeunes, contrairement aux pays d\u00e9velopp\u00e9s o\u00f9 la maladie affecte majoritairement les personnes \u00e2g\u00e9es.<\/p>\n\n\n\n<p>Au Burkina Faso, en 2023, on estimait \u00e0 \ud835\udfd0,\ud835\udfd3 \ud835\udc26\ud835\udc22\ud835\udc25\ud835\udc25\ud835\udc22\ud835\udc28\ud835\udc27\ud835\udc2c le nombre de personnes souffrant d\u2019une maladie r\u00e9nale chronique, dont une grande majorit\u00e9 l\u2019ignore. En milieu hospitalier, plus du tiers des patients sont diagnostiqu\u00e9s \u00e0 un stade terminal, ne laissant comme seule option th\u00e9rapeutique que l\u2019h\u00e9modialyse. En 2023 toujours, le pays comptait plus d\u2019\ud835\udc2e\ud835\udc27 \ud835\udc26\ud835\udc22\ud835\udc25\ud835\udc25\ud835\udc22\ud835\udc1e\ud835\udc2b \ud835\udc1d\ud835\udc1e \ud835\udc29\ud835\udc1a\ud835\udc2d\ud835\udc22\ud835\udc1e\ud835\udc27\ud835\udc2d\ud835\udc2c \ud835\udc2c\ud835\udc28\ud835\udc2e\ud835\udc2c \ud835\udc1d\ud835\udc22\ud835\udc1a\ud835\udc25\ud835\udc32\ud835\udc2c\ud835\udc1e, alors que les besoins sont estim\u00e9s \u00e0 \ud835\udc1e\ud835\udc27\ud835\udc2f\ud835\udc22\ud835\udc2b\ud835\udc28\ud835\udc27 \ud835\udfd0\ud835\udfce \ud835\udfce\ud835\udfce\ud835\udfce \ud835\udc29\ud835\udc1a\ud835\udc2d\ud835\udc22\ud835\udc1e\ud835\udc27\ud835\udc2d\ud835\udc2c. Cette m\u00eame ann\u00e9e, \ud835\udfd5\ud835\udfd0\ud835\udfd5 \ud835\udc1d\u00e9\ud835\udc1c\u00e8\ud835\udc2c li\u00e9s \u00e0 l\u2019insuffisance r\u00e9nale chronique ont \u00e9t\u00e9 enregistr\u00e9s.<\/p>\n\n\n\n<figure class=\"wp-block-pullquote\"><blockquote><p><strong>\ud835\udc0b\ud835\udc1e\ud835\udc2c \ud835\udc1c\ud835\udc1a\ud835\udc2e\ud835\udc2c\ud835\udc1e\ud835\udc2c \ud835\udc26\ud835\udc1a\ud835\udc23\ud835\udc1e\ud835\udc2e\ud835\udc2b\ud835\udc1e\ud835\udc2c \ud835\udc1e\ud835\udc2d \ud835\udc25\ud835\udc1e\ud835\udc2c \ud835\udc2d\ud835\udc1e\ud835\udc27\ud835\udc1d\ud835\udc1a\ud835\udc27\ud835\udc1c\ud835\udc1e\ud835\udc2c \ud835\udc29\ud835\udc2b\u00e9\ud835\udc28\ud835\udc1c\ud835\udc1c\ud835\udc2e\ud835\udc29\ud835\udc1a\ud835\udc27\ud835\udc2d\ud835\udc1e\ud835\udc2c<\/strong><\/p><\/blockquote><\/figure>\n\n\n\n<p>Les principales causes de l\u2019insuffisance r\u00e9nale chronique sont l\u2019\ud835\udc21\ud835\udc32\ud835\udc29\ud835\udc1e\ud835\udc2b\ud835\udc2d\ud835\udc1e\ud835\udc27\ud835\udc2c\ud835\udc22\ud835\udc28\ud835\udc27 \ud835\udc1a\ud835\udc2b\ud835\udc2d\u00e9\ud835\udc2b\ud835\udc22\ud835\udc1e\ud835\udc25\ud835\udc25\ud835\udc1e (\ud835\udc07\ud835\udc13\ud835\udc00) et le \ud835\udc1d\ud835\udc22\ud835\udc1a\ud835\udc1b\u00e8\ud835\udc2d\ud835\udc1e, responsables de pr\u00e8s d&rsquo;\ud835\udc2e\ud835\udc27 \ud835\udc1c\ud835\udc1a\ud835\udc2c \ud835\udc2c\ud835\udc2e\ud835\udc2b \ud835\udc1d\ud835\udc1e\ud835\udc2e\ud835\udc31. Selon les enqu\u00eates nationales STEPS, la pr\u00e9valence de l\u2019HTA est pass\u00e9e de \ud835\udfcf\ud835\udfd5,\ud835\udfd4% \u00e0 \ud835\udfcf\ud835\udfd6,\ud835\udfd0% et celle du diab\u00e8te de \ud835\udfd2,\ud835\udfd7% \u00e0 \ud835\udfd5,\ud835\udfd4% entre 2013 et 2021. Ces deux maladies provoquent des l\u00e9sions des petits vaisseaux sanguins r\u00e9naux, alt\u00e9rant progressivement le fonctionnement des reins.<\/p>\n\n\n\n<p>Ces tendances traduisent l\u2019ampleur des d\u00e9fis \u00e0 relever par notre syst\u00e8me de sant\u00e9 et appellent \u00e0 une action concert\u00e9e et renforc\u00e9e.<\/p>\n\n\n\n<figure class=\"wp-block-pullquote\"><blockquote><p><strong>\ud835\udc0b\ud835\udc1e\ud835\udc2c \ud835\udc1a\ud835\udc1c\ud835\udc2d\ud835\udc22\ud835\udc28\ud835\udc27\ud835\udc2c \ud835\udc1e\ud835\udc27\ud835\udc20\ud835\udc1a\ud835\udc20\u00e9\ud835\udc1e\ud835\udc2c \ud835\udc29\ud835\udc1a\ud835\udc2b \ud835\udc25\ud835\udc1e \ud835\udc20\ud835\udc28\ud835\udc2e\ud835\udc2f\ud835\udc1e\ud835\udc2b\ud835\udc27\ud835\udc1e\ud835\udc26\ud835\udc1e\ud835\udc27\ud835\udc2d<\/strong><\/p><\/blockquote><\/figure>\n\n\n\n<p>Face \u00e0 cette situation, le Minist\u00e8re de la Sant\u00e9, avec l\u2019appui de ses partenaires, a \u00e9labor\u00e9 un \ud835\udc0f\ud835\udc25\ud835\udc1a\ud835\udc27 \ud835\udc2c\ud835\udc2d\ud835\udc2b\ud835\udc1a\ud835\udc2d\u00e9\ud835\udc20\ud835\udc22\ud835\udc2a\ud835\udc2e\ud835\udc1e \ud835\udc22\ud835\udc27\ud835\udc2d\u00e9\ud835\udc20\ud835\udc2b\u00e9 \ud835\udc1d\ud835\udc1e \ud835\udc25\ud835\udc1a \ud835\udc25\ud835\udc2e\ud835\udc2d\ud835\udc2d\ud835\udc1e \ud835\udc1c\ud835\udc28\ud835\udc27\ud835\udc2d\ud835\udc2b\ud835\udc1e \ud835\udc25\ud835\udc1e\ud835\udc2c \ud835\udc26\ud835\udc1a\ud835\udc25\ud835\udc1a\ud835\udc1d\ud835\udc22\ud835\udc1e\ud835\udc2c \ud835\udc27\ud835\udc28\ud835\udc27 \ud835\udc2d\ud835\udc2b\ud835\udc1a\ud835\udc27\ud835\udc2c\ud835\udc26\ud835\udc22\ud835\udc2c\ud835\udc2c\ud835\udc22\ud835\udc1b\ud835\udc25\ud835\udc1e\ud835\udc2c \ud835\udfd0\ud835\udfce\ud835\udfd0\ud835\udfd2-\ud835\udfd0\ud835\udfce\ud835\udfd0\ud835\udfd6, ax\u00e9 sur la pr\u00e9vention, la sensibilisation, le d\u00e9pistage pr\u00e9coce et la prise en charge adapt\u00e9e.<\/p>\n\n\n\n<p>Le pays dispose actuellement de \ud835\udc2c\ud835\udc22\ud835\udc31 \ud835\udc1c\ud835\udc1e\ud835\udc27\ud835\udc2d\ud835\udc2b\ud835\udc1e\ud835\udc2c \ud835\udc1d\u2019\ud835\udc21\u00e9\ud835\udc26\ud835\udc28\ud835\udc1d\ud835\udc22\ud835\udc1a\ud835\udc25\ud835\udc32\ud835\udc2c\ud835\udc1e fonctionnels implant\u00e9s au Centre hospitalier universitaire (CHU) Yalgado Ou\u00e9draogo, au CHU de Bogodogo, au CHU de Tengandogo, au CHU Sourou Sanou, au Centre hospitalier universitaire r\u00e9gional de Ouahigouya et au Centre hospitalier r\u00e9gional (CHR) de Tenkodogo.<\/p>\n\n\n\n<p>Dans une dynamique d\u2019am\u00e9lioration de l\u2019acc\u00e8s financier aux soins, le gouvernement a d\u00e9cid\u00e9, le 13 mars 2024, de r\u00e9duire significativement le co\u00fbt de plusieurs actes m\u00e9dicaux. Ainsi, dans les h\u00f4pitaux publics :<\/p>\n\n\n\n<p>&#8211; Le scanner passe de 50 000 F CFA \u00e0 25 000 F CFA<\/p>\n\n\n\n<p>&#8211; L\u2019IRM passe de 100 000 F CFA \u00e0 40 000 F CFA<\/p>\n\n\n\n<p>&#8211; La s\u00e9ance de dialyse passe de 15 000 F CFA \u00e0 2 500 F CFA<\/p>\n\n\n\n<p>&#8211; La caution de 500 000 F CFA exig\u00e9e pour la dialyse a \u00e9t\u00e9 purement et simplement supprim\u00e9e.<\/p>\n\n\n\n<figure class=\"wp-block-pullquote\"><blockquote><p><strong>\ud835\udc15\ud835\udc1e\ud835\udc2b\ud835\udc2c \ud835\udc25\ud835\udc1a \ud835\udc20\ud835\udc2b\ud835\udc1e\ud835\udc1f\ud835\udc1f\ud835\udc1e \ud835\udc2b\u00e9\ud835\udc27\ud835\udc1a\ud835\udc25\ud835\udc1e<\/strong><\/p><\/blockquote><\/figure>\n\n\n\n<p>Le Burkina Faso franchit \u00e9galement des \u00e9tapes d\u00e9cisives pour rendre la transplantation r\u00e9nale une r\u00e9alit\u00e9. Apr\u00e8s le vote de la \ud835\udc25\ud835\udc28\ud835\udc22 \ud835\udc27\u00b0\ud835\udfce\ud835\udfd1\ud835\udfd6-\ud835\udfd0\ud835\udfce\ud835\udfd0\ud835\udfce relative au don, au pr\u00e9l\u00e8vement, \u00e0 la transplantation et aux greffes d\u2019organes, de tissus et de cellules humains en d\u00e9cembre 2020, l\u2019adoption \ud835\udc1d\ud835\udc1e\ud835\udc2c \ud835\udc1d\u00e9\ud835\udc1c\ud835\udc2b\ud835\udc1e\ud835\udc2d\ud835\udc2c \ud835\udc1d\u2019\ud835\udc1a\ud835\udc29\ud835\udc29\ud835\udc25\ud835\udc22\ud835\udc1c\ud835\udc1a\ud835\udc2d\ud835\udc22\ud835\udc28\ud835\udc27 en ao\u00fbt 2023, et la mise en place du \ud835\udc02\ud835\udc28\ud835\udc26\ud835\udc22\ud835\udc2d\u00e9 \ud835\udc27\ud835\udc1a\ud835\udc2d\ud835\udc22\ud835\udc28\ud835\udc27\ud835\udc1a\ud835\udc25 \ud835\udc1d\ud835\udc1e \ud835\udc1c\ud835\udc28\ud835\udc27\ud835\udc2d\ud835\udc2b\u00f4\ud835\udc25\ud835\udc1e \ud835\udc1e\ud835\udc2d \ud835\udc1d\u2019\u00e9\ud835\udc2d\ud835\udc21\ud835\udc22\ud835\udc2a\ud835\udc2e\ud835\udc1e en juillet 2024, le pays pr\u00e9voit r\u00e9aliser, en 2025, les premi\u00e8res transplantations r\u00e9nales sur des couples de patients. Ces avanc\u00e9es marquent un tournant dans la prise en charge de l\u2019insuffisance r\u00e9nale chronique et nourrissent un espoir l\u00e9gitime pour de nombreux malades.<\/p>\n\n\n\n<figure class=\"wp-block-pullquote\"><blockquote><p><strong>\ud835\udc0b\ud835\udc1e\ud835\udc2c \ud835\udc29\ud835\udc1e\ud835\udc2b\ud835\udc2c\ud835\udc29\ud835\udc1e\ud835\udc1c\ud835\udc2d\ud835\udc22\ud835\udc2f\ud835\udc1e\ud835\udc2c \ud835\udc1d\ud835\udc1e \ud835\udc26\ud835\udc28\ud835\udc27 \ud835\udc1d\u00e9\ud835\udc29\ud835\udc1a\ud835\udc2b\ud835\udc2d\ud835\udc1e\ud835\udc26\ud835\udc1e\ud835\udc27\ud835\udc2d<\/strong><\/p><\/blockquote><\/figure>\n\n\n\n<p>Parmi les priorit\u00e9s du Minist\u00e8re de la Sant\u00e9 figurent :<\/p>\n\n\n\n<p>&#8211; L\u2019ouverture prochaine de nouveaux centres d\u2019h\u00e9modialyse dans les CHR de Gaoua, Fada N\u2019Gourma, Banfora, D\u00e9dougou et Dori<\/p>\n\n\n\n<p>&#8211; Le d\u00e9veloppement de la transplantation r\u00e9nale comme alternative durable \u00e0 la dialyse.<\/p>\n\n\n\n<p>Cependant, au regard de l\u2019ampleur de la maladie r\u00e9nale et des cons\u00e9quences sociod\u00e9mographiques dans notre pays, j\u2019en appelle \u00e0 la pr\u00e9vention, qui reste la meilleure arme contre la maladie r\u00e9nale chronique et l\u2019insuffisance r\u00e9nale. J\u2019invite donc l\u2019ensemble de la population, en particulier les adultes, \u00e0 \ud835\udc1c\ud835\udc28\ud835\udc27\ud835\udc2d\ud835\udc2b\u00f4\ud835\udc25\ud835\udc1e\ud835\udc2b \ud835\udc2b\u00e9\ud835\udc20\ud835\udc2e\ud835\udc25\ud835\udc22\u00e8\ud835\udc2b\ud835\udc1e\ud835\udc26\ud835\udc1e\ud835\udc27\ud835\udc2d \ud835\udc25\ud835\udc1e\ud835\udc2e\ud835\udc2b \ud835\udc2d\ud835\udc1e\ud835\udc27\ud835\udc2c\ud835\udc22\ud835\udc28\ud835\udc27 \ud835\udc1a\ud835\udc2b\ud835\udc2d\u00e9\ud835\udc2b\ud835\udc22\ud835\udc1e\ud835\udc25\ud835\udc25\ud835\udc1e \ud835\udc1e\ud835\udc2d \ud835\udc25\ud835\udc1e\ud835\udc2e\ud835\udc2b \ud835\udc20\ud835\udc25\ud835\udc32\ud835\udc1c\u00e9\ud835\udc26\ud835\udc22\ud835\udc1e, au moins une fois par an. La pr\u00e9vention de la maladie r\u00e9nale chronique et de l\u2019insuffisance r\u00e9nale passe aussi par :<\/p>\n\n\n\n<p>&#8211; La \ud835\udc25\ud835\udc2e\ud835\udc2d\ud835\udc2d\ud835\udc1e \ud835\udc1c\ud835\udc28\ud835\udc27\ud835\udc2d\ud835\udc2b\ud835\udc1e \ud835\udc25\u2019\ud835\udc1a\ud835\udc2e\ud835\udc2d\ud835\udc28\ud835\udc26\u00e9\ud835\udc1d\ud835\udc22\ud835\udc1c\ud835\udc1a\ud835\udc2d\ud835\udc22\ud835\udc28\ud835\udc27 et \ud835\udc25\ud835\udc1e\ud835\udc2c \ud835\udc26\u00e9\ud835\udc1d\ud835\udc22\ud835\udc1c\ud835\udc1a\ud835\udc26\ud835\udc1e\ud835\udc27\ud835\udc2d\ud835\udc2c \ud835\udc1d\ud835\udc1e \ud835\udc25\ud835\udc1a \ud835\udc2b\ud835\udc2e\ud835\udc1e<\/p>\n\n\n\n<p>&#8211; L\u2019adoption d\u2019un \ud835\udc26\ud835\udc28\ud835\udc1d\ud835\udc1e \ud835\udc1d\ud835\udc1e \ud835\udc2f\ud835\udc22\ud835\udc1e \ud835\udc2c\ud835\udc1a\ud835\udc22\ud835\udc27 : pratique r\u00e9guli\u00e8re d\u2019une activit\u00e9 physique, alimentation \u00e9quilibr\u00e9e, mod\u00e9ration de la consommation de sel, de sucre, de graisses et d\u2019alcool, arr\u00eat du tabac.<\/p>\n\n\n\n<figure class=\"wp-block-pullquote\"><blockquote><p><strong>\ud835\udc04\ud835\udc27 \ud835\udc1c\ud835\udc28\ud835\udc27\ud835\udc1c\ud835\udc25\ud835\udc2e\ud835\udc2c\ud835\udc22\ud835\udc28\ud835\udc27<\/strong><\/p><\/blockquote><\/figure>\n\n\n\n<p>Chers compatriotes, en cette Journ\u00e9e mondiale du rein, j\u2019en appelle \u00e0 \ud835\udc25\ud835\udc1a \ud835\udc2b\ud835\udc1e\ud835\udc2c\ud835\udc29\ud835\udc28\ud835\udc27\ud835\udc2c\ud835\udc1a\ud835\udc1b\ud835\udc22\ud835\udc25\ud835\udc22\ud835\udc2d\u00e9 \ud835\udc22\ud835\udc27\ud835\udc1d\ud835\udc22\ud835\udc2f\ud835\udc22\ud835\udc1d\ud835\udc2e\ud835\udc1e\ud835\udc25\ud835\udc25\ud835\udc1e \ud835\udc1e\ud835\udc2d \ud835\udc1c\ud835\udc28\ud835\udc25\ud835\udc25\ud835\udc1e\ud835\udc1c\ud835\udc2d\ud835\udc22\ud835\udc2f\ud835\udc1e. Prot\u00e9geons nos reins en adoptant des comportements de pr\u00e9vention. Ensemble, mobilisons-nous pour freiner la progression des maladies r\u00e9nales dans notre pays.<\/p>\n\n\n\n<p><strong><em>Le Ministre de la Sant\u00e9<\/em><\/strong><\/p>\n\n\n\n<p><strong><em>Dr Robert Lucien Jean-Claude KARGOUGOU<\/em><\/strong><\/p>\n\n\n\n<p><strong><em>Officier de l\u2019Ordre de l\u2019\u00c9talon<\/em><\/strong><\/p>\n","protected":false},"excerpt":{"rendered":"<p>Ce 13 mars 2025, le Burkina Faso, \u00e0 l\u2019instar des autres pays du monde c\u00e9l\u00e8bre la Journ\u00e9e mondiale du rein. A l\u2019occasion de cette comm\u00e9moration qui a pour th\u00e8me\u00a0: \u00ab \ud835\udc02\ud835\udc28\ud835\udc26\ud835\udc26\ud835\udc1e\ud835\udc27\ud835\udc2d \ud835\udc2f\ud835\udc28\ud835\udc27\ud835\udc2d \ud835\udc2f\ud835\udc28\ud835\udc2c \ud835\udc2b\ud835\udc1e\ud835\udc22\ud835\udc27\ud835\udc2c ? \ud835\udc14\ud835\udc27\ud835\udc1e \ud835\udc1d\u00e9\ud835\udc2d\ud835\udc1e\ud835\udc1c\ud835\udc2d\ud835\udc22\ud835\udc28\ud835\udc27 \ud835\udc29\ud835\udc2b\u00e9\ud835\udc1c\ud835\udc28\ud835\udc1c\ud835\udc1e \ud835\udc29\ud835\udc2b\ud835\udc28\ud835\udc2d\u00e8\ud835\udc20\ud835\udc1e \ud835\udc25\ud835\udc1a \ud835\udc2c\ud835\udc1a\ud835\udc27\ud835\udc2d\u00e9 \ud835\udc1d\ud835\udc1e \ud835\udc2f\ud835\udc28\ud835\udc2c \ud835\udc2b\ud835\udc1e\ud835\udc22\ud835\udc27\ud835\udc2c \u00bb cette ann\u00e9e, le ministre de la Sant\u00e9, Robert Kargougou dresse<\/p>\n","protected":false},"author":3,"featured_media":1645,"comment_status":"open","ping_status":"open","sticky":false,"template":"","format":"standard","meta":{"footnotes":""},"categories":[3,5],"tags":[],"class_list":["post-1644","post","type-post","status-publish","format-standard","has-post-thumbnail","hentry","category-actualite","category-sante"],"_links":{"self":[{"href":"https:\/\/www.sante-pourtous.net\/index.php?rest_route=\/wp\/v2\/posts\/1644","targetHints":{"allow":["GET"]}}],"collection":[{"href":"https:\/\/www.sante-pourtous.net\/index.php?rest_route=\/wp\/v2\/posts"}],"about":[{"href":"https:\/\/www.sante-pourtous.net\/index.php?rest_route=\/wp\/v2\/types\/post"}],"author":[{"embeddable":true,"href":"https:\/\/www.sante-pourtous.net\/index.php?rest_route=\/wp\/v2\/users\/3"}],"replies":[{"embeddable":true,"href":"https:\/\/www.sante-pourtous.net\/index.php?rest_route=%2Fwp%2Fv2%2Fcomments&post=1644"}],"version-history":[{"count":1,"href":"https:\/\/www.sante-pourtous.net\/index.php?rest_route=\/wp\/v2\/posts\/1644\/revisions"}],"predecessor-version":[{"id":1646,"href":"https:\/\/www.sante-pourtous.net\/index.php?rest_route=\/wp\/v2\/posts\/1644\/revisions\/1646"}],"wp:featuredmedia":[{"embeddable":true,"href":"https:\/\/www.sante-pourtous.net\/index.php?rest_route=\/wp\/v2\/media\/1645"}],"wp:attachment":[{"href":"https:\/\/www.sante-pourtous.net\/index.php?rest_route=%2Fwp%2Fv2%2Fmedia&parent=1644"}],"wp:term":[{"taxonomy":"category","embeddable":true,"href":"https:\/\/www.sante-pourtous.net\/index.php?rest_route=%2Fwp%2Fv2%2Fcategories&post=1644"},{"taxonomy":"post_tag","embeddable":true,"href":"https:\/\/www.sante-pourtous.net\/index.php?rest_route=%2Fwp%2Fv2%2Ftags&post=1644"}],"curies":[{"name":"wp","href":"https:\/\/api.w.org\/{rel}","templated":true}]}}