{"id":1671,"date":"2025-05-14T16:53:16","date_gmt":"2025-05-14T16:53:16","guid":{"rendered":"https:\/\/www.sante-pourtous.net\/?p=1671"},"modified":"2025-05-14T16:53:16","modified_gmt":"2025-05-14T16:53:16","slug":"autonomie-des-femmes-addes-burkina-vole-au-secours-de-78-femmes-et-filles-deplacees-interne-de-dialgaye","status":"publish","type":"post","link":"https:\/\/www.sante-pourtous.net\/?p=1671","title":{"rendered":"Autonomie des femmes : ADDES Burkina vole au secours de 78 femmes et filles d\u00e9plac\u00e9es interne de Dialgaye"},"content":{"rendered":"\n<p><em><strong>Autonomiser les femmes et les jeunes \u00e0 travers des formations adapt\u00e9es, c\u2019est l\u2019objectif principal de l\u2019Association d\u2019appui \u00e0 la D\u00e9centralisation et au D\u00e9veloppement Economique et Sociale du Burkina (ADDES Burkina). Ainsi, 78 femmes et filles d\u00e9plac\u00e9es interne ont b\u00e9n\u00e9fici\u00e9 d\u2019une formation en teinture, tissage, production de pagnes k\u00f4k\u00f4dunda et en coupe et couture. Les 78 b\u00e9n\u00e9ficiaires, consid\u00e9r\u00e9es d\u00e9sormais comme des formatrices ont re\u00e7u leur attestation le dimanche 11 mai 2025 au si\u00e8ge de l\u2019association \u00e0 Dialgaye.<\/strong><\/em><\/p>\n\n\n\n<figure class=\"wp-block-image size-large\"><img loading=\"lazy\" decoding=\"async\" width=\"1024\" height=\"479\" src=\"https:\/\/www.sante-pourtous.net\/wp-content\/uploads\/2025\/05\/VUE-1024x479.jpg\" alt=\"\" class=\"wp-image-1673\" srcset=\"https:\/\/www.sante-pourtous.net\/wp-content\/uploads\/2025\/05\/VUE-1024x479.jpg 1024w, https:\/\/www.sante-pourtous.net\/wp-content\/uploads\/2025\/05\/VUE-300x140.jpg 300w, https:\/\/www.sante-pourtous.net\/wp-content\/uploads\/2025\/05\/VUE-768x360.jpg 768w, https:\/\/www.sante-pourtous.net\/wp-content\/uploads\/2025\/05\/VUE-1536x719.jpg 1536w, https:\/\/www.sante-pourtous.net\/wp-content\/uploads\/2025\/05\/VUE-641x300.jpg 641w, https:\/\/www.sante-pourtous.net\/wp-content\/uploads\/2025\/05\/VUE-310x145.jpg 310w, https:\/\/www.sante-pourtous.net\/wp-content\/uploads\/2025\/05\/VUE-150x70.jpg 150w, https:\/\/www.sante-pourtous.net\/wp-content\/uploads\/2025\/05\/VUE.jpg 1777w\" sizes=\"auto, (max-width: 1024px) 100vw, 1024px\" \/><\/figure>\n\n\n\n<p><em>Elles sont au total 78 a b\u00e9n\u00e9ficier de cette formation, soit 30 en teinture et tissage, 28 en production de pagnes k\u00f4k\u00f4dunda et 20 en coupe et couture. Une initiative qui selon Em\u00e9ry Zougmor\u00e9, PCA de ADDES Burkina, s\u2019inscrit dans la vision de l\u2019association. Notamment celle de contribuer \u00e0 l\u2019autonomisation \u00e9conomique des femmes, en particulier celles en situation de vuln\u00e9rabilit\u00e9.<\/em><\/p>\n\n\n\n<figure class=\"wp-block-image size-large\"><img loading=\"lazy\" decoding=\"async\" width=\"1024\" height=\"450\" src=\"https:\/\/www.sante-pourtous.net\/wp-content\/uploads\/2025\/05\/FAMILLE-1024x450.jpg\" alt=\"\" class=\"wp-image-1674\" srcset=\"https:\/\/www.sante-pourtous.net\/wp-content\/uploads\/2025\/05\/FAMILLE-1024x450.jpg 1024w, https:\/\/www.sante-pourtous.net\/wp-content\/uploads\/2025\/05\/FAMILLE-300x132.jpg 300w, https:\/\/www.sante-pourtous.net\/wp-content\/uploads\/2025\/05\/FAMILLE-768x338.jpg 768w, https:\/\/www.sante-pourtous.net\/wp-content\/uploads\/2025\/05\/FAMILLE-1536x675.jpg 1536w, https:\/\/www.sante-pourtous.net\/wp-content\/uploads\/2025\/05\/FAMILLE-650x286.jpg 650w, https:\/\/www.sante-pourtous.net\/wp-content\/uploads\/2025\/05\/FAMILLE-310x136.jpg 310w, https:\/\/www.sante-pourtous.net\/wp-content\/uploads\/2025\/05\/FAMILLE-150x66.jpg 150w, https:\/\/www.sante-pourtous.net\/wp-content\/uploads\/2025\/05\/FAMILLE.jpg 1831w\" sizes=\"auto, (max-width: 1024px) 100vw, 1024px\" \/><\/figure>\n\n\n\n<p><em>\u00ab Je suis tr\u00e8s fi\u00e8re de ces filles et femmes qui ont fait preuve de r\u00e9silience. Ce n\u2019\u00e9tait pas facile mais elles se sont montr\u00e9es engager et d\u00e9termin\u00e9es. Elles sont bien outill\u00e9es pour faire valoir leur savoir faire\u00bb, rassure Justine Yanogo\/Ou\u00e9draogo, la formatrice principale.<\/em><\/p>\n\n\n\n<figure class=\"wp-block-image size-large\"><img loading=\"lazy\" decoding=\"async\" width=\"1024\" height=\"632\" src=\"https:\/\/www.sante-pourtous.net\/wp-content\/uploads\/2025\/05\/MME-OUEDRAOGO-1024x632.jpg\" alt=\"\" class=\"wp-image-1675\" srcset=\"https:\/\/www.sante-pourtous.net\/wp-content\/uploads\/2025\/05\/MME-OUEDRAOGO-1024x632.jpg 1024w, https:\/\/www.sante-pourtous.net\/wp-content\/uploads\/2025\/05\/MME-OUEDRAOGO-300x185.jpg 300w, https:\/\/www.sante-pourtous.net\/wp-content\/uploads\/2025\/05\/MME-OUEDRAOGO-768x474.jpg 768w, https:\/\/www.sante-pourtous.net\/wp-content\/uploads\/2025\/05\/MME-OUEDRAOGO-1536x948.jpg 1536w, https:\/\/www.sante-pourtous.net\/wp-content\/uploads\/2025\/05\/MME-OUEDRAOGO-486x300.jpg 486w, https:\/\/www.sante-pourtous.net\/wp-content\/uploads\/2025\/05\/MME-OUEDRAOGO-310x191.jpg 310w, https:\/\/www.sante-pourtous.net\/wp-content\/uploads\/2025\/05\/MME-OUEDRAOGO-150x93.jpg 150w, https:\/\/www.sante-pourtous.net\/wp-content\/uploads\/2025\/05\/MME-OUEDRAOGO.jpg 1647w\" sizes=\"auto, (max-width: 1024px) 100vw, 1024px\" \/><\/figure>\n\n\n\n<p><em>Au nom des apprenantes, L\u00e9onie Sorgho Minoungou, coordonnatrice communale des femmes de Dialgaye n\u2019a que le mot \u00abMerci\u00bb pour exprimer sa reconnaissance. \u00ab C\u2019est quelque chose que nous attendions depuis longtemps et aujourd\u2019hui, nous ne pouvons qu\u2019\u00eatre heureuses \u00bb, fait-elle remarquer.<\/em><\/p>\n\n\n\n<figure class=\"wp-block-image size-large\"><img loading=\"lazy\" decoding=\"async\" width=\"1024\" height=\"654\" src=\"https:\/\/www.sante-pourtous.net\/wp-content\/uploads\/2025\/05\/SORGHO-1024x654.jpg\" alt=\"\" class=\"wp-image-1676\" srcset=\"https:\/\/www.sante-pourtous.net\/wp-content\/uploads\/2025\/05\/SORGHO-1024x654.jpg 1024w, https:\/\/www.sante-pourtous.net\/wp-content\/uploads\/2025\/05\/SORGHO-300x192.jpg 300w, https:\/\/www.sante-pourtous.net\/wp-content\/uploads\/2025\/05\/SORGHO-768x491.jpg 768w, https:\/\/www.sante-pourtous.net\/wp-content\/uploads\/2025\/05\/SORGHO-1536x981.jpg 1536w, https:\/\/www.sante-pourtous.net\/wp-content\/uploads\/2025\/05\/SORGHO-470x300.jpg 470w, https:\/\/www.sante-pourtous.net\/wp-content\/uploads\/2025\/05\/SORGHO-310x198.jpg 310w, https:\/\/www.sante-pourtous.net\/wp-content\/uploads\/2025\/05\/SORGHO-150x96.jpg 150w, https:\/\/www.sante-pourtous.net\/wp-content\/uploads\/2025\/05\/SORGHO.jpg 1601w\" sizes=\"auto, (max-width: 1024px) 100vw, 1024px\" \/><\/figure>\n\n\n\n<p><em>Tout en saluant cette initiative de ADDES Burkina qui vient sauver cette situation de vuln\u00e9rabilit\u00e9 de certaines femmes dans la r\u00e9gion, le Haut Commissaire de la province du Kouritenga prodigu\u00e9 des conseils aux imp\u00e9trants et souhaiter qu\u2019elles fassent de ce centre un vivier pour l\u2019ensemble de la population de Dialgaye. \u00ab J\u2019invite les filles et fils de la localit\u00e9 \u00e0 embo\u00eeter le pas \u00e0 M. Zougmor\u00e9\u00bb, a-t-il ajout\u00e9.<\/em><\/p>\n\n\n\n<figure class=\"wp-block-image size-large\"><img loading=\"lazy\" decoding=\"async\" width=\"1024\" height=\"555\" src=\"https:\/\/www.sante-pourtous.net\/wp-content\/uploads\/2025\/05\/HAUT-COMMISSAIRE-1024x555.jpg\" alt=\"\" class=\"wp-image-1677\" srcset=\"https:\/\/www.sante-pourtous.net\/wp-content\/uploads\/2025\/05\/HAUT-COMMISSAIRE-1024x555.jpg 1024w, https:\/\/www.sante-pourtous.net\/wp-content\/uploads\/2025\/05\/HAUT-COMMISSAIRE-300x163.jpg 300w, https:\/\/www.sante-pourtous.net\/wp-content\/uploads\/2025\/05\/HAUT-COMMISSAIRE-768x416.jpg 768w, https:\/\/www.sante-pourtous.net\/wp-content\/uploads\/2025\/05\/HAUT-COMMISSAIRE-1536x832.jpg 1536w, https:\/\/www.sante-pourtous.net\/wp-content\/uploads\/2025\/05\/HAUT-COMMISSAIRE-554x300.jpg 554w, https:\/\/www.sante-pourtous.net\/wp-content\/uploads\/2025\/05\/HAUT-COMMISSAIRE-310x168.jpg 310w, https:\/\/www.sante-pourtous.net\/wp-content\/uploads\/2025\/05\/HAUT-COMMISSAIRE-150x81.jpg 150w, https:\/\/www.sante-pourtous.net\/wp-content\/uploads\/2025\/05\/HAUT-COMMISSAIRE.jpg 1855w\" sizes=\"auto, (max-width: 1024px) 100vw, 1024px\" \/><\/figure>\n\n\n\n<p><em>Pour sa part, le PDS de Dialgaye, Joseph Sawadogo a indiqu\u00e9 toute sa satisfaction pour cette initiative de ADDES Burkina : \u00ab Cela va apporter beaucoup \u00e0 la localit\u00e9 et c\u2019est pour cela que je demande \u00e0 tous les partenaires d\u2019accompagner cette initiative qui vise l\u2019autonomisation de nos filles et femmes.\u00bb<\/em><\/p>\n\n\n\n<figure class=\"wp-block-image size-large\"><img loading=\"lazy\" decoding=\"async\" width=\"1024\" height=\"494\" src=\"https:\/\/www.sante-pourtous.net\/wp-content\/uploads\/2025\/05\/APPRENANTES-1024x494.jpg\" alt=\"\" class=\"wp-image-1678\" srcset=\"https:\/\/www.sante-pourtous.net\/wp-content\/uploads\/2025\/05\/APPRENANTES-1024x494.jpg 1024w, https:\/\/www.sante-pourtous.net\/wp-content\/uploads\/2025\/05\/APPRENANTES-300x145.jpg 300w, https:\/\/www.sante-pourtous.net\/wp-content\/uploads\/2025\/05\/APPRENANTES-768x370.jpg 768w, https:\/\/www.sante-pourtous.net\/wp-content\/uploads\/2025\/05\/APPRENANTES-1536x741.jpg 1536w, https:\/\/www.sante-pourtous.net\/wp-content\/uploads\/2025\/05\/APPRENANTES-622x300.jpg 622w, https:\/\/www.sante-pourtous.net\/wp-content\/uploads\/2025\/05\/APPRENANTES-310x150.jpg 310w, https:\/\/www.sante-pourtous.net\/wp-content\/uploads\/2025\/05\/APPRENANTES-150x72.jpg 150w, https:\/\/www.sante-pourtous.net\/wp-content\/uploads\/2025\/05\/APPRENANTES.jpg 1777w\" sizes=\"auto, (max-width: 1024px) 100vw, 1024px\" \/><\/figure>\n\n\n\n<p><em>Une invite qui aura certainement des \u00e9chos favorables : \u00ab c\u2019est une satisfaction totale pour moi. Ce que j\u2019ai vu aujourd\u2019hui est \u00e0 f\u00e9liciter et nous esp\u00e9rons que ce centre prosp\u00e9rera et je puis rassurer que nous sommes ensemble \u00bb, a rassur\u00e9 Mme Ouattara, cheffe d\u2019agence Coris banque international de Koup\u00e9la.<\/em><\/p>\n\n\n\n<figure class=\"wp-block-image size-large\"><img loading=\"lazy\" decoding=\"async\" width=\"1024\" height=\"566\" src=\"https:\/\/www.sante-pourtous.net\/wp-content\/uploads\/2025\/05\/TISSAGE-1-1024x566.jpg\" alt=\"\" class=\"wp-image-1679\" srcset=\"https:\/\/www.sante-pourtous.net\/wp-content\/uploads\/2025\/05\/TISSAGE-1-1024x566.jpg 1024w, https:\/\/www.sante-pourtous.net\/wp-content\/uploads\/2025\/05\/TISSAGE-1-300x166.jpg 300w, https:\/\/www.sante-pourtous.net\/wp-content\/uploads\/2025\/05\/TISSAGE-1-768x424.jpg 768w, https:\/\/www.sante-pourtous.net\/wp-content\/uploads\/2025\/05\/TISSAGE-1-1536x848.jpg 1536w, https:\/\/www.sante-pourtous.net\/wp-content\/uploads\/2025\/05\/TISSAGE-1-543x300.jpg 543w, https:\/\/www.sante-pourtous.net\/wp-content\/uploads\/2025\/05\/TISSAGE-1-310x171.jpg 310w, https:\/\/www.sante-pourtous.net\/wp-content\/uploads\/2025\/05\/TISSAGE-1-150x83.jpg 150w, https:\/\/www.sante-pourtous.net\/wp-content\/uploads\/2025\/05\/TISSAGE-1.jpg 1823w\" sizes=\"auto, (max-width: 1024px) 100vw, 1024px\" \/><\/figure>\n\n\n\n<p><em>Situ\u00e9e dans la r\u00e9gion du Centre-Est, Dialgaye compte une population de 13 431 habitants. Cependant, 22,1 % de cette population n\u2019est pas alphab\u00e9tis\u00e9e et 40,3% d\u2019elle est inoccup\u00e9e. La population au ch\u00f4mage est une sous-composante de la main-d\u2019\u0153uvre qui n\u2019est pas pourvue d\u2019emploi mais qui est disponible et en demande. C\u2019est donc l\u2019une des raisons fondamentales de la cr\u00e9ation de ADDES Burkina.<\/em><\/p>\n\n\n\n<figure class=\"wp-block-image size-large\"><img loading=\"lazy\" decoding=\"async\" width=\"1024\" height=\"502\" src=\"https:\/\/www.sante-pourtous.net\/wp-content\/uploads\/2025\/05\/TEINTURE-1024x502.jpg\" alt=\"\" class=\"wp-image-1680\" srcset=\"https:\/\/www.sante-pourtous.net\/wp-content\/uploads\/2025\/05\/TEINTURE-1024x502.jpg 1024w, https:\/\/www.sante-pourtous.net\/wp-content\/uploads\/2025\/05\/TEINTURE-300x147.jpg 300w, https:\/\/www.sante-pourtous.net\/wp-content\/uploads\/2025\/05\/TEINTURE-768x376.jpg 768w, https:\/\/www.sante-pourtous.net\/wp-content\/uploads\/2025\/05\/TEINTURE-1536x752.jpg 1536w, https:\/\/www.sante-pourtous.net\/wp-content\/uploads\/2025\/05\/TEINTURE-612x300.jpg 612w, https:\/\/www.sante-pourtous.net\/wp-content\/uploads\/2025\/05\/TEINTURE-310x152.jpg 310w, https:\/\/www.sante-pourtous.net\/wp-content\/uploads\/2025\/05\/TEINTURE-150x73.jpg 150w, https:\/\/www.sante-pourtous.net\/wp-content\/uploads\/2025\/05\/TEINTURE.jpg 1823w\" sizes=\"auto, (max-width: 1024px) 100vw, 1024px\" \/><\/figure>\n\n\n\n<p><em>Dans son plan d\u2019action, l\u2019association a entrepris la cr\u00e9ation d\u2019un centre de formation en vue de r\u00e9pondre aux besoins d\u2019emploi de la population. L\u2019ADDES Burkina ne se limite pas qu\u2019\u00e0 la formation. Elle entend accompagner les apprenantes \u00e0 travers une mutuelle afin d\u2019assurer leur autonomie financi\u00e8re. En plus, il est ouvert \u00e0 tous les Burkinab\u00e8 d\u00e9sireux d\u2019apprendre un m\u00e9tier afin de se faire une place dans la soci\u00e9t\u00e9. En plus de la teinture, la couture, le tissage, on y trouve \u00e9galement un atelier de fabrication de grillage, de la maraicheculture, d\u2019\u00e9levage de volaille etc.<\/em><\/p>\n\n\n\n<figure class=\"wp-block-image size-large\"><img loading=\"lazy\" decoding=\"async\" width=\"1024\" height=\"613\" src=\"https:\/\/www.sante-pourtous.net\/wp-content\/uploads\/2025\/05\/EXPO-1024x613.jpg\" alt=\"\" class=\"wp-image-1681\" srcset=\"https:\/\/www.sante-pourtous.net\/wp-content\/uploads\/2025\/05\/EXPO-1024x613.jpg 1024w, https:\/\/www.sante-pourtous.net\/wp-content\/uploads\/2025\/05\/EXPO-300x180.jpg 300w, https:\/\/www.sante-pourtous.net\/wp-content\/uploads\/2025\/05\/EXPO-768x460.jpg 768w, https:\/\/www.sante-pourtous.net\/wp-content\/uploads\/2025\/05\/EXPO-1536x919.jpg 1536w, https:\/\/www.sante-pourtous.net\/wp-content\/uploads\/2025\/05\/EXPO-501x300.jpg 501w, https:\/\/www.sante-pourtous.net\/wp-content\/uploads\/2025\/05\/EXPO-310x185.jpg 310w, https:\/\/www.sante-pourtous.net\/wp-content\/uploads\/2025\/05\/EXPO-150x90.jpg 150w, https:\/\/www.sante-pourtous.net\/wp-content\/uploads\/2025\/05\/EXPO.jpg 1698w\" sizes=\"auto, (max-width: 1024px) 100vw, 1024px\" \/><\/figure>\n\n\n\n<figure class=\"wp-block-image size-large\"><img loading=\"lazy\" decoding=\"async\" width=\"1024\" height=\"716\" src=\"https:\/\/www.sante-pourtous.net\/wp-content\/uploads\/2025\/05\/GRILLAGE-1024x716.jpg\" alt=\"\" class=\"wp-image-1682\" srcset=\"https:\/\/www.sante-pourtous.net\/wp-content\/uploads\/2025\/05\/GRILLAGE-1024x716.jpg 1024w, https:\/\/www.sante-pourtous.net\/wp-content\/uploads\/2025\/05\/GRILLAGE-300x210.jpg 300w, https:\/\/www.sante-pourtous.net\/wp-content\/uploads\/2025\/05\/GRILLAGE-768x537.jpg 768w, https:\/\/www.sante-pourtous.net\/wp-content\/uploads\/2025\/05\/GRILLAGE-429x300.jpg 429w, https:\/\/www.sante-pourtous.net\/wp-content\/uploads\/2025\/05\/GRILLAGE-310x217.jpg 310w, https:\/\/www.sante-pourtous.net\/wp-content\/uploads\/2025\/05\/GRILLAGE-150x105.jpg 150w, https:\/\/www.sante-pourtous.net\/wp-content\/uploads\/2025\/05\/GRILLAGE.jpg 1452w\" sizes=\"auto, (max-width: 1024px) 100vw, 1024px\" \/><\/figure>\n\n\n\n<p><em><strong>Aatelier de fabrication de grillage<\/strong><\/em><\/p>\n","protected":false},"excerpt":{"rendered":"<p>Autonomiser les femmes et les jeunes \u00e0 travers des formations adapt\u00e9es, c\u2019est l\u2019objectif principal de l\u2019Association d\u2019appui \u00e0 la D\u00e9centralisation et au D\u00e9veloppement Economique et Sociale du Burkina (ADDES Burkina). Ainsi, 78 femmes et filles d\u00e9plac\u00e9es interne ont b\u00e9n\u00e9fici\u00e9 d\u2019une formation en teinture, tissage, production de pagnes k\u00f4k\u00f4dunda et en coupe et couture. Les 78<\/p>\n","protected":false},"author":3,"featured_media":1672,"comment_status":"open","ping_status":"open","sticky":false,"template":"","format":"standard","meta":{"footnotes":""},"categories":[3],"tags":[],"class_list":["post-1671","post","type-post","status-publish","format-standard","has-post-thumbnail","hentry","category-actualite"],"_links":{"self":[{"href":"https:\/\/www.sante-pourtous.net\/index.php?rest_route=\/wp\/v2\/posts\/1671","targetHints":{"allow":["GET"]}}],"collection":[{"href":"https:\/\/www.sante-pourtous.net\/index.php?rest_route=\/wp\/v2\/posts"}],"about":[{"href":"https:\/\/www.sante-pourtous.net\/index.php?rest_route=\/wp\/v2\/types\/post"}],"author":[{"embeddable":true,"href":"https:\/\/www.sante-pourtous.net\/index.php?rest_route=\/wp\/v2\/users\/3"}],"replies":[{"embeddable":true,"href":"https:\/\/www.sante-pourtous.net\/index.php?rest_route=%2Fwp%2Fv2%2Fcomments&post=1671"}],"version-history":[{"count":1,"href":"https:\/\/www.sante-pourtous.net\/index.php?rest_route=\/wp\/v2\/posts\/1671\/revisions"}],"predecessor-version":[{"id":1683,"href":"https:\/\/www.sante-pourtous.net\/index.php?rest_route=\/wp\/v2\/posts\/1671\/revisions\/1683"}],"wp:featuredmedia":[{"embeddable":true,"href":"https:\/\/www.sante-pourtous.net\/index.php?rest_route=\/wp\/v2\/media\/1672"}],"wp:attachment":[{"href":"https:\/\/www.sante-pourtous.net\/index.php?rest_route=%2Fwp%2Fv2%2Fmedia&parent=1671"}],"wp:term":[{"taxonomy":"category","embeddable":true,"href":"https:\/\/www.sante-pourtous.net\/index.php?rest_route=%2Fwp%2Fv2%2Fcategories&post=1671"},{"taxonomy":"post_tag","embeddable":true,"href":"https:\/\/www.sante-pourtous.net\/index.php?rest_route=%2Fwp%2Fv2%2Ftags&post=1671"}],"curies":[{"name":"wp","href":"https:\/\/api.w.org\/{rel}","templated":true}]}}