{"id":1684,"date":"2025-05-21T07:57:38","date_gmt":"2025-05-21T07:57:38","guid":{"rendered":"https:\/\/www.sante-pourtous.net\/?p=1684"},"modified":"2025-05-21T07:57:39","modified_gmt":"2025-05-21T07:57:39","slug":"economie-denergie-des-journalistes-outilles-pour-informer-et-sensibiliser","status":"publish","type":"post","link":"https:\/\/www.sante-pourtous.net\/?p=1684","title":{"rendered":"\u00c9conomie d\u2019\u00e9nergie : des journalistes outill\u00e9s pour informer et sensibiliser"},"content":{"rendered":"\n<p><strong><em>L\u2019Agence Nationale des \u00c9nergies Renouvelables et de l\u2019Efficacit\u00e9 \u00c9nerg\u00e9tique (ANEREE) a organis\u00e9 le vendredi 16 mai 2025 \u00e0 Ouagadougou un atelier de sensibilisation \u00e0 l\u2019intention des journalistes, avec pour objectif de renforcer leurs connaissances sur les \u00e9nergies renouvelables et l\u2019efficacit\u00e9 \u00e9nerg\u00e9tique.<\/em><\/strong><\/p>\n\n\n\n<p>Cette initiative s\u2019inscrit dans le cadre du programme d\u2019activit\u00e9s 2025 de l\u2019agence et vise \u00e0 impliquer davantage les professionnels des m\u00e9dias dans la promotion des bonnes pratiques \u00e9nerg\u00e9tiques au Burkina Faso.<\/p>\n\n\n\n<p>L\u2019atelier, qui a r\u00e9uni une quarantaine de journalistes membres du R\u00e9seau des journalistes et communicateurs pour les \u00e9nergies et le d\u00e9veloppement durable, a permis d\u2019aborder des th\u00e9matiques telles que l\u2019\u00e9conomie d\u2019\u00e9nergie, l\u2019audit \u00e9nerg\u00e9tique et les gestes simples \u00e0 adopter pour r\u00e9duire la consommation \u00e9nerg\u00e9tique.<\/p>\n\n\n\n<p>Les participants ont \u00e9t\u00e9 form\u00e9s sur des modules pratiques portant sur les m\u00e9canismes d\u2019optimisation de l\u2019\u00e9nergie, l\u2019importance de l\u2019audit \u00e9nerg\u00e9tique et les techniques de traitement journalistique des questions li\u00e9es \u00e0 la transition \u00e9nerg\u00e9tique. Ils ont salu\u00e9 une session enrichissante qui leur permettra de produire des contenus mieux inform\u00e9s, utiles pour sensibiliser leurs audiences.<\/p>\n\n\n\n<p>Dans son discours d\u2019ouverture, le Directeur g\u00e9n\u00e9ral de l\u2019ANEREE, Tobour\u00e9 Gandr\u00e9, a soulign\u00e9 l\u2019importance d\u2019associer les journalistes aux efforts de sensibilisation des populations. \u00ab <em>La presse reste et demeure pour nous, techniciens, l\u2019une des meilleures parades pour injecter dans les consciences populaires les germes de l\u2019\u00e9conomie d\u2019\u00e9nergie<\/em> \u00bb, a-t-il d\u00e9clar\u00e9, avant d&rsquo;ajouter que \u00ab <em>chaque Burkinab\u00e8 est un acteur majeur de la promotion de l\u2019efficacit\u00e9 \u00e9nerg\u00e9tique <\/em>\u00bb.<\/p>\n\n\n\n<p>L\u2019ANEREE, a rappel\u00e9 son directeur, a pour mission de d\u00e9velopper les \u00e9nergies renouvelables et de promouvoir l\u2019efficacit\u00e9 \u00e9nerg\u00e9tique sur l\u2019ensemble du territoire. Parmi ses attributions figurent le contr\u00f4le de la conformit\u00e9 des \u00e9quipements solaires, la coordination des audits \u00e9nerg\u00e9tiques ou encore le conseil et l\u2019accompagnement du public et des professionnels. Face au co\u00fbt \u00e9lev\u00e9 de la production \u00e9nerg\u00e9tique et \u00e0 la forte pression sur la demande nationale, l\u2019agence mise sur l\u2019adoption de comportements responsables pour soulager le r\u00e9seau et favoriser un meilleur acc\u00e8s \u00e0 l\u2019\u00e9nergie. \u00ab <em>Savoir utiliser rationnellement l\u2019\u00e9nergie, c\u2019est baisser sa facture, mais aussi permettre \u00e0 d\u2019autres d\u2019en b\u00e9n\u00e9ficier<\/em> \u00bb, a insist\u00e9 le DG.<\/p>\n\n\n\n<figure class=\"wp-block-image size-large\"><img loading=\"lazy\" decoding=\"async\" width=\"1024\" height=\"767\" src=\"https:\/\/www.sante-pourtous.net\/wp-content\/uploads\/2025\/05\/ANEREE-3-1024x767.jpeg\" alt=\"\" class=\"wp-image-1686\" srcset=\"https:\/\/www.sante-pourtous.net\/wp-content\/uploads\/2025\/05\/ANEREE-3-1024x767.jpeg 1024w, https:\/\/www.sante-pourtous.net\/wp-content\/uploads\/2025\/05\/ANEREE-3-300x225.jpeg 300w, https:\/\/www.sante-pourtous.net\/wp-content\/uploads\/2025\/05\/ANEREE-3-768x575.jpeg 768w, https:\/\/www.sante-pourtous.net\/wp-content\/uploads\/2025\/05\/ANEREE-3-400x300.jpeg 400w, https:\/\/www.sante-pourtous.net\/wp-content\/uploads\/2025\/05\/ANEREE-3-310x232.jpeg 310w, https:\/\/www.sante-pourtous.net\/wp-content\/uploads\/2025\/05\/ANEREE-3-140x105.jpeg 140w, https:\/\/www.sante-pourtous.net\/wp-content\/uploads\/2025\/05\/ANEREE-3.jpeg 1080w\" sizes=\"auto, (max-width: 1024px) 100vw, 1024px\" \/><\/figure>\n\n\n\n<p><strong>\u00a0<em>Tobour\u00e9 Gandr\u00e9, Directeur g\u00e9n\u00e9ral de l\u2019ANEREE au milieu<\/em><\/strong><\/p>\n\n\n\n<p>Abdoulaye Dianda, directeur de la communication, de la vulgarisation, de l\u2019information et de la sensibilisation \u00e0 l\u2019ANEREE a salu\u00e9 la mobilisation des journalistes, rappelant que cet atelier s\u2019inscrit dans une logique de collaboration continue entre l\u2019agence et le R\u00e9seau des journalistes pour les \u00e9nergies. \u00ab Nous savons que nous ne pouvons pas toucher chaque Burkinab\u00e8 individuellement, mais \u00e0 travers vous, la presse, nous pouvons atteindre des millions \u00bb, a-t-il affirm\u00e9.<\/p>\n\n\n\n<figure class=\"wp-block-image size-large\"><img loading=\"lazy\" decoding=\"async\" width=\"918\" height=\"1024\" src=\"https:\/\/www.sante-pourtous.net\/wp-content\/uploads\/2025\/05\/ANEREE-918x1024.jpeg\" alt=\"\" class=\"wp-image-1687\" srcset=\"https:\/\/www.sante-pourtous.net\/wp-content\/uploads\/2025\/05\/ANEREE-918x1024.jpeg 918w, https:\/\/www.sante-pourtous.net\/wp-content\/uploads\/2025\/05\/ANEREE-269x300.jpeg 269w, https:\/\/www.sante-pourtous.net\/wp-content\/uploads\/2025\/05\/ANEREE-768x857.jpeg 768w, https:\/\/www.sante-pourtous.net\/wp-content\/uploads\/2025\/05\/ANEREE-278x310.jpeg 278w, https:\/\/www.sante-pourtous.net\/wp-content\/uploads\/2025\/05\/ANEREE-94x105.jpeg 94w, https:\/\/www.sante-pourtous.net\/wp-content\/uploads\/2025\/05\/ANEREE.jpeg 1080w\" sizes=\"auto, (max-width: 918px) 100vw, 918px\" \/><\/figure>\n\n\n\n<p><strong><em>Abdoulaye Dianda, directeur de la communication, de la vulgarisation, de l\u2019information et de la sensibilisation \u00e0 l\u2019ANEREE<\/em><\/strong><\/p>\n\n\n\n<p>Selon lui, les journalistes ont un r\u00f4le crucial dans la vulgarisation de gestes simples tels que l\u2019extinction des appareils inutilis\u00e9s, la r\u00e9gulation de la climatisation ou encore le choix d\u2019\u00e9quipements moins \u00e9nergivores. Il a \u00e9galement mis en avant l\u2019importance de l\u2019audit \u00e9nerg\u00e9tique, notamment dans les secteurs industriels et tertiaires, o\u00f9 une meilleure gestion \u00e9nerg\u00e9tique peut booster la productivit\u00e9 et r\u00e9duire les co\u00fbts.<\/p>\n\n\n\n<p>Pour Gr\u00e9goire Bazi\u00e9, pr\u00e9sident de l\u2019Association des journalistes pour les \u00e9nergies renouvelables et le d\u00e9veloppement durable, cette collaboration avec l\u2019ANEREE est capitale. \u00ab <em>L\u2019\u00e9conomie d\u2019\u00e9nergie est aujourd\u2019hui la quatri\u00e8me source d\u2019\u00e9nergie. Mieux informer les populations, c\u2019est leur permettre d\u2019adopter les bons r\u00e9flexes, de r\u00e9duire leur consommation et, in fine, de contribuer \u00e0 r\u00e9soudre la crise \u00e9nerg\u00e9tique que traverse notre pays.<\/em> \u00bb<\/p>\n\n\n\n<figure class=\"wp-block-image size-large\"><img loading=\"lazy\" decoding=\"async\" width=\"1024\" height=\"767\" src=\"https:\/\/www.sante-pourtous.net\/wp-content\/uploads\/2025\/05\/ANEREE-2-1024x767.jpeg\" alt=\"\" class=\"wp-image-1688\" srcset=\"https:\/\/www.sante-pourtous.net\/wp-content\/uploads\/2025\/05\/ANEREE-2-1024x767.jpeg 1024w, https:\/\/www.sante-pourtous.net\/wp-content\/uploads\/2025\/05\/ANEREE-2-300x225.jpeg 300w, https:\/\/www.sante-pourtous.net\/wp-content\/uploads\/2025\/05\/ANEREE-2-768x575.jpeg 768w, https:\/\/www.sante-pourtous.net\/wp-content\/uploads\/2025\/05\/ANEREE-2-400x300.jpeg 400w, https:\/\/www.sante-pourtous.net\/wp-content\/uploads\/2025\/05\/ANEREE-2-310x232.jpeg 310w, https:\/\/www.sante-pourtous.net\/wp-content\/uploads\/2025\/05\/ANEREE-2-140x105.jpeg 140w, https:\/\/www.sante-pourtous.net\/wp-content\/uploads\/2025\/05\/ANEREE-2.jpeg 1080w\" sizes=\"auto, (max-width: 1024px) 100vw, 1024px\" \/><\/figure>\n\n\n\n<p>Il a rappel\u00e9 que l\u2019acc\u00e8s \u00e0 l\u2019\u00e9nergie reste un d\u00e9fi majeur au Burkina Faso, notamment en p\u00e9riode de forte demande, et que l\u2019\u00e9conomie d\u2019\u00e9nergie constitue une solution concr\u00e8te et accessible. <em>\u00ab Pour parler d\u2019un sujet, il faut le comprendre. Et cette formation nous permet justement de mieux cerner les enjeux pour \u00e9viter la d\u00e9sinformation et mieux sensibiliser nos concitoyens. \u00bb<\/em><\/p>\n\n\n\n<p><strong><em>Cath\u00e9rine KOURAOGO<\/em><\/strong><\/p>\n","protected":false},"excerpt":{"rendered":"<p>L\u2019Agence Nationale des \u00c9nergies Renouvelables et de l\u2019Efficacit\u00e9 \u00c9nerg\u00e9tique (ANEREE) a organis\u00e9 le vendredi 16 mai 2025 \u00e0 Ouagadougou un atelier de sensibilisation \u00e0 l\u2019intention des journalistes, avec pour objectif de renforcer leurs connaissances sur les \u00e9nergies renouvelables et l\u2019efficacit\u00e9 \u00e9nerg\u00e9tique. Cette initiative s\u2019inscrit dans le cadre du programme d\u2019activit\u00e9s 2025 de l\u2019agence et vise<\/p>\n","protected":false},"author":3,"featured_media":1685,"comment_status":"open","ping_status":"open","sticky":false,"template":"","format":"standard","meta":{"footnotes":""},"categories":[3],"tags":[],"class_list":["post-1684","post","type-post","status-publish","format-standard","has-post-thumbnail","hentry","category-actualite"],"_links":{"self":[{"href":"https:\/\/www.sante-pourtous.net\/index.php?rest_route=\/wp\/v2\/posts\/1684","targetHints":{"allow":["GET"]}}],"collection":[{"href":"https:\/\/www.sante-pourtous.net\/index.php?rest_route=\/wp\/v2\/posts"}],"about":[{"href":"https:\/\/www.sante-pourtous.net\/index.php?rest_route=\/wp\/v2\/types\/post"}],"author":[{"embeddable":true,"href":"https:\/\/www.sante-pourtous.net\/index.php?rest_route=\/wp\/v2\/users\/3"}],"replies":[{"embeddable":true,"href":"https:\/\/www.sante-pourtous.net\/index.php?rest_route=%2Fwp%2Fv2%2Fcomments&post=1684"}],"version-history":[{"count":1,"href":"https:\/\/www.sante-pourtous.net\/index.php?rest_route=\/wp\/v2\/posts\/1684\/revisions"}],"predecessor-version":[{"id":1689,"href":"https:\/\/www.sante-pourtous.net\/index.php?rest_route=\/wp\/v2\/posts\/1684\/revisions\/1689"}],"wp:featuredmedia":[{"embeddable":true,"href":"https:\/\/www.sante-pourtous.net\/index.php?rest_route=\/wp\/v2\/media\/1685"}],"wp:attachment":[{"href":"https:\/\/www.sante-pourtous.net\/index.php?rest_route=%2Fwp%2Fv2%2Fmedia&parent=1684"}],"wp:term":[{"taxonomy":"category","embeddable":true,"href":"https:\/\/www.sante-pourtous.net\/index.php?rest_route=%2Fwp%2Fv2%2Fcategories&post=1684"},{"taxonomy":"post_tag","embeddable":true,"href":"https:\/\/www.sante-pourtous.net\/index.php?rest_route=%2Fwp%2Fv2%2Ftags&post=1684"}],"curies":[{"name":"wp","href":"https:\/\/api.w.org\/{rel}","templated":true}]}}