{"id":1691,"date":"2025-05-29T07:58:13","date_gmt":"2025-05-29T07:58:13","guid":{"rendered":"https:\/\/www.sante-pourtous.net\/?p=1691"},"modified":"2025-05-29T07:58:14","modified_gmt":"2025-05-29T07:58:14","slug":"lutte-contre-la-malnutrition-les-drs-engagees-dans-la-promotion-des-aliments-fortifies","status":"publish","type":"post","link":"https:\/\/www.sante-pourtous.net\/?p=1691","title":{"rendered":"Lutte contre la malnutrition : les DRS engag\u00e9es dans la promotion des aliments fortifi\u00e9s"},"content":{"rendered":"\n<p><strong><em>Le Club des Journalistes et Communicateurs pour la Nutrition et la S\u00e9curit\u00e9 Alimentaire (CJCN-SA), en collaboration avec l\u2019Alliance Nationale pour la Fortification, et avec le soutien financier de la Coop\u00e9ration Allemande, a organis\u00e9 une caravane de presse dans les r\u00e9gions du Sud-Ouest (Gaoua) , des Hauts-Bassins (Bobo-Dioulasso) et du centre Ouest \u00e0 (Koudougou) du 18 au 28 mai 2025. Cette initiative vise \u00e0 sensibiliser les populations sur&nbsp; l\u2019importance des aliments fortifi\u00e9s dans la lutte contre la malnutrition, en particulier les carences en micronutriments.<\/em><\/strong><em><\/em><\/p>\n\n\n\n<p>Chaque ann\u00e9e, la malnutrition tue environ 26 000 enfants de moins de cinq ans au Burkina Faso, selon l\u2019UNICEF. Les femmes en \u00e2ge de procr\u00e9er, souvent carenc\u00e9es en fer, vitamine A, zinc et iode, sont particuli\u00e8rement expos\u00e9es. Face \u00e0 cette \u00ab faim cach\u00e9e \u00bb, la fortification des aliments s\u2019impose comme une solution efficace. Ainsi, l\u2019objectif de cette caravane est de constater les r\u00e9alit\u00e9s en mati\u00e8re de nutrition, de s\u00e9curit\u00e9 sanitaire des aliments et d\u2019acc\u00e8s aux produits fortifi\u00e9s tels que le sel iod\u00e9, l\u2019huile v\u00e9g\u00e9tale r\u00e9ffin\u00e9e enrichie en vitamine A ou la farine de bl\u00e9 tendre en fer acide folique.<\/p>\n\n\n\n<figure class=\"wp-block-image size-full\"><img loading=\"lazy\" decoding=\"async\" width=\"1008\" height=\"567\" src=\"https:\/\/www.sante-pourtous.net\/wp-content\/uploads\/2025\/05\/Image2.png\" alt=\"\" class=\"wp-image-1693\" srcset=\"https:\/\/www.sante-pourtous.net\/wp-content\/uploads\/2025\/05\/Image2.png 1008w, https:\/\/www.sante-pourtous.net\/wp-content\/uploads\/2025\/05\/Image2-300x169.png 300w, https:\/\/www.sante-pourtous.net\/wp-content\/uploads\/2025\/05\/Image2-768x432.png 768w, https:\/\/www.sante-pourtous.net\/wp-content\/uploads\/2025\/05\/Image2-533x300.png 533w, https:\/\/www.sante-pourtous.net\/wp-content\/uploads\/2025\/05\/Image2-310x174.png 310w, https:\/\/www.sante-pourtous.net\/wp-content\/uploads\/2025\/05\/Image2-150x84.png 150w\" sizes=\"auto, (max-width: 1008px) 100vw, 1008px\" \/><\/figure>\n\n\n\n<p><strong><em>Ouattara Issa, Coordonnateur adjoint du CJCN-SA<\/em><\/strong><\/p>\n\n\n\n<p>Selon Ouattara Issa, Coordonnateur adjoint du CJCN-SA, cette caravane s\u2019inscrit dans les activit\u00e9s strat\u00e9giques du club pour \u00e9valuer l\u2019\u00e9volution des indicateurs li\u00e9s \u00e0 la nutrition et \u00e0 l\u2019acc\u00e8s aux aliments fortifi\u00e9s tels que le sel iod\u00e9, l\u2019huile v\u00e9g\u00e9tale raffin\u00e9e enrichie en vitamine A ou la farine de bl\u00e9 tendre en fer acide folique. \u00ab Nous visitons les r\u00e9gions du Sud-Ouest, des Cascades, des Hauts-Bassins et du Centre-Ouest, o\u00f9 les indicateurs nutritionnels restent pr\u00e9occupants malgr\u00e9 un fort potentiel local. Nous esp\u00e9rons qu\u2019\u00e0 l\u2019issue de cette caravane, un plaidoyer renforc\u00e9 permettra de meilleures d\u00e9cisions en mati\u00e8re de nutrition. \u00bb, a-t-il soulign\u00e9.<\/p>\n\n\n\n<figure class=\"wp-block-image size-full\"><img loading=\"lazy\" decoding=\"async\" width=\"1008\" height=\"567\" src=\"https:\/\/www.sante-pourtous.net\/wp-content\/uploads\/2025\/05\/Image3.png\" alt=\"\" class=\"wp-image-1694\" srcset=\"https:\/\/www.sante-pourtous.net\/wp-content\/uploads\/2025\/05\/Image3.png 1008w, https:\/\/www.sante-pourtous.net\/wp-content\/uploads\/2025\/05\/Image3-300x169.png 300w, https:\/\/www.sante-pourtous.net\/wp-content\/uploads\/2025\/05\/Image3-768x432.png 768w, https:\/\/www.sante-pourtous.net\/wp-content\/uploads\/2025\/05\/Image3-533x300.png 533w, https:\/\/www.sante-pourtous.net\/wp-content\/uploads\/2025\/05\/Image3-310x174.png 310w, https:\/\/www.sante-pourtous.net\/wp-content\/uploads\/2025\/05\/Image3-150x84.png 150w\" sizes=\"auto, (max-width: 1008px) 100vw, 1008px\" \/><\/figure>\n\n\n\n<p><strong><em>Jacqueline Bationo, nutritionniste<\/em><\/strong><\/p>\n\n\n\n<p>Pour Jacqueline Bationo, nutritionniste \u00e0 la Direction r\u00e9gionale de la nutrition, cette caravane est une opportunit\u00e9 pour promouvoir les aliments fortifi\u00e9s et lutter contre les carences en micronutriments. Elle a laiss\u00e9 entendre que cette \u00ab faim cach\u00e9e \u00bb, caus\u00e9e par le manque de vitamines ou de min\u00e9raux, touche principalement les enfants ainsi que les femmes enceintes et allaitantes. \u00ab La suppl\u00e9mentation en fer pour les femmes enceintes est syst\u00e9matique dans les centres de sant\u00e9. Cela montre bien l\u2019importance du renforcement nutritionnel. \u00bb, a-t-elle notifi\u00e9.<\/p>\n\n\n\n<figure class=\"wp-block-image size-large\"><img loading=\"lazy\" decoding=\"async\" width=\"1024\" height=\"699\" src=\"https:\/\/www.sante-pourtous.net\/wp-content\/uploads\/2025\/05\/Image4-1024x699.png\" alt=\"\" class=\"wp-image-1695\" srcset=\"https:\/\/www.sante-pourtous.net\/wp-content\/uploads\/2025\/05\/Image4-1024x699.png 1024w, https:\/\/www.sante-pourtous.net\/wp-content\/uploads\/2025\/05\/Image4-300x205.png 300w, https:\/\/www.sante-pourtous.net\/wp-content\/uploads\/2025\/05\/Image4-768x524.png 768w, https:\/\/www.sante-pourtous.net\/wp-content\/uploads\/2025\/05\/Image4-440x300.png 440w, https:\/\/www.sante-pourtous.net\/wp-content\/uploads\/2025\/05\/Image4-310x212.png 310w, https:\/\/www.sante-pourtous.net\/wp-content\/uploads\/2025\/05\/Image4-150x102.png 150w, https:\/\/www.sante-pourtous.net\/wp-content\/uploads\/2025\/05\/Image4.png 1080w\" sizes=\"auto, (max-width: 1024px) 100vw, 1024px\" \/><\/figure>\n\n\n\n<p><strong><em>Dr Bakary Traor\u00e9 Directeur R\u00e9gional de la sant\u00e9<\/em><\/strong><\/p>\n\n\n\n<p>\u00c0 Gaoua, le Directeur r\u00e9gional de la sant\u00e9, Bakary Traor\u00e9, a salu\u00e9 les progr\u00e8s r\u00e9alis\u00e9s dans sa r\u00e9gion. Il souligne une nette am\u00e9lioration des indicateurs, notamment une baisse du taux d\u2019an\u00e9mie chez les enfants, gr\u00e2ce \u00e0 une meilleure hygi\u00e8ne et une sensibilisation accrue des femmes enceintes. \u00ab Les donn\u00e9es montrent une baisse significative des cas de malnutrition, surtout chez les enfants et les femmes enceintes \u00bb, a-t-il indiqu\u00e9.\u00a0 C\u2019est pourquoi, il a encourag\u00e9 les femmes enceintes \u00e0 consulter d\u00e8s les trois premiers mois de grossesse pour b\u00e9n\u00e9ficier d\u2019un suivi nutritionnel et m\u00e9dical adapt\u00e9. Toutefois, il a relev\u00e9 des d\u00e9fis persistants, notamment dans la distribution des farines enrichies, l\u2019accessibilit\u00e9 aux consultations et le transport des produits nutritionnels.<\/p>\n\n\n\n<p>\u00c0 Bobo-Dioulasso, R\u00eama Ou\u00e9draogo, charg\u00e9 de communication \u00e0 la DRS a au nom du Directeur r\u00e9gional salu\u00e9 l\u2019initiative qu\u2019il consid\u00e8re comme un plaidoyer fort pour une meilleure consid\u00e9ration des enjeux nutritionnels dans les politiques publiques. \u00ab Cette caravane est un acte fort de plaidoyer aupr\u00e8s des d\u00e9cideurs pour qu&rsquo;il soit plus regardant sur les questions de nutrition pour que nos enfants et m\u00eame les adultes puissent bien se nourrir \u00bb. Il a insist\u00e9 sur l\u2019importance de l\u2019allaitement exclusif jusqu\u2019\u00e0 6 mois et de la diversification alimentaire par la suite. \u00ab Tant qu\u2019on n\u2019est pas en bonne sant\u00e9, on ne peut pas esp\u00e9rer de bon rendement, ni \u00e0 l\u2019\u00e9cole ni au travail \u00bb, a-t-il soulign\u00e9.<\/p>\n\n\n\n<figure class=\"wp-block-image size-large\"><img loading=\"lazy\" decoding=\"async\" width=\"1024\" height=\"461\" src=\"https:\/\/www.sante-pourtous.net\/wp-content\/uploads\/2025\/05\/Image5-1024x461.png\" alt=\"\" class=\"wp-image-1696\" srcset=\"https:\/\/www.sante-pourtous.net\/wp-content\/uploads\/2025\/05\/Image5-1024x461.png 1024w, https:\/\/www.sante-pourtous.net\/wp-content\/uploads\/2025\/05\/Image5-300x135.png 300w, https:\/\/www.sante-pourtous.net\/wp-content\/uploads\/2025\/05\/Image5-768x346.png 768w, https:\/\/www.sante-pourtous.net\/wp-content\/uploads\/2025\/05\/Image5-650x293.png 650w, https:\/\/www.sante-pourtous.net\/wp-content\/uploads\/2025\/05\/Image5-310x140.png 310w, https:\/\/www.sante-pourtous.net\/wp-content\/uploads\/2025\/05\/Image5-150x68.png 150w, https:\/\/www.sante-pourtous.net\/wp-content\/uploads\/2025\/05\/Image5.png 1080w\" sizes=\"auto, (max-width: 1024px) 100vw, 1024px\" \/><\/figure>\n\n\n\n<p><strong><em>R\u00eama Ou\u00e9draogo, charg\u00e9 de communication \u00e0 la DRS (deuxi\u00e8me de la gauche vers la droite)<\/em><\/strong><\/p>\n\n\n\n<p>Il a mis en avant les efforts r\u00e9gionaux pour promouvoir l\u2019allaitement exclusif jusqu\u2019\u00e0 6 mois, puis l\u2019introduction progressive de bouillies enrichies. Un bureau nutrition sp\u00e9cifique au sein de la DRS travaille activement \u00e0 prot\u00e9ger les enfants de moins de cinq ans contre la malnutrition.<\/p>\n\n\n\n<p><strong><em>Cath\u00e9rine KOURAOGO<\/em><\/strong><\/p>\n","protected":false},"excerpt":{"rendered":"<p>Le Club des Journalistes et Communicateurs pour la Nutrition et la S\u00e9curit\u00e9 Alimentaire (CJCN-SA), en collaboration avec l\u2019Alliance Nationale pour la Fortification, et avec le soutien financier de la Coop\u00e9ration Allemande, a organis\u00e9 une caravane de presse dans les r\u00e9gions du Sud-Ouest (Gaoua) , des Hauts-Bassins (Bobo-Dioulasso) et du centre Ouest \u00e0 (Koudougou) du 18<\/p>\n","protected":false},"author":3,"featured_media":1692,"comment_status":"open","ping_status":"open","sticky":false,"template":"","format":"standard","meta":{"footnotes":""},"categories":[3,6,14,5],"tags":[],"class_list":["post-1691","post","type-post","status-publish","format-standard","has-post-thumbnail","hentry","category-actualite","category-alimentation","category-nutrition","category-sante"],"_links":{"self":[{"href":"https:\/\/www.sante-pourtous.net\/index.php?rest_route=\/wp\/v2\/posts\/1691","targetHints":{"allow":["GET"]}}],"collection":[{"href":"https:\/\/www.sante-pourtous.net\/index.php?rest_route=\/wp\/v2\/posts"}],"about":[{"href":"https:\/\/www.sante-pourtous.net\/index.php?rest_route=\/wp\/v2\/types\/post"}],"author":[{"embeddable":true,"href":"https:\/\/www.sante-pourtous.net\/index.php?rest_route=\/wp\/v2\/users\/3"}],"replies":[{"embeddable":true,"href":"https:\/\/www.sante-pourtous.net\/index.php?rest_route=%2Fwp%2Fv2%2Fcomments&post=1691"}],"version-history":[{"count":1,"href":"https:\/\/www.sante-pourtous.net\/index.php?rest_route=\/wp\/v2\/posts\/1691\/revisions"}],"predecessor-version":[{"id":1697,"href":"https:\/\/www.sante-pourtous.net\/index.php?rest_route=\/wp\/v2\/posts\/1691\/revisions\/1697"}],"wp:featuredmedia":[{"embeddable":true,"href":"https:\/\/www.sante-pourtous.net\/index.php?rest_route=\/wp\/v2\/media\/1692"}],"wp:attachment":[{"href":"https:\/\/www.sante-pourtous.net\/index.php?rest_route=%2Fwp%2Fv2%2Fmedia&parent=1691"}],"wp:term":[{"taxonomy":"category","embeddable":true,"href":"https:\/\/www.sante-pourtous.net\/index.php?rest_route=%2Fwp%2Fv2%2Fcategories&post=1691"},{"taxonomy":"post_tag","embeddable":true,"href":"https:\/\/www.sante-pourtous.net\/index.php?rest_route=%2Fwp%2Fv2%2Ftags&post=1691"}],"curies":[{"name":"wp","href":"https:\/\/api.w.org\/{rel}","templated":true}]}}