{"id":1721,"date":"2025-06-03T12:58:07","date_gmt":"2025-06-03T12:58:07","guid":{"rendered":"https:\/\/www.sante-pourtous.net\/?p=1721"},"modified":"2025-06-05T10:39:38","modified_gmt":"2025-06-05T10:39:38","slug":"lutte-contre-les-carences-en-micronutriments-clap-de-fin-pour-la-caravane-2025","status":"publish","type":"post","link":"https:\/\/www.sante-pourtous.net\/?p=1721","title":{"rendered":"Lutte contre les carences en micronutriments : clap de fin pour la caravane 2025"},"content":{"rendered":"\n<p><em><strong>La c\u00e9r\u00e9monie officielle de cl\u00f4ture de la caravane de presse du Club des Journalistes et Communicateurs pour la Nutrition et la S\u00e9curit\u00e9 Alimentaire (\u00a0 CJCN\/SA), s&rsquo;est tenue le 25 mai 2025, \u00e0 la Direction de la nutrition \u00e0 Ouagadougou. L\u2019objectif principal de cette initiative \u00e9tait d&rsquo;informer, de sensibiliser et de promouvoir la consommation d\u2019aliments fortifi\u00e9s, dans un pays o\u00f9 la lutte contre la malnutrition et en particulier les carences en micronutriments reste une priorit\u00e9 de sant\u00e9 publique<\/strong>. <strong>Une sortie de presse organis\u00e9e en collaboration avec l\u2019Alliance Nationale pour la Fortification (ANF et le soutien de la Coop\u00e9ration allemande).<\/strong><\/em><\/p>\n\n\n\n<p>D\u00e9marr\u00e9e le 18 mai&nbsp; \u00e0 Gaoua, la caravane de sensibilisation sur la fortification alimentaire s\u2019est officiellement achev\u00e9e \u00e0 Koudougou le 28 mai 2025, apr\u00e8s avoir fait escale \u00e0 Bobo-Dioulasso. Pendant plusieurs jours, les caravaniers ont sillonn\u00e9 ces localit\u00e9s dans une ambiance chaleureuse et mobilisatrice, au contact des populations, des autorit\u00e9s locales et des acteurs de la fili\u00e8re agroalimentaire.<\/p>\n\n\n\n<figure class=\"wp-block-image size-large\"><img loading=\"lazy\" decoding=\"async\" width=\"1024\" height=\"731\" src=\"https:\/\/www.sante-pourtous.net\/wp-content\/uploads\/2025\/06\/Image2-1024x731.jpg\" alt=\"\" class=\"wp-image-1723\" srcset=\"https:\/\/www.sante-pourtous.net\/wp-content\/uploads\/2025\/06\/Image2-1024x731.jpg 1024w, https:\/\/www.sante-pourtous.net\/wp-content\/uploads\/2025\/06\/Image2-300x214.jpg 300w, https:\/\/www.sante-pourtous.net\/wp-content\/uploads\/2025\/06\/Image2-768x548.jpg 768w, https:\/\/www.sante-pourtous.net\/wp-content\/uploads\/2025\/06\/Image2-420x300.jpg 420w, https:\/\/www.sante-pourtous.net\/wp-content\/uploads\/2025\/06\/Image2-310x221.jpg 310w, https:\/\/www.sante-pourtous.net\/wp-content\/uploads\/2025\/06\/Image2-147x105.jpg 147w, https:\/\/www.sante-pourtous.net\/wp-content\/uploads\/2025\/06\/Image2.jpg 1080w\" sizes=\"auto, (max-width: 1024px) 100vw, 1024px\" \/><\/figure>\n\n\n\n<p><strong><em>Dr Estelle Bambara, Directrice de la nutrition<\/em><\/strong><\/p>\n\n\n\n<p>Dr Estelle Bambara, Directrice de la nutrition, a exprim\u00e9 sa reconnaissance \u00e0 l\u2019\u00e9quipe de la caravane. \u00ab <em>Nous vous disons merci pour ce que vous faites pour le gouvernement du Burkina Faso dans sa lutte contre la malnutrition de fa\u00e7on globale, et sp\u00e9cifiquement dans la lutte contre la carence en micronutriments. Cette caravane contribue fortement \u00e0 cette lutte en donnant&nbsp; l\u2019information sur la disponibilit\u00e9 des aliments, surtout de grandes consommations qui sont fortifi\u00e9es sur le terrain et \u00e9galement en contribuant \u00e0 la promotion de la consommation de ces aliments. <\/em>\u00bb, a-t-elle salu\u00e9.<\/p>\n\n\n\n<p>La DN a \u00e9galement insist\u00e9 sur l\u2019importance des \u00e9changes tenus sur le terrain avec les autorit\u00e9s locales et les unit\u00e9s de production, maillons essentiels de ce programme de fortification \u00e0 grande \u00e9chelle. Les carences en micronutriments, telles que l\u2019an\u00e9mie, le d\u00e9ficit en vitamine A ou encore les troubles li\u00e9s \u00e0 la carence en iode, continuent d\u2019affecter de nombreuses couches sociales, en particulier les femmes et les enfants. La caravane, en relayant des messages forts sur la n\u00e9cessit\u00e9 de consommer des aliments fortifi\u00e9s et riches en micronutriments, entend contribuer \u00e0 inverser cette tendance. Pour Dr Bambara, le travail ne s\u2019arr\u00eate pas l\u00e0. \u00ab <em>La communication doit se poursuivre. La fin de la caravane ne marque pas la fin du plaidoyer. Nous comptons sur vous pour continuer \u00e0 promouvoir la consommation d\u2019aliments fortifi\u00e9s autour de vous. <\/em>\u00bb, a-t-elle exhort\u00e9.<\/p>\n\n\n\n<figure class=\"wp-block-image size-large\"><img loading=\"lazy\" decoding=\"async\" width=\"1024\" height=\"516\" src=\"https:\/\/www.sante-pourtous.net\/wp-content\/uploads\/2025\/06\/Image3-2-1024x516.jpg\" alt=\"\" class=\"wp-image-1726\" srcset=\"https:\/\/www.sante-pourtous.net\/wp-content\/uploads\/2025\/06\/Image3-2-1024x516.jpg 1024w, https:\/\/www.sante-pourtous.net\/wp-content\/uploads\/2025\/06\/Image3-2-300x151.jpg 300w, https:\/\/www.sante-pourtous.net\/wp-content\/uploads\/2025\/06\/Image3-2-768x387.jpg 768w, https:\/\/www.sante-pourtous.net\/wp-content\/uploads\/2025\/06\/Image3-2-596x300.jpg 596w, https:\/\/www.sante-pourtous.net\/wp-content\/uploads\/2025\/06\/Image3-2-310x156.jpg 310w, https:\/\/www.sante-pourtous.net\/wp-content\/uploads\/2025\/06\/Image3-2-150x76.jpg 150w, https:\/\/www.sante-pourtous.net\/wp-content\/uploads\/2025\/06\/Image3-2.jpg 1080w\" sizes=\"auto, (max-width: 1024px) 100vw, 1024px\" \/><\/figure>\n\n\n\n<p><strong><em>Abdoulaye Gaye ( gauche)&nbsp; et Ouili Rom\u00e9o Conseiller \u00e0 la Coop\u00e9ration allemande (Droite)<\/em><\/strong><\/p>\n\n\n\n<p>Elle a enfin exprim\u00e9 sa gratitude \u00e0 la Coop\u00e9ration allemande, partenaire technique et financier de cette initiative. \u00ab <em>Merci \u00e0 la Coop\u00e9ration allemande qui a permis la r\u00e9alisation de la deuxi\u00e8me \u00e9dition de cette caravane. On esp\u00e8re que \u00e7a ne va pas se limiter \u00e0 ces quelques r\u00e9gions. Notre plaidoyer est que \u00e7a continue et qu&rsquo;on puisse&nbsp; prendre en compte d\u2019autres r\u00e9gions au niveau national. Que ce soit une caravane nationale, pourquoi pas. <\/em>\u00bb , a-t-elle souhait\u00e9. Pour Abel Kouakou, membre de l\u2019\u00e9quipe de la coordination, cette caravane a \u00e9t\u00e9 une r\u00e9ussite sur toute la ligne.&nbsp; \u00ab <em>Nous sommes de retour, la caravane s\u2019est tr\u00e8s bien pass\u00e9e, dans une ambiance tr\u00e8s conviviale.<\/em> \u00bb, a-t-il confi\u00e9.<\/p>\n\n\n\n<p><strong><em>Cath\u00e9rine KOURAOGO<\/em><\/strong><\/p>\n","protected":false},"excerpt":{"rendered":"<p>La c\u00e9r\u00e9monie officielle de cl\u00f4ture de la caravane de presse du Club des Journalistes et Communicateurs pour la Nutrition et la S\u00e9curit\u00e9 Alimentaire (\u00a0 CJCN\/SA), s&rsquo;est tenue le 25 mai 2025, \u00e0 la Direction de la nutrition \u00e0 Ouagadougou. L\u2019objectif principal de cette initiative \u00e9tait d&rsquo;informer, de sensibiliser et de promouvoir la consommation d\u2019aliments fortifi\u00e9s,<\/p>\n","protected":false},"author":3,"featured_media":1722,"comment_status":"open","ping_status":"open","sticky":false,"template":"","format":"standard","meta":{"footnotes":""},"categories":[1],"tags":[],"class_list":["post-1721","post","type-post","status-publish","format-standard","has-post-thumbnail","hentry","category-uncategorized"],"_links":{"self":[{"href":"https:\/\/www.sante-pourtous.net\/index.php?rest_route=\/wp\/v2\/posts\/1721","targetHints":{"allow":["GET"]}}],"collection":[{"href":"https:\/\/www.sante-pourtous.net\/index.php?rest_route=\/wp\/v2\/posts"}],"about":[{"href":"https:\/\/www.sante-pourtous.net\/index.php?rest_route=\/wp\/v2\/types\/post"}],"author":[{"embeddable":true,"href":"https:\/\/www.sante-pourtous.net\/index.php?rest_route=\/wp\/v2\/users\/3"}],"replies":[{"embeddable":true,"href":"https:\/\/www.sante-pourtous.net\/index.php?rest_route=%2Fwp%2Fv2%2Fcomments&post=1721"}],"version-history":[{"count":2,"href":"https:\/\/www.sante-pourtous.net\/index.php?rest_route=\/wp\/v2\/posts\/1721\/revisions"}],"predecessor-version":[{"id":1733,"href":"https:\/\/www.sante-pourtous.net\/index.php?rest_route=\/wp\/v2\/posts\/1721\/revisions\/1733"}],"wp:featuredmedia":[{"embeddable":true,"href":"https:\/\/www.sante-pourtous.net\/index.php?rest_route=\/wp\/v2\/media\/1722"}],"wp:attachment":[{"href":"https:\/\/www.sante-pourtous.net\/index.php?rest_route=%2Fwp%2Fv2%2Fmedia&parent=1721"}],"wp:term":[{"taxonomy":"category","embeddable":true,"href":"https:\/\/www.sante-pourtous.net\/index.php?rest_route=%2Fwp%2Fv2%2Fcategories&post=1721"},{"taxonomy":"post_tag","embeddable":true,"href":"https:\/\/www.sante-pourtous.net\/index.php?rest_route=%2Fwp%2Fv2%2Ftags&post=1721"}],"curies":[{"name":"wp","href":"https:\/\/api.w.org\/{rel}","templated":true}]}}