{"id":1827,"date":"2025-08-17T21:01:24","date_gmt":"2025-08-17T21:01:24","guid":{"rendered":"https:\/\/www.sante-pourtous.net\/?p=1827"},"modified":"2025-08-17T21:01:24","modified_gmt":"2025-08-17T21:01:24","slug":"%f0%9d%90%8b%f0%9d%90%ae%f0%9d%90%ad%f0%9d%90%ad%f0%9d%90%9e-%f0%9d%90%9c%f0%9d%90%a8%f0%9d%90%a7%f0%9d%90%ad%f0%9d%90%ab%f0%9d%90%9e-%f0%9d%90%a5%f0%9d%90%9e-%f0%9d%90%a9%f0%9d%90%9a%f0%9d%90%a5","status":"publish","type":"post","link":"https:\/\/www.sante-pourtous.net\/?p=1827","title":{"rendered":"\ud835\udc0b\ud835\udc2e\ud835\udc2d\ud835\udc2d\ud835\udc1e \ud835\udc1c\ud835\udc28\ud835\udc27\ud835\udc2d\ud835\udc2b\ud835\udc1e \ud835\udc25\ud835\udc1e \ud835\udc29\ud835\udc1a\ud835\udc25\ud835\udc2e\ud835\udc1d\ud835\udc22\ud835\udc2c\ud835\udc26\ud835\udc1e : \ud835\udc2e\ud835\udc27 \ud835\udc2f\ud835\udc1a\ud835\udc1c\ud835\udc1c\ud835\udc22\ud835\udc27 \ud835\udc1d\u00e9\ud835\udc2c\ud835\udc28\ud835\udc2b\ud835\udc26\ud835\udc1a\ud835\udc22\ud835\udc2c \ud835\udc1d\ud835\udc22\ud835\udc2c\ud835\udc29\ud835\udc28\ud835\udc27\ud835\udc22\ud835\udc1b\ud835\udc25\ud835\udc1e \ud835\udc2c\ud835\udc2e\ud835\udc2b \ud835\udc2d\ud835\udc28\ud835\udc2e\ud835\udc2d\ud835\udc1e \ud835\udc25&rsquo;\u00e9\ud835\udc2d\ud835\udc1e\ud835\udc27\ud835\udc1d\ud835\udc2e\ud835\udc1e \ud835\udc1d\ud835\udc2e \ud835\udc2d\ud835\udc1e\ud835\udc2b\ud835\udc2b\ud835\udc22\ud835\udc2d\ud835\udc28\ud835\udc22\ud835\udc2b\ud835\udc1e \ud835\udc27\ud835\udc1a\ud835\udc2d\ud835\udc22\ud835\udc28\ud835\udc27\ud835\udc1a\ud835\udc25"},"content":{"rendered":"\n<p><strong>Le ministre de la Sant\u00e9, Dr Robert Kargougou, a proc\u00e9d\u00e9 le 15 ao\u00fbt 2025 dans la r\u00e9gion du Nakamb\u00e9, au lancement officiel du passage \u00e0 l\u2019\u00e9chelle de la vaccination contre le paludisme au Burkina Faso.<\/strong><br><\/p>\n\n\n\n<p>Accompagn\u00e9 d\u2019une forte mobilisation sociale et politique, le premier responsable du d\u00e9partement de la Sant\u00e9 a administr\u00e9, \u00e0 Pouytenga, dans le Centre de sant\u00e9 et de promotion sociale (CSPS) de Ramiessin, une dose symbolique du vaccin R21\/Matrix-M \u00e0 un enfant de 5 mois, marquant ainsi le d\u00e9ploiement effectif de cette vaccination sur toute l\u2019\u00e9tendue du territoire national.<\/p>\n\n\n\n<p>Selon Dr Kargougou, le paludisme demeure un probl\u00e8me majeur de sant\u00e9 publique, avec plus de 3 500 d\u00e9c\u00e8s enregistr\u00e9s en 2024. <em>\u00ab C\u2019est pourquoi le gouvernement, de mani\u00e8re souveraine, a d\u00e9cid\u00e9 d\u2019introduire le vaccin contre le paludisme comme une nouvelle arme pour lutter contre cette maladie \u00bb<\/em>, a-t-il d\u00e9clar\u00e9. Il a pr\u00e9cis\u00e9 que plus de 627 000 enfants sont concern\u00e9s par ce passage \u00e0 l\u2019\u00e9chelle.<\/p>\n\n\n\n<p>Le premier responsable du d\u00e9partement de la sant\u00e9, a tenu \u00e0 rassurer la population sur la fiabilit\u00e9 du vaccin R21\/Matrix-M : <em>\u00ab Il s\u2019agit de vaccins s\u00fbrs et efficaces, pour le d\u00e9veloppement desquels les chercheurs burkinab\u00e8 ont \u00e9t\u00e9 \u00e9troitement impliqu\u00e9s. \u00bb<\/em> Il a \u00e9galement lanc\u00e9 un appel \u00e0 l\u2019ensemble de la communaut\u00e9 afin que cette campagne soit une r\u00e9ussite.<\/p>\n\n\n\n<p>La repr\u00e9sentante r\u00e9sidente de l\u2019UNICEF au Burkina Faso, Dr Chantal Umutoni, porte-parole des partenaires techniques et financiers (PTF), a salu\u00e9 le leadership du gouvernement, en particulier celui du ministre de la sant\u00e9. <em>\u00ab Le ministre de la Sant\u00e9 s\u2019engage sans rel\u00e2che pour que les enfants soient prot\u00e9g\u00e9s et aient acc\u00e8s \u00e0 tous les m\u00e9dicaments, en d\u00e9pit des multiples autres priorit\u00e9s dans le pays \u00bb<\/em>, a-t-elle affirm\u00e9.<\/p>\n\n\n\n<p>Dr Umutoni a par ailleurs assur\u00e9 que les PTF resteront aux c\u00f4t\u00e9s du minist\u00e8re de la Sant\u00e9 tout au long du processus de vaccination, jusqu\u2019\u00e0 ce que tous les enfants du Burkina soient prot\u00e9g\u00e9s contre le paludisme.<\/p>\n\n\n\n<p>Pour rappel, le 5 f\u00e9vrier 2024, le vaccin antipaludique RTS,S\/AS01 avait \u00e9t\u00e9 introduit dans 27 districts sanitaires r\u00e9partis dans 7 r\u00e9gions du pays. Avec ce lancement, tous les 70 districts du pays sont concern\u00e9s.<\/p>\n\n\n\n<p>\ud835\ude3f\ud835\ude3e\ud835\ude4d\ud835\ude4b-\ud835\ude48\ud835\ude4e<\/p>\n","protected":false},"excerpt":{"rendered":"<p>Le ministre de la Sant\u00e9, Dr Robert Kargougou, a proc\u00e9d\u00e9 le 15 ao\u00fbt 2025 dans la r\u00e9gion du Nakamb\u00e9, au lancement officiel du passage \u00e0 l\u2019\u00e9chelle de la vaccination contre le paludisme au Burkina Faso. Accompagn\u00e9 d\u2019une forte mobilisation sociale et politique, le premier responsable du d\u00e9partement de la Sant\u00e9 a administr\u00e9, \u00e0 Pouytenga, dans<\/p>\n","protected":false},"author":3,"featured_media":1828,"comment_status":"open","ping_status":"open","sticky":false,"template":"","format":"standard","meta":{"footnotes":""},"categories":[3,6,5],"tags":[],"class_list":["post-1827","post","type-post","status-publish","format-standard","has-post-thumbnail","hentry","category-actualite","category-alimentation","category-sante"],"_links":{"self":[{"href":"https:\/\/www.sante-pourtous.net\/index.php?rest_route=\/wp\/v2\/posts\/1827","targetHints":{"allow":["GET"]}}],"collection":[{"href":"https:\/\/www.sante-pourtous.net\/index.php?rest_route=\/wp\/v2\/posts"}],"about":[{"href":"https:\/\/www.sante-pourtous.net\/index.php?rest_route=\/wp\/v2\/types\/post"}],"author":[{"embeddable":true,"href":"https:\/\/www.sante-pourtous.net\/index.php?rest_route=\/wp\/v2\/users\/3"}],"replies":[{"embeddable":true,"href":"https:\/\/www.sante-pourtous.net\/index.php?rest_route=%2Fwp%2Fv2%2Fcomments&post=1827"}],"version-history":[{"count":1,"href":"https:\/\/www.sante-pourtous.net\/index.php?rest_route=\/wp\/v2\/posts\/1827\/revisions"}],"predecessor-version":[{"id":1829,"href":"https:\/\/www.sante-pourtous.net\/index.php?rest_route=\/wp\/v2\/posts\/1827\/revisions\/1829"}],"wp:featuredmedia":[{"embeddable":true,"href":"https:\/\/www.sante-pourtous.net\/index.php?rest_route=\/wp\/v2\/media\/1828"}],"wp:attachment":[{"href":"https:\/\/www.sante-pourtous.net\/index.php?rest_route=%2Fwp%2Fv2%2Fmedia&parent=1827"}],"wp:term":[{"taxonomy":"category","embeddable":true,"href":"https:\/\/www.sante-pourtous.net\/index.php?rest_route=%2Fwp%2Fv2%2Fcategories&post=1827"},{"taxonomy":"post_tag","embeddable":true,"href":"https:\/\/www.sante-pourtous.net\/index.php?rest_route=%2Fwp%2Fv2%2Ftags&post=1827"}],"curies":[{"name":"wp","href":"https:\/\/api.w.org\/{rel}","templated":true}]}}