{"id":1847,"date":"2025-08-21T17:41:58","date_gmt":"2025-08-21T17:41:58","guid":{"rendered":"https:\/\/www.sante-pourtous.net\/?p=1847"},"modified":"2025-08-21T17:41:58","modified_gmt":"2025-08-21T17:41:58","slug":"%f0%9d%90%81%f0%9d%90%a2%f0%9d%90%a5%f0%9d%90%9a%f0%9d%90%a7-%f0%9d%90%9d%f0%9d%90%9e%f0%9d%90%ac-%f0%9d%90%9a%f0%9d%90%9c%f0%9d%90%ad%f0%9d%90%a2%f0%9d%90%af%f0%9d%90%a2%f0%9d%90%ade%f0%9d%90%ac","status":"publish","type":"post","link":"https:\/\/www.sante-pourtous.net\/?p=1847","title":{"rendered":"\ud835\udc01\ud835\udc22\ud835\udc25\ud835\udc1a\ud835\udc27 \ud835\udc1d\ud835\udc1e\ud835\udc2c \ud835\udc1a\ud835\udc1c\ud835\udc2d\ud835\udc22\ud835\udc2f\ud835\udc22\ud835\udc2d\u00e9\ud835\udc2c \ud835\udc1d\ud835\udc1e\ud835\udc2c \ud835\udc1c\ud835\udc25\ud835\udc22\ud835\udc27\ud835\udc22\ud835\udc2a\ud835\udc2e\ud835\udc1e\ud835\udc2c \ud835\udc26\ud835\udc28\ud835\udc1b\ud835\udc22\ud835\udc25\ud835\udc1e\ud835\udc2c : \ud835\udc1d\ud835\udc1e\ud835\udc2c \ud835\udc2b\u00e9\ud835\udc2c\ud835\udc2e\ud835\udc25\ud835\udc2d\ud835\udc1a\ud835\udc2d\ud835\udc2c \ud835\udc22\ud835\udc26\ud835\udc29\ud835\udc1a\ud835\udc1c\ud835\udc2d\ud835\udc1a\ud835\udc27\ud835\udc2d\ud835\udc2c \ud835\udc2e\ud835\udc27 \ud835\udc1a\ud835\udc27 \ud835\udc1a\ud835\udc29\ud835\udc2b\u00e8\ud835\udc2c \ud835\udc25\ud835\udc1e\ud835\udc2e\ud835\udc2b \ud835\udc1d\u00e9\ud835\udc29\ud835\udc25\ud835\udc28\ud835\udc22\ud835\udc1e\ud835\udc26\ud835\udc1e\ud835\udc27\ud835\udc2d"},"content":{"rendered":"\n<p><strong><em>Le minist\u00e8re de la Sant\u00e9, \u00e0 travers le Programme national de lutte contre le cancer (PNLC), a tenu ce jeudi 21 ao\u00fbt 2025, une rencontre consacr\u00e9e au bilan des activit\u00e9s de d\u00e9pistage du cancer du sein et des l\u00e9sions pr\u00e9canc\u00e9reuses du col de l\u2019ut\u00e9rus men\u00e9es par les cliniques mobiles.<\/em><\/strong><br><\/p>\n\n\n\n<p>La rencontre a r\u00e9uni les acteurs du niveau central et d\u00e9concentr\u00e9, les directeurs g\u00e9n\u00e9raux des CHU et CHR ainsi que les Partenaires techniques et financiers. Elle avait pour objectif de faire le point sur les acquis de l&rsquo;initiative pr\u00e9sidentielle relative au d\u00e9ploiement des cliniques mobiles lanc\u00e9e il y a pr\u00e8s d\u2019un an et d\u2019identifier les d\u00e9fis qui restent \u00e0 relever.<\/p>\n\n\n\n<p>Le ministre de la Sant\u00e9, Dr Robert Kargougou, a rappel\u00e9 l\u2019importance de ce projet initi\u00e9 en 2024 avec la remise de 15 cliniques mobiles aux gouverneurs de r\u00e9gion par le pr\u00e9sident du Faso. <em>\u00ab Ces cliniques mobiles offrent gratuitement des services de d\u00e9pistage et de sensibilisation contre les cancers du sein et du col de l\u2019ut\u00e9rus \u00bb<\/em>, a-t-il d\u00e9clar\u00e9.<\/p>\n\n\n\n<p>Le ministre a indiqu\u00e9 que les r\u00e9sultats obtenus en seulement 8 mois d\u2019activit\u00e9s traduisent un fort engouement : pr\u00e8s de deux millions de femmes sensibilis\u00e9es \u00e0 l\u2019auto-examen des seins, environ 105 000 femmes d\u00e9pist\u00e9es pour les l\u00e9sions pr\u00e9canc\u00e9reuses du col de l\u2019ut\u00e9rus et plus de 15 000 \u00e9chomammographies r\u00e9alis\u00e9es.<\/p>\n\n\n\n<p>Dr Kargougou a salu\u00e9 l\u2019engagement des \u00e9quipes de sant\u00e9 qui, malgr\u00e9 des contraintes logistiques, se d\u00e9ploient jusque dans les localit\u00e9s les plus recul\u00e9es. Il a \u00e9galement annonc\u00e9 que le gouvernement \u0153uvre \u00e0 augmenter le nombre de cliniques mobiles afin de renforcer l\u2019acc\u00e8s aux soins.<\/p>\n\n\n\n<p>Pour le Coordonnateur du PNLC, Pr Nayi Zongo, le bilan est clair : <em>\u00ab Les cliniques mobiles ont permis d\u2019offrir un acc\u00e8s gratuit et \u00e9quitable au d\u00e9pistage partout au Burkina Faso. Les barri\u00e8res financi\u00e8res et g\u00e9ographiques sont lev\u00e9es, ce qui explique l\u2019adh\u00e9sion massive des femmes. \u00bb<\/em> Il a ainsi invit\u00e9 toutes les femmes \u00e0 profiter de ces services gratuits.<\/p>\n\n\n\n<p>Le Directeur g\u00e9n\u00e9ral du CHR de Tenkodogo, Ounanlini Thiombiano, a salu\u00e9 cette initiative qui rapproche les soins sp\u00e9cialis\u00e9s des populations, tout en soulignant les d\u00e9fis persistants li\u00e9s au manque de moyens logistiques et de ressources humaines qualifi\u00e9es, notamment en imagerie m\u00e9dicale.<\/p>\n\n\n\n<p>Le bilan, d&rsquo;une part a mis en \u00e9vidence les impacts positifs des cliniques mobiles dans la lutte contre les cancers f\u00e9minins au Burkina Faso et, d&rsquo;autre part la n\u00e9cessit\u00e9 de consolider les moyens mat\u00e9riels et humains pour garantir la p\u00e9rennit\u00e9 et l\u2019efficacit\u00e9 de cette initiative pr\u00e9sidentielle.<\/p>\n\n\n\n<p>\ud835\ude3f\ud835\ude3e\ud835\ude4d\ud835\ude4b-\ud835\ude48\ud835\ude4e<br><\/p>\n","protected":false},"excerpt":{"rendered":"<p>Le minist\u00e8re de la Sant\u00e9, \u00e0 travers le Programme national de lutte contre le cancer (PNLC), a tenu ce jeudi 21 ao\u00fbt 2025, une rencontre consacr\u00e9e au bilan des activit\u00e9s de d\u00e9pistage du cancer du sein et des l\u00e9sions pr\u00e9canc\u00e9reuses du col de l\u2019ut\u00e9rus men\u00e9es par les cliniques mobiles. La rencontre a r\u00e9uni les acteurs<\/p>\n","protected":false},"author":3,"featured_media":1848,"comment_status":"open","ping_status":"open","sticky":false,"template":"","format":"standard","meta":{"footnotes":""},"categories":[3,6,14,5],"tags":[],"class_list":["post-1847","post","type-post","status-publish","format-standard","has-post-thumbnail","hentry","category-actualite","category-alimentation","category-nutrition","category-sante"],"_links":{"self":[{"href":"https:\/\/www.sante-pourtous.net\/index.php?rest_route=\/wp\/v2\/posts\/1847","targetHints":{"allow":["GET"]}}],"collection":[{"href":"https:\/\/www.sante-pourtous.net\/index.php?rest_route=\/wp\/v2\/posts"}],"about":[{"href":"https:\/\/www.sante-pourtous.net\/index.php?rest_route=\/wp\/v2\/types\/post"}],"author":[{"embeddable":true,"href":"https:\/\/www.sante-pourtous.net\/index.php?rest_route=\/wp\/v2\/users\/3"}],"replies":[{"embeddable":true,"href":"https:\/\/www.sante-pourtous.net\/index.php?rest_route=%2Fwp%2Fv2%2Fcomments&post=1847"}],"version-history":[{"count":1,"href":"https:\/\/www.sante-pourtous.net\/index.php?rest_route=\/wp\/v2\/posts\/1847\/revisions"}],"predecessor-version":[{"id":1849,"href":"https:\/\/www.sante-pourtous.net\/index.php?rest_route=\/wp\/v2\/posts\/1847\/revisions\/1849"}],"wp:featuredmedia":[{"embeddable":true,"href":"https:\/\/www.sante-pourtous.net\/index.php?rest_route=\/wp\/v2\/media\/1848"}],"wp:attachment":[{"href":"https:\/\/www.sante-pourtous.net\/index.php?rest_route=%2Fwp%2Fv2%2Fmedia&parent=1847"}],"wp:term":[{"taxonomy":"category","embeddable":true,"href":"https:\/\/www.sante-pourtous.net\/index.php?rest_route=%2Fwp%2Fv2%2Fcategories&post=1847"},{"taxonomy":"post_tag","embeddable":true,"href":"https:\/\/www.sante-pourtous.net\/index.php?rest_route=%2Fwp%2Fv2%2Ftags&post=1847"}],"curies":[{"name":"wp","href":"https:\/\/api.w.org\/{rel}","templated":true}]}}