{"id":1863,"date":"2025-09-03T09:00:10","date_gmt":"2025-09-03T09:00:10","guid":{"rendered":"https:\/\/www.sante-pourtous.net\/?p=1863"},"modified":"2025-09-03T09:00:11","modified_gmt":"2025-09-03T09:00:11","slug":"assurance-maladie-universelle-le-paquet-de-soins-et-les-conditions-sont-peu-connus-hamidou-ouedraogo-directeur-executif-national-du-rame","status":"publish","type":"post","link":"https:\/\/www.sante-pourtous.net\/?p=1863","title":{"rendered":"Assurance maladie universelle\u00a0: \u00ab\u00a0le paquet de soins et les conditions sont peu connus\u00a0\u00bb, Hamidou Ou\u00e9draogo, Directeur ex\u00e9cutif national du RAME"},"content":{"rendered":"\n<p><strong><em>Cr\u00e9\u00e9 en 2003 et reconnu en tant que ONG national depuis 2024, le R\u00e9seau Acc\u00e8s aux M\u00e9dicaments Essentiels (RAME) a pour mission essentielle d&rsquo;influencer les politiques publiques pour un acc\u00e8s \u00e9quitable aux soins de sant\u00e9 de qualit\u00e9. Dans un rapport rendu publique le 18 juillet 2025, le r\u00e9seau et plusieurs autres organisations de la soci\u00e9t\u00e9 civile ont mis en lumi\u00e8re les progr\u00e8s r\u00e9alis\u00e9s par le Burkina Faso en mati\u00e8re d\u2019acc\u00e8s aux soins par les populations mais aussi les d\u00e9fis persistants pour garantir la sant\u00e9 pour toutes et tous. Dans cet entretien, Hamidou Ou\u00e9draogo, Directeur ex\u00e9cutif national du RAME revient sur les grandes lignes de ce rapport.<\/em><\/strong><\/p>\n\n\n\n<p><strong>Sant\u00e9 pour tous&nbsp;:<\/strong> Dans votre r\u00e9cent rapport sur l\u2019\u00e9tat des lieux sur l\u2019acc\u00e8s aux soins de sant\u00e9 pour les malades prioritaires au Burkina Faso, vous indiquiez que les constats issus de ce suivi r\u00e9v\u00e8lent des avanc\u00e9es significatives dans l\u2019am\u00e9lioration des services, la disponibilit\u00e9 de certains services et la remont\u00e9e d\u2019informations du terrain. Cependant, des d\u00e9fis majeurs subsistent. Pouvez-vous nous en dire davantage ?<\/p>\n\n\n\n<p><strong>Hamidou Ou\u00e9draogo<\/strong>&nbsp;: Effectivement, depuis 2019, le RAME publie chaque ann\u00e9e un rapport alternatif sur l&rsquo;\u00e9tat des lieux et donc de l&rsquo;acc\u00e8s aux soins de sant\u00e9 pour les maladies prioritaires. Et quand nous parlons de maladies prioritaires au Burkina, nous faisons r\u00e9f\u00e9rence \u00e0 la lutte contre le paludisme, la tuberculose, le VIH\/Sida, les soins de sant\u00e9 primaires comme la planification familiale et les soins en lien avec la sant\u00e9 de la m\u00e8re et de l&rsquo;enfant. Pour l&rsquo;ann\u00e9e 2024, nous avons pu publier le rapport annuel qui nous a permis de savoir qu&rsquo;il y a eu quelques avanc\u00e9es en mati\u00e8re de disponibilit\u00e9 des services. C&rsquo;est par exemple qu&rsquo;il y a au moins plus de 90% des usagers que nous avons rencontr\u00e9s qui \u00e9taient quand m\u00eame satisfaits de l&rsquo;accueil. Parce que l&rsquo;accueil c&rsquo;est un \u00e9l\u00e9ment extr\u00eamement important. On dit vraiment dans les arguments populaires et m\u00eame dans les arguments de la m\u00e9decine qu&rsquo;un patient bien accueilli est \u00e0 moiti\u00e9 gu\u00e9ri. Donc si on a plus de 90% des usagers qui disent avoir \u00e9t\u00e9 bien accueillis dans les centres de sant\u00e9, c&rsquo;est d\u00e9j\u00e0 un \u00e9l\u00e9ment de satisfaction.<\/p>\n\n\n\n<p>L&rsquo;autre aspect, c&rsquo;est qu&rsquo;en mati\u00e8re de disponibilit\u00e9 des m\u00e9dicaments, nous avons constat\u00e9 qu&rsquo;il y a quand m\u00eame eu une certaine am\u00e9lioration de la disponibilit\u00e9 des m\u00e9dicaments antipaludiques. Vous savez que le paludisme est l&rsquo;un des \u00e9l\u00e9ments, l&rsquo;une des pathologies la plus pr\u00e9sente au niveau de la communaut\u00e9 et qui constitue l&rsquo;une des premi\u00e8res causes de consultation et d&rsquo;hospitalisation dans les centres de sant\u00e9. Et constater qu&rsquo;effectivement, contrairement aux ann\u00e9es pr\u00e9c\u00e9dentes o\u00f9 on avait des soucis li\u00e9s \u00e0 la disponibilit\u00e9 des m\u00e9dicaments, cette ann\u00e9e on a eu quand m\u00eame une certaine am\u00e9lioration de la disponibilit\u00e9 des m\u00e9dicaments dans les centres de sant\u00e9 de base et autres. Et \u00e7a c&rsquo;est un \u00e9l\u00e9ment vraiment assez positif que nous avons pu relever. L&rsquo;autre aspect positif, c&rsquo;est que nous avons not\u00e9 que 97% des usagers ont dit que leurs droits \u00e0 la sant\u00e9 ont \u00e9t\u00e9 respect\u00e9s dans les centres de sant\u00e9. Et \u00e7a aussi c&rsquo;est un \u00e9l\u00e9ment assez positif parce que \u00e7a montre qu&rsquo;il y a quand m\u00eame un regard qui est fait par rapport aux droits \u00e0 la sant\u00e9 pour les populations. Et \u00e7a ce sont vraiment des choses que nous avons pu noter dans nos rapports. L&rsquo;autre aspect aussi important que je voulais vraiment souligner en termes d&rsquo;acquis, c&rsquo;est que nous avons not\u00e9 qu&rsquo;il y a 97% des Personnes vivant avec le VIH (PV-VIH) qui ont fait leur examen et qui devaient obtenir leur r\u00e9sultat dans un d\u00e9lai de moins de 30 jours. Et \u00e7a c&rsquo;est vraiment avec une progression de 10% par rapport \u00e0 2023, o\u00f9 c&rsquo;\u00e9tait 77% des PV-VIH qui avaient leurs r\u00e9sultats \u00e0 moins de 30 jours. Que ce soit au niveau de la tuberculose, du paludisme ou au niveau du PV-VIH, nous avons quand m\u00eame not\u00e9 quelques avanc\u00e9es qu&rsquo;on peut souligner.<\/p>\n\n\n\n<div class=\"wp-block-columns is-layout-flex wp-container-core-columns-is-layout-28f84493 wp-block-columns-is-layout-flex\">\n<div class=\"wp-block-column is-layout-flow wp-block-column-is-layout-flow\" style=\"flex-basis:100%\">\n<blockquote class=\"wp-block-quote is-layout-flow wp-block-quote-is-layout-flow\">\n<p><strong>\u00ab&nbsp;Malgr\u00e9 les avanc\u00e9es, de nombreux d\u00e9fis restent \u00e0 relever&nbsp;\u00bb<\/strong><\/p>\n<\/blockquote>\n<\/div>\n<\/div>\n\n\n\n<p>Cependant, il y a quand m\u00eame toujours beaucoup de d\u00e9fis qu&rsquo;il faut relever, parce qu&rsquo;on a d\u00fb noter qu&rsquo;il y a 90% des usagers qui disent avoir \u00e9t\u00e9 bien accueillis, c&rsquo;est-\u00e0-dire qu&rsquo;il y a 10% qui disent n&rsquo;avoir pas \u00e9t\u00e9 satisfaits de l&rsquo;accueil dans les formations sanitaires. Et 10% c&rsquo;est vraiment beaucoup. Et l&rsquo;objectif c&rsquo;est d&rsquo;arriver quand m\u00eame \u00e0 atteindre presque 100% des usagers qui sont satisfaits de leur accueil dans les centres de sant\u00e9. L&rsquo;autre aspect, c&rsquo;est que malgr\u00e9 les efforts qui sont faits en mati\u00e8re de disponibilit\u00e9 des m\u00e9dicaments, il y a quand m\u00eame toujours beaucoup de gap qu&rsquo;il faut combler.<\/p>\n\n\n\n<p>Il ressort par exemple qu&rsquo;il y a au moins 25% des agents de sant\u00e9 \u00e0 base communautaire que nous avons rencontr\u00e9s qui disent n&rsquo;avoir jamais re\u00e7u des m\u00e9dicaments d&rsquo;ACT, c&rsquo;est-\u00e0-dire des m\u00e9dicaments de lutte contre le paludisme. Et \u00e7a c&rsquo;est vraiment un \u00e9l\u00e9ment extr\u00eamement important \u00e0 souligner. Parce que le minist\u00e8re de la Sant\u00e9 a fait ces derni\u00e8res ann\u00e9es de la sant\u00e9 communautaire, son cheval de bataille et le ministre de la Sant\u00e9 a fait beaucoup de d\u00e9clarations sur la sant\u00e9 communautaire. Mais malheureusement on se retrouve sur le terrain avec des agents de sant\u00e9 \u00e0 base communautaire qui n&rsquo;ont pratiquement pas les intrants et \u00e9quipements pour travailler. Au niveau des intrants et \u00e9quipements, vous allez noter par exemple que 11% des ASBC n&rsquo;ont jamais re\u00e7u de TDA de paludisme. Et il y a au moins 41% des ASBC qui n&rsquo;ont jamais re\u00e7u de planification familiale.<\/p>\n\n\n\n<p>Et en plus il y a les autres \u00e9l\u00e9ments comme les thermom\u00e8tres et autres qui sont manquants au niveau des ASBC. Donc c&rsquo;est autant de d\u00e9fis, et \u00e7a c&rsquo;est au niveau des ASBC, au niveau communautaire. Quand on prend au niveau des formations sanitaires, nous avons constat\u00e9 qu&rsquo;il y a eu 31% des formations sanitaires qui ont connu la rupture de stocks de m\u00e9dicaments essentiels, de m\u00e9dicaments traceurs. C&rsquo;est quand m\u00eame un des d\u00e9fis assez importants que le syst\u00e8me reste toujours \u00e0 relever.<\/p>\n\n\n\n<p><strong>Dans ce m\u00eame rapport, il ressort que 38 enfants n\u00e9s de m\u00e8res s\u00e9ropositives n\u2019ont pas pu b\u00e9n\u00e9ficier de PCR dans les d\u00e9lais requis et que 14 enfants n\u00e9s de m\u00e8res s\u00e9ropositives n\u2019ont pas b\u00e9n\u00e9fici\u00e9 de la prophylaxie de pr\u00e9vention. Qu\u2019est-ce qui explique cela selon vos analyses ?<\/strong><\/p>\n\n\n\n<p>C\u2019est vraiment l\u2019un des grands d\u00e9fis auquel le Burkina Faso est confront\u00e9. Il y a quand m\u00eame beaucoup de strat\u00e9gies par rapport \u00e0 ce qu&rsquo;ils appellent l&rsquo;\u00e9limination de la transmission des enfants du VIH, qui est une strat\u00e9gie globale que le pays m\u00e8ne depuis un certain temps pour qu&rsquo;effectivement aucun enfant, les enfants innocents, ne puissent quand m\u00eame na\u00eetre d&rsquo;une m\u00e8re porteuse du virus et que cet enfant-l\u00e0, malheureusement, soit aussi contamin\u00e9. Et pour cela, il y a un protocole qui a \u00e9t\u00e9 mis en place pour un diagnostic d&rsquo;abord, un d\u00e9pistage au PCR, et puis une mise sous prophylaxie tr\u00e8s rapidement, donc dans les deux semaines qui suivent. Malheureusement, vous savez, on est toujours dans des contextes o\u00f9 pour le statut s\u00e9rologique, il y a toujours de la r\u00e9ticence. Parfois de peur que des partenaires divulguent le statut s\u00e9rologique, ou bien certaines personnes qui ont toujours des difficult\u00e9s pour informer les autres sur leur statut s\u00e9rologique.<\/p>\n\n\n\n<p>On tente donc de mettre en place des moyens dans les formations sanitaires, dans les centres de prise en charge, o\u00f9 ces femmes enceintes porteuses du virus sont suivies pour qu&rsquo;\u00e0 l&rsquo;accouchement, elles puissent avoir les \u00e9l\u00e9ments n\u00e9cessaires par rapport \u00e0 la pr\u00e9vention de la transmission enfant. Malheureusement, il se trouve que par exemple, certaines femmes vont faire leur CPR dans un lieu donn\u00e9 et aller faire l&rsquo;accouchement dans un autre lieu. Donc d\u00e9j\u00e0, s&rsquo;il n&rsquo;y a pas une communication assez efficace avec ce second centre de sant\u00e9, l&rsquo;enfant qui va na\u00eetre ne va pas b\u00e9n\u00e9ficier des mesures requises pour se pr\u00e9venir du VIH.<\/p>\n\n\n\n<p>Il y a aussi les questions de rupture. Parfois, les centres de sant\u00e9 manquent des examens de PCR ou des m\u00e9dicaments pour la prophylaxie pour prendre en charge ces enfants n\u00e9s de m\u00e8res s\u00e9ropositives. C&rsquo;est vraiment ces difficult\u00e9s de communication, parfois des difficult\u00e9s de disponibilit\u00e9 des intrants qui font que nous arrivons \u00e0 ces cas malheureux. Et nous esp\u00e9rons bien que ces enfants n&rsquo;ont pas \u00e9t\u00e9 contamin\u00e9s. Parce que nous avons fait des alertes et il y a eu quand m\u00eame des tentatives de prise en charge de rattraper les situations. Pour certains enfants, c&rsquo;est un peu difficile, mais on a pu quand m\u00eame rattraper certains et nous esp\u00e9rons bien qu&rsquo;ils n&rsquo;ont pas pu \u00eatre contamin\u00e9s malgr\u00e9 les insuffisances qui ont \u00e9t\u00e9 constat\u00e9es.<\/p>\n\n\n\n<p><strong>Dans le m\u00eame temps on parle de la prise en charge gratuite des soins alors que de longs d\u00e9lais d\u2019attente et de ruptures de m\u00e9dicaments sont toujours observ\u00e9s ?<\/strong><\/p>\n\n\n\n<blockquote class=\"wp-block-quote is-layout-flow wp-block-quote-is-layout-flow\">\n<p><strong>\u00ab&nbsp;31% des formations sanitaires en ruptures de m\u00e9dicaments traceurs&nbsp;\u00bb<\/strong><\/p>\n<\/blockquote>\n\n\n\n<p>Oui, en fait, la prise en charge, la gratuit\u00e9 des soins est une strat\u00e9gie du gouvernement pour rendre les services de sant\u00e9 plus accessibles aux populations et pouvoir leur permettre d&rsquo;avoir des services de qualit\u00e9. Mais cette gratuit\u00e9 devrait aussi quand m\u00eame s&rsquo;accompagner d&rsquo;une tr\u00e8s grande disponibilit\u00e9. Sinon, on va se retrouver dans une gratuit\u00e9 de fa\u00e7ade, parce qu&rsquo;on va dire que c&rsquo;est gratuit th\u00e9oriquement, mais si vous partez et que vous ne trouvez pas le service, vous serez oblig\u00e9 d&rsquo;aller acheter ailleurs. Et quand vous allez dans une officine priv\u00e9e ou dans une pharmacie priv\u00e9e, ce n&rsquo;est pas gratuit. Et parfois les prix sont doubl\u00e9s voir tripl\u00e9s. Et c&rsquo;est un peu la difficult\u00e9. C&rsquo;est pour cela que j&rsquo;ai not\u00e9 qu&rsquo;il y a au moins 31% des formations sanitaires qui ont signal\u00e9 avoir eu des ruptures de m\u00e9dicaments traceurs.<\/p>\n\n\n\n<p>Et si vous essayez de le multiplier, c&rsquo;est peut-\u00eatre comme des personnes qui ont manqu\u00e9 de m\u00e9dicaments dans les formations sanitaires et qui ont \u00e9t\u00e9 peut-\u00eatre oblig\u00e9s soit de repartir chez les tradi-praticiens parce qu&rsquo;ils n&rsquo;ont pas les ressources n\u00e9cessaires pour acheter dans les officines priv\u00e9es. C&rsquo;est vraiment un probl\u00e8me assez crucial qu&rsquo;il faut tenter de r\u00e9soudre. Et j&rsquo;esp\u00e8re bien que les autorit\u00e9s ont pris bonne note pour tenter de r\u00e9soudre cette question de rupture avec les r\u00e9formes au niveau de la Cameg.<\/p>\n\n\n\n<p><strong>Qu&rsquo;entend-on par m\u00e9dicaments traceurs ?<\/strong><\/p>\n\n\n\n<p>C&rsquo;est une liste de m\u00e9dicaments essentiels. Dans un CSPS, par exemple, il y a 25 mol\u00e9cules traceurs. Et ces 25 mol\u00e9cules traceurs sont en principe n\u00e9cessaires pour prendre en charge la plupart des pathologies courantes rencontr\u00e9es ou qui viennent dans un centre de sant\u00e9 et de promotion sociale. Dans un CMA, il y a aussi au moins 50 m\u00e9dicaments traceurs qui sont aussi list\u00e9s et qui permettent aussi de prendre en charge jusqu&rsquo;au niveau CHU et CHE. Au niveau CHU et CHE, l\u00e0, on a eu une certaine ouverture par moment. Et il y a ce qu&rsquo;on appelle les comit\u00e9s th\u00e9rapeutiques qui essaient de g\u00e9rer la question des prescriptions en essayant de d\u00e9terminer quels sont les m\u00e9dicaments ou les listes de prescriptions n\u00e9cessaires pour telle ou telle pathologie pour pouvoir mieux encadrer les prescriptions et la disponibilit\u00e9 des m\u00e9dicaments dans le dit centre de sant\u00e9.<\/p>\n\n\n\n<p><strong>Dans votre rapport, 70% des personnes rencontr\u00e9es n\u2019ont pas de connaissance sur le paquet de soins et de services de l\u2019Assurance Maladie Universelle ; 88% des personnes indigentes d\u00e9tentrices des cartes d\u2019assur\u00e9es ignorent le panier de soins qui leurs sont offerts ; 77% des travailleurs du public et du priv\u00e9 interview\u00e9 n\u2019ont pas une connaissance de l\u2019AMU ; 70% des autres acteurs interview\u00e9s disent n\u2019\u00eatre pas satisfaits du processus de mise en \u0153uvre de l\u2019AMU et 27% des personnes d\u00e9tentrices de la carte disent n\u2019avoir pas \u00e9t\u00e9 satisfaits des services re\u00e7us dans les centres de sant\u00e9. Pour une structure de veille citoyenne comme la v\u00f4tre, ce taux est quand m\u00eame \u00e9lev\u00e9 non ?<\/strong><\/p>\n\n\n\n<blockquote class=\"wp-block-quote is-layout-flow wp-block-quote-is-layout-flow\">\n<p><strong>\u00ab&nbsp;Plus de 70% des personnes n&rsquo;ont pas de connaissances sur les paquets de l&rsquo;Assurance maladie universelle&nbsp;\u00bb<\/strong><\/p>\n<\/blockquote>\n\n\n\n<p>Oui, ce taux est un peu \u00e9lev\u00e9, on peut le dire ainsi. Maintenant, il faudra situer les contextes. Parce que c&rsquo;est vrai que dans le cas du dispositif de l&rsquo;Observatoire citoyen sur l&rsquo;acc\u00e8s aux services de sant\u00e9, nous suivons aussi le d\u00e9marrage de la mise en \u0153uvre de l&rsquo;AMU, qui est aussi une des politiques phares du Burkina Faso pour rendre les soins de sant\u00e9 plus accessibles pour tous. Une certaine \u00e9quit\u00e9 et \u00e9galit\u00e9 des soins de sant\u00e9, d&rsquo;acc\u00e8s aux soins de sant\u00e9. Maintenant, nous avons essay\u00e9 de voir, mais au-del\u00e0 de l&rsquo;assurance maladie universelle, nous avons aussi suivi pour regarder, parce qu&rsquo;avant l&rsquo;AMU, il y avait d&rsquo;autres politiques d&rsquo;exemption des soins. Quand on prend par exemple les personnes \u00e2g\u00e9es, il y a un texte qui donne un certain nombre d&rsquo;exemptions pour les personnes \u00e2g\u00e9es.<\/p>\n\n\n\n<p>Quand on prend par exemple les personnes handicap\u00e9es, il y a un certain nombre d&rsquo;exemptions qui sont donn\u00e9es aux personnes handicap\u00e9es. En plus de l&rsquo;AMU, nous avons int\u00e9gr\u00e9 la prise en charge des personnes \u00e2g\u00e9es et des personnes handicap\u00e9es et nous avons essay\u00e9 de voir comment cela fonctionne. Est-ce que les gens sont inform\u00e9s ? Est-ce que les services sont disponibles ? Quelle est la perception des communaut\u00e9s sur ces diff\u00e9rentes politiques qui sont mises en \u0153uvre ? Et c&rsquo;est l\u00e0 que nous avons \u00e9t\u00e9 effectivement surpris de constater qu&rsquo;il y a quand m\u00eame plus de 70% des personnes qui n&rsquo;ont pas de connaissances sur les paquets de l&rsquo;Assurance maladie universelle.<\/p>\n\n\n\n<figure class=\"wp-block-embed is-type-video is-provider-youtube wp-block-embed-youtube wp-embed-aspect-16-9 wp-has-aspect-ratio\"><div class=\"wp-block-embed__wrapper\">\n<iframe loading=\"lazy\" title=\"Assurance maladie universelle\" width=\"960\" height=\"540\" src=\"https:\/\/www.youtube.com\/embed\/DAnWIfC2wUk?feature=oembed\" frameborder=\"0\" allow=\"accelerometer; autoplay; clipboard-write; encrypted-media; gyroscope; picture-in-picture; web-share\" referrerpolicy=\"strict-origin-when-cross-origin\" allowfullscreen><\/iframe>\n<\/div><\/figure>\n\n\n\n<p>Et \u00e7a, nous l&rsquo;avons signal\u00e9 \u00e0 la Caisse nationale d&rsquo;assurance maladie universelle, parce qu&rsquo;il faut qu&rsquo;il y ait plus de communication. Pas seulement juste dire qu&rsquo;il y a de l&rsquo;assurance, mais qu&rsquo;est-ce qui est pr\u00e9vu, comment \u00e7a marche, comment \u00e7a va fonctionner, et quand \u00e7a d\u00e9marre. C&rsquo;est extr\u00eamement important. Sinon, les gens ont peut-\u00eatre d\u00fb entendre parler de beaucoup de personnes en train d&rsquo;entamer l&rsquo;AMU mais sans connaitre vraiment ce que cela contient exactement. Et \u00e7a, c&rsquo;est un d\u00e9fi de communication qui reste quand m\u00eame assez entier, que ce soit sur le plan m\u00eame de la communaut\u00e9 locale, o\u00f9 m\u00eame les prestataires de soins qui sont cens\u00e9s fournir des prestations de services pour ce volet assurance. Il y a quand m\u00eame toujours des gaps d&rsquo;informations qu&rsquo;il faut combler.<\/p>\n\n\n\n<p>On a enr\u00f4l\u00e9 des personnes indig\u00e8nes qui devraient, par exemple, avoir acc\u00e8s \u00e0 l&rsquo;assurance. Mais quand on demande \u00e0 ces personnes, elles disent ne pas en savoir davantage. Alors qu&rsquo;il y a une exemption gratuite pour ces personnes. Je pr\u00e9cise aussi que ce sont des donn\u00e9es que nous avons collect\u00e9es dans la r\u00e9gion des Hauts-Bassins, dans l&rsquo;arrondissement 3 de la commune de Hound\u00e9 etc. Peut-\u00eatre que dans d&rsquo;autres r\u00e9gions, les gens ont d&rsquo;autres informations, (22:52) peut-\u00eatre plus importantes.<\/p>\n\n\n\n<p><strong>Nous sommes en pleine saison pluvieuse et la question de la disponibilit\u00e9 des m\u00e9dicaments n\u00e9cessaires aussi bien pour la pr\u00e9vention que pour le traitement du paludisme demeure. Quelle est l\u2019analyse que vous faites de cette situation ?<\/strong><\/p>\n\n\n\n<p>Oui, chaque ann\u00e9e, malheureusement. Nous pensons qu&rsquo;il y a quand m\u00eame des recommandations qui sont aussi prises en compte, parce que le minist\u00e8re essaie actuellement de multiplier les campagnes de chimio prophylaxes et saisonniers (CPS) pour essayer de faire la pr\u00e9vention. On vient aussi de distribuer les MLDA aux populations.<\/p>\n\n\n\n<p>Et tout \u00e7a, c&rsquo;est pour vraiment faire de la pr\u00e9vention, parce que si on arrive \u00e0 faire plus de pr\u00e9vention, on doit pouvoir limiter la pression sur les m\u00e9dicaments. Et \u00e7a, c&rsquo;est aussi un des \u00e9l\u00e9ments que nous essayons de recommander au minist\u00e8re. C&rsquo;est mieux de faire un programme de pr\u00e9vention du paludisme que de se concentrer beaucoup plus sur la prise en charge. Il y a quand m\u00eame des d\u00e9fis par rapport \u00e0 l&rsquo;approvisionnement des m\u00e9dicaments d&rsquo;une mani\u00e8re globale, parce que les co\u00fbts ont augment\u00e9 au niveau mondial par rapport \u00e0 la logistique, le transport etc. Mais nous avons toujours recommand\u00e9 au minist\u00e8re qu&rsquo;il y ait des strat\u00e9gies d&rsquo;anticipation.<\/p>\n\n\n\n<blockquote class=\"wp-block-quote is-layout-flow wp-block-quote-is-layout-flow\">\n<p><strong>\u00ab&nbsp;Il faut que la population essaie de suivre les orientations en mati\u00e8re de pr\u00e9vention&nbsp;\u00bb<\/strong><\/p>\n<\/blockquote>\n\n\n\n<p>Maintenant, comment faire pour que les m\u00e9dicaments soient suffisamment dans les centres de sant\u00e9 avant cette p\u00e9riode de pique ? Je pense que c&rsquo;est \u00e7a qui est vraiment le d\u00e9fi important \u00e0 relever. Malheureusement jusqu&rsquo;\u00e0 pr\u00e9sent, la CAMEG n&rsquo;arrive pas \u00e0 satisfaire \u00e0 100 % l&rsquo;ensemble des commandes des formations sanitaires. Et \u00e7a aussi, c&rsquo;est un d\u00e9fi assez important qu&rsquo;il faut relever, parce qu&rsquo;avec la mise en \u0153uvre de la gratitude des soins, il y a eu quand m\u00eame beaucoup de cumul d&rsquo;arri\u00e9r\u00e9s au niveau des formations sanitaires et m\u00eame des dettes de la CAMEG qui font que le syst\u00e8me a pris un coup. Malgr\u00e9 les efforts qui sont faits actuellement, il y a quand m\u00eame que le syst\u00e8me a du mal \u00e0 bien se relancer en mati\u00e8re de disponibilit\u00e9 de produits et autres intrants. L&rsquo;autre aspect aussi, c&rsquo;est qu&rsquo;il faut que la population essaie encore de suivre les orientations en mati\u00e8re de pr\u00e9vention. Parce que quand on dit \u00e0 quelqu&rsquo;un de dormir sous moustiquaire, ce n&rsquo;est pas pour quelqu&rsquo;un d&rsquo;autre, c&rsquo;est pour soi-m\u00eame. Parce que si on tombe malade et qu&rsquo;on est oblig\u00e9 de ne pas aller cultiver son champ, ou qu&rsquo;on est oblig\u00e9 de ne pas aller au travail, c&rsquo;est nous-m\u00eames qui perdons d&rsquo;abord et c&rsquo;est l&rsquo;Etat o\u00f9 nos entreprises qui perdent.<\/p>\n\n\n\n<figure class=\"wp-block-embed is-type-video is-provider-youtube wp-block-embed-youtube wp-embed-aspect-16-9 wp-has-aspect-ratio\"><div class=\"wp-block-embed__wrapper\">\n<iframe loading=\"lazy\" title=\"PALU\" width=\"960\" height=\"540\" src=\"https:\/\/www.youtube.com\/embed\/ohz1ihWCwBg?feature=oembed\" frameborder=\"0\" allow=\"accelerometer; autoplay; clipboard-write; encrypted-media; gyroscope; picture-in-picture; web-share\" referrerpolicy=\"strict-origin-when-cross-origin\" allowfullscreen><\/iframe>\n<\/div><\/figure>\n\n\n\n<p><strong>La disponibilit\u00e9 et l\u2019acc\u00e8s au MILDA demeure un chemin de croix pour les populations surtout vuln\u00e9rables. Pourtant, la campagne de distribution bat son plein. Ou se situe le probl\u00e8me selon vous ?<\/strong><\/p>\n\n\n\n<p>C&rsquo;est malheureusement une situation que nous constatons. Nous avons pu avoir l&rsquo;opportunit\u00e9 d&rsquo;interpeller les autorit\u00e9s, notamment le minist\u00e8re de la Sant\u00e9 et les autres autorit\u00e9s par rapport \u00e0 la question de la disponibilit\u00e9 des m\u00e9dicaments. Sinon, les Milda en principe, sont accessibles dans les centres de sant\u00e9. Je pense que \u00e7a, c&rsquo;est quand m\u00eame l&rsquo;un des \u00e9l\u00e9ments en termes d&rsquo;indicateurs. On a quand m\u00eame quelques cas de ruptures de Milda dans la routine. Sinon, les Milda en principe, sont disponibles dans les centres de sant\u00e9. Et je pense que le Burkina Faso a quand m\u00eame fait beaucoup d&rsquo;efforts en mati\u00e8re de distribution. Et depuis 2010, on fait quand m\u00eame chaque trois ans une distribution, une campagne universelle de distribution de Milda. Et \u00e7a, c&rsquo;est vraiment des efforts \u00e0 saluer. Malheureusement, ces Milda se retrouvent dans l&rsquo;espace public, dans les march\u00e9s parfois, pour des ventes ou autres. Bon, pour plusieurs raisons. Je ne saurais savoir exactement toutes les raisons.<\/p>\n\n\n\n<p>Mais je pense que l&rsquo;une des choses, c&rsquo;est que c&rsquo;est nous aussi, les communaut\u00e9s, qui amenons ces Milda sur le march\u00e9. C&rsquo;est aussi par des comportements v\u00e9reux de certains acteurs du syst\u00e8me qui font que malheureusement, ces Milda se retrouvent donc sur la place du march\u00e9.<\/p>\n\n\n\n<blockquote class=\"wp-block-quote is-layout-flow wp-block-quote-is-layout-flow\">\n<p><strong>\u00ab&nbsp;Appeler le 80 00 11 20 la ligne verte du RAME pour signaler tout cas de fraude&nbsp;\u00bb<\/strong><\/p>\n<\/blockquote>\n\n\n\n<p>Les communaut\u00e9s sont aussi invit\u00e9es \u00e0 signaler aux autorit\u00e9s les ventes illicites et que la loi puisse \u00eatre appliqu\u00e9e en la mati\u00e8re pour que les \u00e9ventuels fautifs puissent subir la rigueur de la loi par rapport \u00e0 cela. Parce que ce sont des Milda que l&rsquo;\u00c9tat a achet\u00e9 pour distribuer gratuitement \u00e0 la communaut\u00e9. Il n&rsquo;y a pas de raison que \u00e7a se retrouve en vente. Si les populations n&rsquo;ont pas pu avoir acc\u00e8s aux Milda dans leur zone, ils peuvent aussi appeler. Elles peuvent nous interpeler et nous allons essayer d&rsquo;interpeller les minist\u00e8res par rapport \u00e0 la prise en charge de ces diff\u00e9rents cas. Nous avons une ligne verte au RAME qui est le <strong>80 00 11 20<\/strong>.<\/p>\n\n\n\n<p><strong>Le changement de statut de la CAMEG pourrait-il apporter un changement dans l\u2019acc\u00e8s aux soins par les populations ? Sinon que faire ?<\/strong><\/p>\n\n\n\n<p>Bon, c&rsquo;est ce que nous essayons donc d&rsquo;observer et c&rsquo;est ce que nous esp\u00e9rons. Mais en une ann\u00e9e, nous ne pouvons pas v\u00e9ritablement donner un avis assez profond en la mati\u00e8re. Mais nous essayons d&rsquo;\u00eatre optimistes, parce que jusqu&rsquo;\u00e0 pr\u00e9sent, il n&rsquo;y a pas eu une d\u00e9gradation de la situation.<\/p>\n\n\n\n<p><strong>Quels sont les m\u00e9canismes de pression dont vous disposez pour esp\u00e9rer atteindre les r\u00e9sultats tant souhait\u00e9s&nbsp;?<\/strong><\/p>\n\n\n\n<p>Oui, nous avons quand m\u00eame l&rsquo;autre volet assez important qui est le plaidoyer. Et quand le rapport est produit comme \u00e7a, nous produisons des notes de synth\u00e8se, nous produisons quand m\u00eame des notes de communication et nous essayons donc de rencontrer les diff\u00e9rentes parties prenantes avec des propositions. Parce que si vous regardez dans le rapport, nous avons fait des propositions structurelles parce qu&rsquo;il y a eu des corrections \u00e0 faire au niveau conjoncturel. La plupart de certains dysfonctionnements sont \u00e0 ce niveau. Nous avons d\u00e9j\u00e0 eu des rencontres avec les programme sectoriels Sant\u00e9 par rapport \u00e0 cette question. Nous avons demand\u00e9 une audience avec le ministre pour \u00e9galement discuter de certaines questions. Nous avons quand m\u00eame des cadres de concertation.<\/p>\n\n\n\n<p>Dans les prochains jours, nous allons \u00e9galement solliciter le Premier minist\u00e8re pour resituer les r\u00e9sultats du rapport, passer nos recommandations et voir comment on peut suivre la mise en \u0153uvre de certains \u00e9l\u00e9ments de recommandation pour qu\u2019ensemble, nous puissions contribuer \u00e0 structurer un syst\u00e8me de sant\u00e9 beaucoup plus solide et qui garantisse quand m\u00eame un acc\u00e8s \u00e9quitable \u00e0 des soins de sant\u00e9 de qualit\u00e9 pour tous.<\/p>\n\n\n\n<p><strong><em>Propos recueillis et transcrits par AZONHANDE Abel<\/em><\/strong><\/p>\n","protected":false},"excerpt":{"rendered":"<p>Cr\u00e9\u00e9 en 2003 et reconnu en tant que ONG national depuis 2024, le R\u00e9seau Acc\u00e8s aux M\u00e9dicaments Essentiels (RAME) a pour mission essentielle d&rsquo;influencer les politiques publiques pour un acc\u00e8s \u00e9quitable aux soins de sant\u00e9 de qualit\u00e9. Dans un rapport rendu publique le 18 juillet 2025, le r\u00e9seau et plusieurs autres organisations de la soci\u00e9t\u00e9<\/p>\n","protected":false},"author":3,"featured_media":1864,"comment_status":"open","ping_status":"open","sticky":false,"template":"","format":"standard","meta":{"footnotes":""},"categories":[3,6,14,5],"tags":[],"class_list":["post-1863","post","type-post","status-publish","format-standard","has-post-thumbnail","hentry","category-actualite","category-alimentation","category-nutrition","category-sante"],"_links":{"self":[{"href":"https:\/\/www.sante-pourtous.net\/index.php?rest_route=\/wp\/v2\/posts\/1863","targetHints":{"allow":["GET"]}}],"collection":[{"href":"https:\/\/www.sante-pourtous.net\/index.php?rest_route=\/wp\/v2\/posts"}],"about":[{"href":"https:\/\/www.sante-pourtous.net\/index.php?rest_route=\/wp\/v2\/types\/post"}],"author":[{"embeddable":true,"href":"https:\/\/www.sante-pourtous.net\/index.php?rest_route=\/wp\/v2\/users\/3"}],"replies":[{"embeddable":true,"href":"https:\/\/www.sante-pourtous.net\/index.php?rest_route=%2Fwp%2Fv2%2Fcomments&post=1863"}],"version-history":[{"count":1,"href":"https:\/\/www.sante-pourtous.net\/index.php?rest_route=\/wp\/v2\/posts\/1863\/revisions"}],"predecessor-version":[{"id":1865,"href":"https:\/\/www.sante-pourtous.net\/index.php?rest_route=\/wp\/v2\/posts\/1863\/revisions\/1865"}],"wp:featuredmedia":[{"embeddable":true,"href":"https:\/\/www.sante-pourtous.net\/index.php?rest_route=\/wp\/v2\/media\/1864"}],"wp:attachment":[{"href":"https:\/\/www.sante-pourtous.net\/index.php?rest_route=%2Fwp%2Fv2%2Fmedia&parent=1863"}],"wp:term":[{"taxonomy":"category","embeddable":true,"href":"https:\/\/www.sante-pourtous.net\/index.php?rest_route=%2Fwp%2Fv2%2Fcategories&post=1863"},{"taxonomy":"post_tag","embeddable":true,"href":"https:\/\/www.sante-pourtous.net\/index.php?rest_route=%2Fwp%2Fv2%2Ftags&post=1863"}],"curies":[{"name":"wp","href":"https:\/\/api.w.org\/{rel}","templated":true}]}}