{"id":1886,"date":"2025-09-26T10:39:06","date_gmt":"2025-09-26T10:39:06","guid":{"rendered":"https:\/\/www.sante-pourtous.net\/?p=1886"},"modified":"2025-09-26T10:39:07","modified_gmt":"2025-09-26T10:39:07","slug":"situation-alimentaire-et-nutritionnelle-des-personnes-faisant-face-a-linsecurite-alimentaire-au-burkina-faso-le-projet-damelioration-de-lalimentation-de-la-nut","status":"publish","type":"post","link":"https:\/\/www.sante-pourtous.net\/?p=1886","title":{"rendered":"Situation alimentaire et nutritionnelle des personnes faisant face \u00e0 l\u2019ins\u00e9curit\u00e9 alimentaire au Burkina Faso\u00a0: \u00a0le Projet d\u2019am\u00e9lioration de l\u2019Alimentation, de la nutrition et de l\u2019Hygi\u00e8ne en milieu familial, un projet \u00ab\u00a0r\u00e9ussi\u00a0\u00bb qui n\u2019a cependant pas pu atteindre tous les indicateurs planifi\u00e9s pour des raisons diverses"},"content":{"rendered":"\n<p><strong><em>Apr\u00e8s 10 ann\u00e9es de mise en \u0153uvre du Projet d\u2019am\u00e9lioration de l\u2019Alimentation, de la nutrition et de l\u2019Hygi\u00e8ne en milieu familial (PAH), de nombreux acquis ont certes \u00e9t\u00e9 enregistr\u00e9s mais des difficult\u00e9s ont plomb\u00e9es sa mise en \u0153uvre. C\u2019est du moins ce qui ressort du bilan de ce projet de la Coop\u00e9ration allemande, pr\u00e9sent\u00e9 ce vendredi 26 septembre 2025 aux parties prenantes.<\/em><\/strong><br>\u00a0<\/p>\n\n\n\n<p>Afin d\u2019am\u00e9liorer la situation nutritionnelle de la population, le Burkina Faso a adopt\u00e9 une Politique nationale multisectorielle de nutrition (PNMN) comportant entre autres, des mesures destin\u00e9es \u00e0 promouvoir la disponibilit\u00e9 et l\u2019acc\u00e8s continu \u00e0 des aliments propres \u00e0 la consommation, nutritifs et en quantit\u00e9s suffisantes. Parmi ces mesures figure \u00e9galement la fortification des aliments de grande consommation en vitamine A, en fer et en iode.<\/p>\n\n\n\n<figure class=\"wp-block-image size-large\"><img loading=\"lazy\" decoding=\"async\" width=\"1024\" height=\"461\" src=\"https:\/\/www.sante-pourtous.net\/wp-content\/uploads\/2025\/09\/IMG_20250926_092432_493@-1847768919-1024x461.jpg\" alt=\"\" class=\"wp-image-1889\" srcset=\"https:\/\/www.sante-pourtous.net\/wp-content\/uploads\/2025\/09\/IMG_20250926_092432_493@-1847768919-1024x461.jpg 1024w, https:\/\/www.sante-pourtous.net\/wp-content\/uploads\/2025\/09\/IMG_20250926_092432_493@-1847768919-300x135.jpg 300w, https:\/\/www.sante-pourtous.net\/wp-content\/uploads\/2025\/09\/IMG_20250926_092432_493@-1847768919-768x346.jpg 768w, https:\/\/www.sante-pourtous.net\/wp-content\/uploads\/2025\/09\/IMG_20250926_092432_493@-1847768919-1536x691.jpg 1536w, https:\/\/www.sante-pourtous.net\/wp-content\/uploads\/2025\/09\/IMG_20250926_092432_493@-1847768919-2048x922.jpg 2048w, https:\/\/www.sante-pourtous.net\/wp-content\/uploads\/2025\/09\/IMG_20250926_092432_493@-1847768919-650x293.jpg 650w, https:\/\/www.sante-pourtous.net\/wp-content\/uploads\/2025\/09\/IMG_20250926_092432_493@-1847768919-310x140.jpg 310w, https:\/\/www.sante-pourtous.net\/wp-content\/uploads\/2025\/09\/IMG_20250926_092432_493@-1847768919-150x68.jpg 150w\" sizes=\"auto, (max-width: 1024px) 100vw, 1024px\" \/><figcaption class=\"wp-element-caption\">0-4480&#215;2038-0-0#<\/figcaption><\/figure>\n\n\n\n<p>Pour accompagner les efforts du gouvernement dans la lutte contre la malnutrition, la Coop\u00e9ration allemande met en \u0153uvre depuis 2015, le PAH) qui a pour objectif d\u2019am\u00e9liorer la situation alimentaire et nutritionnelle des personnes faisant face \u00e0 l\u2019ins\u00e9curit\u00e9 alimentaire, en particulier des femmes en \u00e2ge de procr\u00e9er et des enfants en bas \u00e2ge dans la r\u00e9gion du Dj\u00f4r\u00f4 (ex Sud-Ouest). Trois champs d&rsquo;action ont \u00e9t\u00e9 mis en \u0153uvre au niveau des groupes cibles et des interm\u00e9diaires. Il s\u2019agit de l&rsquo;am\u00e9lioration de la disponibilit\u00e9 saisonni\u00e8re d&rsquo;aliments diversifi\u00e9s et sains, de l&rsquo;am\u00e9lioration des connaissances en mati\u00e8re de nutrition, d&rsquo;hygi\u00e8ne et d&rsquo;\u00e9conomie domestique dans le milieu familial et du d\u00e9veloppement des capacit\u00e9s pour am\u00e9liorer les services de base multisectoriels dans les domaines de l&rsquo;agriculture, de la nutrition et de l&rsquo;hygi\u00e8ne jusqu\u2019au 30 juin 2025.<\/p>\n\n\n\n<p>Au niveau r\u00e9gional et national, la gouvernance de la nutrition est mise en avant en mettant l&rsquo;accent sur l&rsquo;am\u00e9lioration de la coordination multisectorielle en mati\u00e8re de s\u00e9curit\u00e9 alimentaire. Le projet a \u00e9galement int\u00e9gr\u00e9 depuis 2023, des activit\u00e9s sur la gouvernance de la fortification alimentaire au Burkina et dans la sous-r\u00e9gion.<\/p>\n\n\n\n<figure class=\"wp-block-image size-large\"><img loading=\"lazy\" decoding=\"async\" width=\"1024\" height=\"461\" src=\"https:\/\/www.sante-pourtous.net\/wp-content\/uploads\/2025\/09\/IMG_20250926_092444_578@-529361070-1024x461.jpg\" alt=\"\" class=\"wp-image-1888\" srcset=\"https:\/\/www.sante-pourtous.net\/wp-content\/uploads\/2025\/09\/IMG_20250926_092444_578@-529361070-1024x461.jpg 1024w, https:\/\/www.sante-pourtous.net\/wp-content\/uploads\/2025\/09\/IMG_20250926_092444_578@-529361070-300x135.jpg 300w, https:\/\/www.sante-pourtous.net\/wp-content\/uploads\/2025\/09\/IMG_20250926_092444_578@-529361070-768x346.jpg 768w, https:\/\/www.sante-pourtous.net\/wp-content\/uploads\/2025\/09\/IMG_20250926_092444_578@-529361070-1536x691.jpg 1536w, https:\/\/www.sante-pourtous.net\/wp-content\/uploads\/2025\/09\/IMG_20250926_092444_578@-529361070-2048x922.jpg 2048w, https:\/\/www.sante-pourtous.net\/wp-content\/uploads\/2025\/09\/IMG_20250926_092444_578@-529361070-650x293.jpg 650w, https:\/\/www.sante-pourtous.net\/wp-content\/uploads\/2025\/09\/IMG_20250926_092444_578@-529361070-310x140.jpg 310w, https:\/\/www.sante-pourtous.net\/wp-content\/uploads\/2025\/09\/IMG_20250926_092444_578@-529361070-150x68.jpg 150w\" sizes=\"auto, (max-width: 1024px) 100vw, 1024px\" \/><figcaption class=\"wp-element-caption\"><em><strong>Les repr\u00e9sentants des parties prenantes ont r\u00e9pondu pr\u00e9sent et apporter leurs contributions<\/strong><\/em><\/figcaption><\/figure>\n\n\n\n<p>Le projet qui ferme d\u00e9finitivement et officiellement ses portes en d\u00e9cembre 2025 a selon les diff\u00e9rents intervenants et les \u00e9vidences pr\u00e9sent\u00e9es, engrang\u00e9 de nombreux acquis. En effet, le PAH s\u2019aligne sur les strat\u00e9gies et les plateformes du gouvernement burkinab\u00e8 et contribue \u00e0 leur \u00e9laboration. On peut citer entre autres, le\u00a0Plan strat\u00e9gique multisectoriel de nutrition (PSMN)\u00a0; son r\u00f4le majeur au sein de l\u2019Alliance Nationale pour la Fortification (ANF)\u00a0; le PAH contribue au champ de coop\u00e9ration prioritaire du gouvernement allemand\u00a0; le PAH r\u00e9pondait aux probl\u00e8mes, besoins et capacit\u00e9s fondamentaux du groupe cible ainsi que des parties prenantes. Changements comportementaux en int\u00e9grant l\u2019alimentation\/nutrition, hygi\u00e8ne et agriculture. <em>\u00ab\u00a0M\u00eame s&rsquo;il reste des indicateurs restes \u00e0 satisfaire, l&rsquo;impact de ce projet est visible sur le terrain. Aujourd&rsquo;hui, la prise en compte de l&rsquo;hygi\u00e8ne est d\u00e9sormais une r\u00e9alit\u00e9 dans nos centres\u00a0\u00bb,<\/em> a fait remarquer le m\u00e9decin chef de district de Dano. <\/p>\n\n\n\n<p>Comme difficult\u00e9s \u00e9voqu\u00e9es, la crise \u00e9conomique, \u00e9cologique, politique complexe, prolong\u00e9es avec stress chronique, changement climatique, soudure structurelle, ins\u00e9curit\u00e9 etc.<\/p>\n","protected":false},"excerpt":{"rendered":"<p>Apr\u00e8s 10 ann\u00e9es de mise en \u0153uvre du Projet d\u2019am\u00e9lioration de l\u2019Alimentation, de la nutrition et de l\u2019Hygi\u00e8ne en milieu familial (PAH), de nombreux acquis ont certes \u00e9t\u00e9 enregistr\u00e9s mais des difficult\u00e9s ont plomb\u00e9es sa mise en \u0153uvre. C\u2019est du moins ce qui ressort du bilan de ce projet de la Coop\u00e9ration allemande, pr\u00e9sent\u00e9 ce<\/p>\n","protected":false},"author":3,"featured_media":1887,"comment_status":"open","ping_status":"open","sticky":false,"template":"","format":"standard","meta":{"footnotes":""},"categories":[3,6,14,5],"tags":[],"class_list":["post-1886","post","type-post","status-publish","format-standard","has-post-thumbnail","hentry","category-actualite","category-alimentation","category-nutrition","category-sante"],"_links":{"self":[{"href":"https:\/\/www.sante-pourtous.net\/index.php?rest_route=\/wp\/v2\/posts\/1886","targetHints":{"allow":["GET"]}}],"collection":[{"href":"https:\/\/www.sante-pourtous.net\/index.php?rest_route=\/wp\/v2\/posts"}],"about":[{"href":"https:\/\/www.sante-pourtous.net\/index.php?rest_route=\/wp\/v2\/types\/post"}],"author":[{"embeddable":true,"href":"https:\/\/www.sante-pourtous.net\/index.php?rest_route=\/wp\/v2\/users\/3"}],"replies":[{"embeddable":true,"href":"https:\/\/www.sante-pourtous.net\/index.php?rest_route=%2Fwp%2Fv2%2Fcomments&post=1886"}],"version-history":[{"count":1,"href":"https:\/\/www.sante-pourtous.net\/index.php?rest_route=\/wp\/v2\/posts\/1886\/revisions"}],"predecessor-version":[{"id":1890,"href":"https:\/\/www.sante-pourtous.net\/index.php?rest_route=\/wp\/v2\/posts\/1886\/revisions\/1890"}],"wp:featuredmedia":[{"embeddable":true,"href":"https:\/\/www.sante-pourtous.net\/index.php?rest_route=\/wp\/v2\/media\/1887"}],"wp:attachment":[{"href":"https:\/\/www.sante-pourtous.net\/index.php?rest_route=%2Fwp%2Fv2%2Fmedia&parent=1886"}],"wp:term":[{"taxonomy":"category","embeddable":true,"href":"https:\/\/www.sante-pourtous.net\/index.php?rest_route=%2Fwp%2Fv2%2Fcategories&post=1886"},{"taxonomy":"post_tag","embeddable":true,"href":"https:\/\/www.sante-pourtous.net\/index.php?rest_route=%2Fwp%2Fv2%2Ftags&post=1886"}],"curies":[{"name":"wp","href":"https:\/\/api.w.org\/{rel}","templated":true}]}}