{"id":2037,"date":"2025-12-21T16:31:55","date_gmt":"2025-12-21T16:31:55","guid":{"rendered":"https:\/\/www.sante-pourtous.net\/?p=2037"},"modified":"2025-12-21T16:31:55","modified_gmt":"2025-12-21T16:31:55","slug":"renforcement-de-loffre-de-soins-le-premier-centre-dhemodialyse-inaugure-par-le-ministrerobert-kargougou-a-gaoua","status":"publish","type":"post","link":"https:\/\/www.sante-pourtous.net\/?p=2037","title":{"rendered":"Renforcement de l\u2019offre de soins\u00a0: le premier centre d\u2019h\u00e9modialyse inaugur\u00e9 par le ministreRobert Kargougou \u00e0 Gaoua"},"content":{"rendered":"\n<p><strong><em>Ce dimanche 21 d\u00e9cembre 2025, le Ministre de la Sant\u00e9, Dr Robert Kargougou, a proc\u00e9d\u00e9 \u00e0 l\u2019inauguration du tout premier Centre d\u2019h\u00e9modialyse du Centre hospitalier r\u00e9gional (CHR) de Gaoua, dans la r\u00e9gion du Dj\u00f4r\u00f4. Ce nouveau centre a une capacit\u00e9 d\u2019accueil de 108 patients par semaine.<\/em><\/strong><br>La mise en service de ce centre s\u2019inscrit dans la vision du pr\u00e9sident du Faso, le Capitaine Ibrahim Traor\u00e9, qui vise \u00e0 rapprocher les services de sant\u00e9 des populations afin d\u2019assurer une meilleure couverture sanitaire sur l\u2019ensemble du territoire. Pour le ministre de la Sant\u00e9, l\u2019ouverture de ce centre r\u00e9pond \u00e0 une forte attente des populations de la r\u00e9gion du Dj\u00f4r\u00f4. <em>\u00ab \u00c0 travers cette inauguration, le gouvernement r\u00e9affirme son engagement \u00e0 r\u00e9duire les in\u00e9galit\u00e9s d\u2019acc\u00e8s aux soins, en particulier pour les patients souffrant d\u2019insuffisance r\u00e9nale \u00bb<\/em>, a-t-il d\u00e9clar\u00e9.<\/p>\n\n\n\n<figure class=\"wp-block-image size-large\"><img loading=\"lazy\" decoding=\"async\" width=\"1024\" height=\"622\" src=\"https:\/\/www.sante-pourtous.net\/wp-content\/uploads\/2025\/12\/GAOUA-1-1024x622.jpg\" alt=\"\" class=\"wp-image-2039\" srcset=\"https:\/\/www.sante-pourtous.net\/wp-content\/uploads\/2025\/12\/GAOUA-1-1024x622.jpg 1024w, https:\/\/www.sante-pourtous.net\/wp-content\/uploads\/2025\/12\/GAOUA-1-300x182.jpg 300w, https:\/\/www.sante-pourtous.net\/wp-content\/uploads\/2025\/12\/GAOUA-1-768x467.jpg 768w, https:\/\/www.sante-pourtous.net\/wp-content\/uploads\/2025\/12\/GAOUA-1-494x300.jpg 494w, https:\/\/www.sante-pourtous.net\/wp-content\/uploads\/2025\/12\/GAOUA-1-310x188.jpg 310w, https:\/\/www.sante-pourtous.net\/wp-content\/uploads\/2025\/12\/GAOUA-1-150x91.jpg 150w, https:\/\/www.sante-pourtous.net\/wp-content\/uploads\/2025\/12\/GAOUA-1.jpg 1280w\" sizes=\"auto, (max-width: 1024px) 100vw, 1024px\" \/><\/figure>\n\n\n\n<p>Dr Robert Kargougou a \u00e9galement salu\u00e9 le personnel du CHR de Gaoua pour sa r\u00e9silience, son d\u00e9vouement et son engagement au service des malades. Il a exprim\u00e9 sa fiert\u00e9 face au professionnalisme des \u00e9quipes de sant\u00e9 qui \u0153uvrent quotidiennement pour la prise en charge des patients, tout en les invitant \u00e0 donner davantage le meilleur d&rsquo;eux-m\u00eames.<\/p>\n\n\n\n<p>De son c\u00f4t\u00e9, le Directeur g\u00e9n\u00e9ral du CHR de Gaoua, Dr Karim Barro, a indiqu\u00e9 que de janvier \u00e0 ce jour, l\u2019h\u00f4pital a enregistr\u00e9 728 cas d\u2019insuffisance r\u00e9nale chronique. \u00ab Avant la r\u00e9alisation de ce centre, les patients au stade de la dialyse \u00e9taient contraints d\u2019effectuer de longs d\u00e9placements vers d\u2019autres r\u00e9gions, souvent au prix de lourds sacrifices financiers et humains \u00bb, a-t-il soutenu.<\/p>\n\n\n\n<p>Dr Barro a rassur\u00e9 que ce nouveau Centre d\u2019h\u00e9modialyse est dot\u00e9 d\u2019\u00e9quipements modernes et anim\u00e9 par un personnel qualifi\u00e9 et engag\u00e9. Selon lui, il permettra d\u2019am\u00e9liorer la qualit\u00e9 de la prise en charge des malades, tout en r\u00e9duisant les co\u00fbts et les risques li\u00e9s aux d\u00e9placements.<\/p>\n\n\n\n<p>\ud835\ude3f\ud835\ude3e\ud835\ude4d\ud835\ude4b-\ud835\ude48\ud835\ude4e<br><\/p>\n","protected":false},"excerpt":{"rendered":"<p>Ce dimanche 21 d\u00e9cembre 2025, le Ministre de la Sant\u00e9, Dr Robert Kargougou, a proc\u00e9d\u00e9 \u00e0 l\u2019inauguration du tout premier Centre d\u2019h\u00e9modialyse du Centre hospitalier r\u00e9gional (CHR) de Gaoua, dans la r\u00e9gion du Dj\u00f4r\u00f4. Ce nouveau centre a une capacit\u00e9 d\u2019accueil de 108 patients par semaine.La mise en service de ce centre s\u2019inscrit dans la<\/p>\n","protected":false},"author":3,"featured_media":2038,"comment_status":"open","ping_status":"open","sticky":false,"template":"","format":"standard","meta":{"footnotes":""},"categories":[3,6,14,5],"tags":[],"class_list":["post-2037","post","type-post","status-publish","format-standard","has-post-thumbnail","hentry","category-actualite","category-alimentation","category-nutrition","category-sante"],"_links":{"self":[{"href":"https:\/\/www.sante-pourtous.net\/index.php?rest_route=\/wp\/v2\/posts\/2037","targetHints":{"allow":["GET"]}}],"collection":[{"href":"https:\/\/www.sante-pourtous.net\/index.php?rest_route=\/wp\/v2\/posts"}],"about":[{"href":"https:\/\/www.sante-pourtous.net\/index.php?rest_route=\/wp\/v2\/types\/post"}],"author":[{"embeddable":true,"href":"https:\/\/www.sante-pourtous.net\/index.php?rest_route=\/wp\/v2\/users\/3"}],"replies":[{"embeddable":true,"href":"https:\/\/www.sante-pourtous.net\/index.php?rest_route=%2Fwp%2Fv2%2Fcomments&post=2037"}],"version-history":[{"count":1,"href":"https:\/\/www.sante-pourtous.net\/index.php?rest_route=\/wp\/v2\/posts\/2037\/revisions"}],"predecessor-version":[{"id":2040,"href":"https:\/\/www.sante-pourtous.net\/index.php?rest_route=\/wp\/v2\/posts\/2037\/revisions\/2040"}],"wp:featuredmedia":[{"embeddable":true,"href":"https:\/\/www.sante-pourtous.net\/index.php?rest_route=\/wp\/v2\/media\/2038"}],"wp:attachment":[{"href":"https:\/\/www.sante-pourtous.net\/index.php?rest_route=%2Fwp%2Fv2%2Fmedia&parent=2037"}],"wp:term":[{"taxonomy":"category","embeddable":true,"href":"https:\/\/www.sante-pourtous.net\/index.php?rest_route=%2Fwp%2Fv2%2Fcategories&post=2037"},{"taxonomy":"post_tag","embeddable":true,"href":"https:\/\/www.sante-pourtous.net\/index.php?rest_route=%2Fwp%2Fv2%2Ftags&post=2037"}],"curies":[{"name":"wp","href":"https:\/\/api.w.org\/{rel}","templated":true}]}}