{"id":2048,"date":"2025-12-29T13:50:31","date_gmt":"2025-12-29T13:50:31","guid":{"rendered":"https:\/\/www.sante-pourtous.net\/?p=2048"},"modified":"2025-12-29T15:48:43","modified_gmt":"2025-12-29T15:48:43","slug":"renforcement-de-la-resilience-et-cohesion-sociale-oxfam-burkina-apporte-le-changement-et-lespoirs-dans-le-centre-nord","status":"publish","type":"post","link":"https:\/\/www.sante-pourtous.net\/?p=2048","title":{"rendered":"Renforcement de la r\u00e9silience et coh\u00e9sion sociale\u00a0: Oxfam\/Burkina apporte le changement et l\u2019espoir dans le Centre\u2011Nord"},"content":{"rendered":"\n<p><strong><em>De avril \u00e0 juin 2025, Oxfam au Burkina Faso a fait des r\u00e9alisations concr\u00e8tes en mati\u00e8re d\u2019acc\u00e8s \u00e0 l\u2019eau et d\u2019infrastructures, des actions de renforcement des capacit\u00e9s, des initiatives pour la coh\u00e9sion sociale et la justice climatique, ainsi que des t\u00e9moignages porteurs d\u2019espoir. Preuve du renforcement de la r\u00e9silience et de coh\u00e9sion sociale dans le Centre\u2011Nord du pays des Hommes int\u00e8gres.<\/em><\/strong><\/p>\n\n\n\n<p><br>Le 3 avril, Oxfam, en partenariat avec ATAD et SEVE AFRICA, a remis officiellement 15 infrastructures sociales et \u00e9conomiques aux communes de Boulsa, Kongoussi et Kaya.<\/p>\n\n\n\n<p>Au Centre de sant\u00e9 et de promotion sociale (CSPS) du secteur 6 de la ville de Kaya par exemple, il n\u2019y avait point d\u2019\u00e9lectricit\u00e9, ni d\u2019eau. De fa\u00e7on plus pr\u00e9cise, pendant quatre ans, aucune goutte d\u2019eau ne tombait du robinet de ce CSPS. Cette situation a litt\u00e9ralement chang\u00e9 avec l\u2019intervention du Cadre de dialogue citoyen (CDC) de la commune de Kaya.<\/p>\n\n\n\n<p>Ces r\u00e9alisations, issues du projet <em>\u00ab Renforcer la r\u00e9silience et la coh\u00e9sion sociale\u2026 \u00bb<\/em> financ\u00e9 par l\u2019Allemagne, comprennent :<\/p>\n\n\n\n<ul class=\"wp-block-list\">\n<li>6 nouveaux forages PMH<\/li>\n\n\n\n<li>3 blocs de 5 boutiques de rue<\/li>\n\n\n\n<li>3 blocs de 5 hangars pour fruits et l\u00e9gumes<\/li>\n\n\n\n<li>9 salles de classe \u00e9quip\u00e9es (3 blocs de 3 salles, chaque bloc avec bureau, magasin et latrines \u00e0 4 cabines)<\/li>\n<\/ul>\n\n\n\n<p>Ces infrastructures am\u00e9liorent ainsi l\u2019acc\u00e8s aux services essentiels pour les populations locales, y compris les personnes d\u00e9plac\u00e9es internes.<\/p>\n\n\n\n<blockquote class=\"wp-block-quote is-layout-flow wp-block-quote-is-layout-flow\">\n<p><strong>Projets et r\u00e9alisations r\u00e9centes<\/strong><\/p>\n<\/blockquote>\n\n\n\n<ul class=\"wp-block-list\">\n<li>Remise d\u2019infrastructures hydrauliques et de 4 p\u00e9rim\u00e8tres mara\u00eechers, avec 14 ouvrages d\u2019eau potable construits pour faciliter l\u2019acc\u00e8s \u00e0 l\u2019eau et soutenir l\u2019agriculture r\u00e9siliente \u00e0 Ouahigouya et Oula. Ces ouvrages sont d\u00e9sormais transf\u00e9r\u00e9s aux communes conform\u00e9ment \u00e0 la r\u00e9forme de gestion des infrastructures hydrauliques.<\/li>\n\n\n\n<li>60 femmes form\u00e9es \u00e0 la fabrication de savon (liquide et poudre) dans le cadre du projet multisectoriel EFSL\/EHA soutenu par l\u2019Union europ\u00e9enne, renfor\u00e7ant l\u2019autonomisation \u00e9conomique et les pratiques d\u2019hygi\u00e8ne \u00e0 Dori.<\/li>\n\n\n\n<li>9 entrepreneurs ont renforc\u00e9 leur esprit d\u2019entreprise et acquis des comp\u00e9tences de vie essentielles au leadership et \u00e0 la construction d\u2019\u00e9quipes performantes dans le cadre du Programme Superstar Impact Business<\/li>\n<\/ul>\n\n\n\n<blockquote class=\"wp-block-quote is-layout-flow wp-block-quote-is-layout-flow\">\n<p><strong>Protection et coh\u00e9sion sociale<\/strong><\/p>\n<\/blockquote>\n\n\n\n<ul class=\"wp-block-list\">\n<li>Table ronde r\u00e9gionale r\u00e9unissant autorit\u00e9s, leaders communautaires et personnes d\u00e9plac\u00e9es pour am\u00e9liorer la protection communautaire et l\u2019acc\u00e8s aux services essentiels (projet financ\u00e9 par la DGD de Belgique) \u00e0 Kaya le 6 mai.<\/li>\n\n\n\n<li>Activit\u00e9s de renforcement des capacit\u00e9s et ateliers d\u2019\u00e9changes pour soutenir les populations vuln\u00e9rables affect\u00e9es par la crise s\u00e9curitaire et le changement climatique sur l\u2019axe Ouagadougou\u2013Kaya\u2013Dori dans le cadre de PRESI\u2011OKDD (financement de l\u2019Union europ\u00e9enne).<\/li>\n<\/ul>\n\n\n\n<blockquote class=\"wp-block-quote is-layout-flow wp-block-quote-is-layout-flow\">\n<p><strong>Plaidoyer, gouvernance et capitalisation<\/strong><\/p>\n<\/blockquote>\n\n\n\n<ul class=\"wp-block-list\">\n<li>Atelier de renforcement en plaidoyer et r\u00e9colte des effets pour 35 membres des Comit\u00e9s de Dialogue et de Veille Citoyenne (CDVC) du projet Hewlett.<\/li>\n\n\n\n<li>Formation Outcome Harvesting (14\u201318 avril) pour les partenaires du Programme #AACJ, permettant une meilleure documentation des effets de plaidoyer pour la justice climatique.<\/li>\n<\/ul>\n\n\n\n<blockquote class=\"wp-block-quote is-layout-flow wp-block-quote-is-layout-flow\">\n<p><strong>\u00c9v\u00e8nements et campagnes<\/strong><\/p>\n<\/blockquote>\n\n\n\n<ul class=\"wp-block-list\">\n<li>Oxfam a offert 100 plants \u00e0 son personnel et mobilis\u00e9 partenaires et r\u00e9seaux pour soutenir le reboisement, poursuivant la tradition de donner un plant aux coll\u00e8gues lors de leur anniversaire dans le cadre de la Journ\u00e9e nationale de l\u2019arbre (115 plants plant\u00e9s depuis 2023).<\/li>\n\n\n\n<li>Validation d\u2019\u00e9tudes et adoption d\u2019une strat\u00e9gie IEC pour promouvoir l\u2019agro\u00e9cologie en Afrique de l\u2019Ouest (APAESC\u2011AO).<\/li>\n<\/ul>\n\n\n\n<p><a href=\"https:\/\/www.oxfam.org\/fr\/decouvrir\/pays\/burkina-faso\">https:\/\/www.oxfam.org\/fr\/decouvrir\/pays\/burkina-faso<\/a><br><\/p>\n","protected":false},"excerpt":{"rendered":"<p>De avril \u00e0 juin 2025, Oxfam au Burkina Faso a fait des r\u00e9alisations concr\u00e8tes en mati\u00e8re d\u2019acc\u00e8s \u00e0 l\u2019eau et d\u2019infrastructures, des actions de renforcement des capacit\u00e9s, des initiatives pour la coh\u00e9sion sociale et la justice climatique, ainsi que des t\u00e9moignages porteurs d\u2019espoir. Preuve du renforcement de la r\u00e9silience et de coh\u00e9sion sociale dans le<\/p>\n","protected":false},"author":3,"featured_media":2049,"comment_status":"open","ping_status":"open","sticky":false,"template":"","format":"standard","meta":{"footnotes":""},"categories":[3,6,14,5],"tags":[],"class_list":["post-2048","post","type-post","status-publish","format-standard","has-post-thumbnail","hentry","category-actualite","category-alimentation","category-nutrition","category-sante"],"_links":{"self":[{"href":"https:\/\/www.sante-pourtous.net\/index.php?rest_route=\/wp\/v2\/posts\/2048","targetHints":{"allow":["GET"]}}],"collection":[{"href":"https:\/\/www.sante-pourtous.net\/index.php?rest_route=\/wp\/v2\/posts"}],"about":[{"href":"https:\/\/www.sante-pourtous.net\/index.php?rest_route=\/wp\/v2\/types\/post"}],"author":[{"embeddable":true,"href":"https:\/\/www.sante-pourtous.net\/index.php?rest_route=\/wp\/v2\/users\/3"}],"replies":[{"embeddable":true,"href":"https:\/\/www.sante-pourtous.net\/index.php?rest_route=%2Fwp%2Fv2%2Fcomments&post=2048"}],"version-history":[{"count":2,"href":"https:\/\/www.sante-pourtous.net\/index.php?rest_route=\/wp\/v2\/posts\/2048\/revisions"}],"predecessor-version":[{"id":2051,"href":"https:\/\/www.sante-pourtous.net\/index.php?rest_route=\/wp\/v2\/posts\/2048\/revisions\/2051"}],"wp:featuredmedia":[{"embeddable":true,"href":"https:\/\/www.sante-pourtous.net\/index.php?rest_route=\/wp\/v2\/media\/2049"}],"wp:attachment":[{"href":"https:\/\/www.sante-pourtous.net\/index.php?rest_route=%2Fwp%2Fv2%2Fmedia&parent=2048"}],"wp:term":[{"taxonomy":"category","embeddable":true,"href":"https:\/\/www.sante-pourtous.net\/index.php?rest_route=%2Fwp%2Fv2%2Fcategories&post=2048"},{"taxonomy":"post_tag","embeddable":true,"href":"https:\/\/www.sante-pourtous.net\/index.php?rest_route=%2Fwp%2Fv2%2Ftags&post=2048"}],"curies":[{"name":"wp","href":"https:\/\/api.w.org\/{rel}","templated":true}]}}