{"id":2081,"date":"2026-01-02T09:15:19","date_gmt":"2026-01-02T09:15:19","guid":{"rendered":"https:\/\/www.sante-pourtous.net\/?p=2081"},"modified":"2026-01-02T09:15:19","modified_gmt":"2026-01-02T09:15:19","slug":"nouvel-an-voeux-de-dasmane-traore-president-de-la-ligue-des-consommateurs-du-burkina","status":"publish","type":"post","link":"https:\/\/www.sante-pourtous.net\/?p=2081","title":{"rendered":"Nouvel An : v\u0153ux de Dasman\u00e9 Traor\u00e9, pr\u00e9sident de la Ligue des consommateurs du Burkina"},"content":{"rendered":"\n<p>Pour ce nouvel an, la Ligue des consommateurs du Burkina pr\u00e9sente ses v\u0153ux les meilleurs \u00e0 l&rsquo;ensemble des consommateurs. Nous les rassurons que nous restons \u00e0 leur disposition pour un meilleur avenir dans la consommation.<\/p>\n\n\n\n<p>Mais avant toute chose, nous reconnaissons que c&rsquo;est gr\u00e2ce aux forces combattantes que nous consommons librement. Et \u00e0 ce titre, nous leur adressons nos v\u0153ux les meilleurs. Nous les f\u00e9licitons et les encourageons pour tout ce qu&rsquo;ils font pour que nous puissions consommer dans la qui\u00e9tude.<\/p>\n\n\n\n<p>Et \u00e0 l&rsquo;endroit des autorit\u00e9s, il faudrait que la lutte pour la restauration de l&rsquo;\u00e9conomie nationale continue. De fa\u00e7on \u00e0 ce que tout ce qu&rsquo;il y a comme mani\u00e8re de truander le consommateur, notamment les techniques de contrefa\u00e7on, de malformation, soient mises \u00e0 nu de fa\u00e7on \u00e0 ce qu&rsquo;effectivement, l\u2019on prot\u00e8ge au mieux le consommateur.<\/p>\n\n\n\n<p>Nous invitons donc les services de contr\u00f4le et de r\u00e9pression \u00e0 redoubler d&rsquo;ardeur afin que le consommateur puisse trouver son compte en 2026.<\/p>\n\n\n\n<p>Avec la politique d&rsquo;offensive agro-sylvo-pastorale, on a remarqu\u00e9 un exc\u00e9dent de production c\u00e9r\u00e9ali\u00e8re et m\u00eame au-del\u00e0 en 2025. Toutefois, nous aurions souhait\u00e9 que cette augmentation qui doit entra\u00eener syst\u00e9matiquement des baisses au niveau des co\u00fbts de c\u00e9r\u00e9ales, puissent \u00eatre ressentis dans l&rsquo;assiette du consommateur. Nous attendons et nous sommes impatients de voir cette baisse-l\u00e0 dans nos assiettes un jour. Nous prions que cet exc\u00e9dent profite naturellement au consommateur. A cet effet, il faut que l&rsquo;on intensifie non seulement les contr\u00f4les, mais aussi la surveillance afin qu&rsquo;il n&rsquo;y ait pas de sortie frauduleuse de ces produits pour cr\u00e9er la p\u00e9nurie. Nous encourageons \u00e0 cet effet les actions qui permettent de temporiser et de r\u00e9duire l&rsquo;inflation \u00e0 un moment donn\u00e9, mais nous les encourageons \u00e0 \u00e9taler v\u00e9ritablement leurs actions sur toute l&rsquo;\u00e9tendue du territoire de fa\u00e7on \u00e0 ce que l&rsquo;on puisse en b\u00e9n\u00e9ficier partout o\u00f9 se trouvent les consommateurs.<\/p>\n\n\n\n<p>A l&rsquo;endroit des m\u00e9dias, nous souhaitons bonne ann\u00e9e \u00e9galement parce qu&rsquo;ils sont les relais qui permettent de sensibiliser les consommateurs, de leur donner l&rsquo;information juste afin qu&rsquo;ils puissent mieux se comporter. Nous leur souhaitons bonne ann\u00e9e, courage et nous les encourageons davantage \u00e0 travailler dans le sens de la protection des consommateurs. F\u00e9licitations aux m\u00e9dias.<\/p>\n\n\n\n<p>Enfin, \u00e0 l&rsquo;endroit des citoyens eux-m\u00eames, nous leur demandons d&rsquo;\u00eatre exigeants. Soyons exigeants d&rsquo;autant plus que dans l&rsquo;exigence, on peut quand m\u00eame sensibiliser ceux qui sont en face de nous pour qu&rsquo;ils sachent que ce ne sont pas des brebis galeuses qu&rsquo;ils ont en face d&rsquo;eux. Soyons exigeants pour leur demander chaque fois de la qualit\u00e9 aussi bien au niveau des produits de consommation que des services m\u00eame.<\/p>\n\n\n\n<p>Donc, soyons exigeants et soyons vigilants pour tous les produits que nous achetons. Ayons ce r\u00e9flexe de v\u00e9rifier la date de p\u00e9remption de fa\u00e7on \u00e0 s&rsquo;assurer au minimum que ce n&rsquo;est pas un produit de contrefa\u00e7on non seulement, mais au-del\u00e0 que ce n&rsquo;est pas un produit surtout avari\u00e9 que l&rsquo;on met \u00e0 notre disposition. Nous sommes les premiers \u00e0 nous prot\u00e9ger nous-m\u00eames.<\/p>\n\n\n\n<p>Merci \u00e9galement \u00e0 tous ceux qui travaillent avec la Ligue des consommateurs, tous nos membres qui veillent jour et nuit de fa\u00e7on \u00e0 ce qu&rsquo;on puisse avoir des informations fiables pour que ces services prennent leurs responsabilit\u00e9s. Nous les remercions pour ce volontariat qui n&rsquo;a pas de prix et qui sera compens\u00e9 par les v\u0153ux et \u00e9ventuellement les remerciements des consommateurs.<\/p>\n\n\n\n<p><strong>Bonne ann\u00e9e 2026 \u00e0 tous.<\/strong><\/p>\n\n\n\n<p><strong>Que Dieu veille sur le Burkina Faso.<\/strong><\/p>\n\n\n\n<p><strong><em>Dasman\u00e9 Traor\u00e9, pr\u00e9sident de la Ligue des consommateurs du Burkina<\/em><\/strong><\/p>\n","protected":false},"excerpt":{"rendered":"<p>Pour ce nouvel an, la Ligue des consommateurs du Burkina pr\u00e9sente ses v\u0153ux les meilleurs \u00e0 l&rsquo;ensemble des consommateurs. Nous les rassurons que nous restons \u00e0 leur disposition pour un meilleur avenir dans la consommation. Mais avant toute chose, nous reconnaissons que c&rsquo;est gr\u00e2ce aux forces combattantes que nous consommons librement. Et \u00e0 ce titre,<\/p>\n","protected":false},"author":3,"featured_media":2082,"comment_status":"open","ping_status":"open","sticky":false,"template":"","format":"standard","meta":{"footnotes":""},"categories":[3],"tags":[],"class_list":["post-2081","post","type-post","status-publish","format-standard","has-post-thumbnail","hentry","category-actualite"],"_links":{"self":[{"href":"https:\/\/www.sante-pourtous.net\/index.php?rest_route=\/wp\/v2\/posts\/2081","targetHints":{"allow":["GET"]}}],"collection":[{"href":"https:\/\/www.sante-pourtous.net\/index.php?rest_route=\/wp\/v2\/posts"}],"about":[{"href":"https:\/\/www.sante-pourtous.net\/index.php?rest_route=\/wp\/v2\/types\/post"}],"author":[{"embeddable":true,"href":"https:\/\/www.sante-pourtous.net\/index.php?rest_route=\/wp\/v2\/users\/3"}],"replies":[{"embeddable":true,"href":"https:\/\/www.sante-pourtous.net\/index.php?rest_route=%2Fwp%2Fv2%2Fcomments&post=2081"}],"version-history":[{"count":1,"href":"https:\/\/www.sante-pourtous.net\/index.php?rest_route=\/wp\/v2\/posts\/2081\/revisions"}],"predecessor-version":[{"id":2083,"href":"https:\/\/www.sante-pourtous.net\/index.php?rest_route=\/wp\/v2\/posts\/2081\/revisions\/2083"}],"wp:featuredmedia":[{"embeddable":true,"href":"https:\/\/www.sante-pourtous.net\/index.php?rest_route=\/wp\/v2\/media\/2082"}],"wp:attachment":[{"href":"https:\/\/www.sante-pourtous.net\/index.php?rest_route=%2Fwp%2Fv2%2Fmedia&parent=2081"}],"wp:term":[{"taxonomy":"category","embeddable":true,"href":"https:\/\/www.sante-pourtous.net\/index.php?rest_route=%2Fwp%2Fv2%2Fcategories&post=2081"},{"taxonomy":"post_tag","embeddable":true,"href":"https:\/\/www.sante-pourtous.net\/index.php?rest_route=%2Fwp%2Fv2%2Ftags&post=2081"}],"curies":[{"name":"wp","href":"https:\/\/api.w.org\/{rel}","templated":true}]}}