{"id":2461,"date":"2026-03-12T13:05:19","date_gmt":"2026-03-12T13:05:19","guid":{"rendered":"https:\/\/www.sante-pourtous.net\/?p=2461"},"modified":"2026-03-12T13:05:19","modified_gmt":"2026-03-12T13:05:19","slug":"journee-mondiale-du-rein-garantir-a-chaque-citoyen-sans-distinction-un-acces-equitable-a-la-prevention-au-depistage-precoce-et-a-des-soins-de-qualite-contre-les-maladies-renales","status":"publish","type":"post","link":"https:\/\/www.sante-pourtous.net\/?p=2461","title":{"rendered":"Journ\u00e9e mondiale du rein\u00a0: garantir \u00e0 chaque citoyen, sans distinction, un acc\u00e8s \u00e9quitable \u00e0 la pr\u00e9vention, au d\u00e9pistage pr\u00e9coce et \u00e0 des soins de qualit\u00e9 contre les maladies r\u00e9nales"},"content":{"rendered":"\n<p><strong><em>La Journ\u00e9e mondiale du rein est c\u00e9l\u00e9br\u00e9e chaque ann\u00e9e le deuxi\u00e8me jeudi du mois de mars. \u00c0 l\u2019instar des autres nations, le Burkina Faso s\u2019associe \u00e0 cette importante comm\u00e9moration, qui constitue une occasion privil\u00e9gi\u00e9e de sensibiliser la population \u00e0 l\u2019importance de la sant\u00e9 r\u00e9nale, notamment \u00e0 travers la pr\u00e9vention et le contr\u00f4le des facteurs de risque. Cette journ\u00e9e offre \u00e9galement l\u2019opportunit\u00e9 de faire la synth\u00e8se des principales r\u00e9alisations de mon d\u00e9partement en mati\u00e8re de sant\u00e9 r\u00e9nale et de partager les d\u00e9fis et les perspectives qui s\u2019offrent \u00e0 nous.<\/em><\/strong><\/p>\n\n\n\n<p>Cette ann\u00e9e, la Journ\u00e9e mondiale du rein est plac\u00e9e sous le th\u00e8me : <em>\u00ab La sant\u00e9 r\u00e9nale pour tous : prendre soin des personnes, prot\u00e9ger la plan\u00e8te \u00bb.<\/em><\/p>\n\n\n\n<p>Ce th\u00e8me souligne, d\u2019une part, l\u2019importance de garantir \u00e0 chaque citoyen, sans distinction, un acc\u00e8s \u00e9quitable \u00e0 la pr\u00e9vention, au d\u00e9pistage pr\u00e9coce et \u00e0 des soins de qualit\u00e9 contre les maladies r\u00e9nales. D\u2019autre part, il met en lumi\u00e8re le lien \u00e9troit entre la sant\u00e9 humaine et celle de notre environnement. En effet, un environnement sain et des conditions de vie ad\u00e9quates contribuent \u00e0 pr\u00e9venir de nombreuses maladies, y compris les maladies r\u00e9nales. Prot\u00e9ger notre plan\u00e8te, c\u2019est aussi prot\u00e9ger la sant\u00e9 des g\u00e9n\u00e9rations pr\u00e9sentes et futures.<\/p>\n\n\n\n<p>Lors de la 78<sup>e<\/sup> Assembl\u00e9e mondiale de la sant\u00e9, tenue en 2025, l&rsquo;Organisation Mondiale de la Sant\u00e9 (OMS) a adopt\u00e9 une r\u00e9solution historique visant \u00e0 r\u00e9duire la charge des maladies non transmissibles, en promouvant la sant\u00e9 r\u00e9nale et en renfor\u00e7ant la pr\u00e9vention ainsi que le contr\u00f4le des maladies r\u00e9nales. C&rsquo;\u00e9tait la premi\u00e8re fois que la sant\u00e9 r\u00e9nale figure parmi les priorit\u00e9s de l&rsquo;agenda mondial de la sant\u00e9.<\/p>\n\n\n\n<p>En effet, l&rsquo;insuffisance r\u00e9nale chronique est un probl\u00e8me de sant\u00e9 publique au niveau mondial. Selon l\u2019OMS, un adulte sur dix souffre d\u2019une affection r\u00e9nale, ce qui \u00e9quivaut \u00e0 pr\u00e8s de 850 millions de personnes dans le monde. Parmi elles, environ 674 millions de personnes vivent avec une maladie r\u00e9nale chronique, soit 9% de la population mondiale. Les maladies r\u00e9nales occupaient la 17<sup>e<\/sup> cause de d\u00e9c\u00e8s en 1990, la 10<sup>e<\/sup> en 2019, et si rien n\u2019est fait, elles pourraient devenir la 5<sup>e<\/sup> cause de d\u00e9c\u00e8s dans le monde en 2050.<\/p>\n\n\n\n<p>En Afrique, leur ampleur r\u00e9elle reste mal connue, faute de registres nationaux. Toutefois, la pr\u00e9valence des maladies r\u00e9nales en Afrique subsaharienne est estim\u00e9e entre 11 \u00e0 13%. Selon les projections, les maladies r\u00e9nales pourraient devenir la cinqui\u00e8me cause de mortalit\u00e9 en Afrique d\u2019ici 2040, touchant majoritairement des personnes relativement jeunes, contrairement aux pays d\u00e9velopp\u00e9s o\u00f9 elles affectent surtout les personnes \u00e2g\u00e9es.<\/p>\n\n\n\n<p>Au Burkina Faso, en 2023, on estimait \u00e0 2,5 millions le nombre de personnes atteintes de maladie r\u00e9nale chronique, dont la plupart ignorent encore leur \u00e9tat. Dans de nombreux cas, le diagnostic intervient \u00e0 un stade avanc\u00e9, lorsque la dialyse devient n\u00e9cessaire. En milieu hospitalier, plus du tiers des patients sont en phase terminale, avec l\u2019h\u00e9modialyse comme seule alternative th\u00e9rapeutique disponible. En 2024, l\u2019insuffisance r\u00e9nale chronique a \u00e9t\u00e9 responsable de 1301 d\u00e9c\u00e8s, repr\u00e9sentant la 8<sup>e<\/sup> cause de mortalit\u00e9 dans notre pays.<\/p>\n\n\n\n<p><strong>Les causes majeures et les tendances pr\u00e9occupantes<\/strong><\/p>\n\n\n\n<p>Les principales causes de l\u2019insuffisance r\u00e9nale chronique sont le diab\u00e8te et l\u2019hypertension art\u00e9rielle. On estime qu&rsquo;environ 30 \u00e0 40% des personnes atteintes de diab\u00e8te d\u00e9veloppent une maladie r\u00e9nale chronique. L\u2019hypertension constitue quant \u00e0 elle la 2<sup>e<\/sup> cause d\u2019insuffisance r\u00e9nale chronique dans le monde apr\u00e8s le diab\u00e8te. Ces deux maladies provoquent des l\u00e9sions des petites art\u00e8res et des glom\u00e9rules r\u00e9naux, entra\u00eenant une alt\u00e9ration progressive de la fonction r\u00e9nale. Au Burkina Faso, les enqu\u00eates nationales sur les facteurs de risque des maladies non transmissibles (STEPS) montrent une progression pr\u00e9occupante de ces pathologies. Entre 2013 et 2021, la pr\u00e9valence de l\u2019hypertension art\u00e9rielle est pass\u00e9e de 17,6 \u00e0 18,2%, tandis que celle du diab\u00e8te est pass\u00e9e de 4,9 \u00e0 7,6%. Un diagnostic pr\u00e9coce et un contr\u00f4le rigoureux de ces maladies sont essentiels pour ralentir l\u2019\u00e9volution vers les maladies r\u00e9nales chroniques.<\/p>\n\n\n\n<p><strong>Les actions engag\u00e9es par le gouvernement<\/strong><\/p>\n\n\n\n<p>Face \u00e0 cette situation, le Gouvernement a engag\u00e9 plusieurs initiatives structurantes.<\/p>\n\n\n\n<p>Le minist\u00e8re de la Sant\u00e9 a notamment \u00e9labor\u00e9 un \ud835\udc0f\ud835\udc25\ud835\udc1a\ud835\udc27 \ud835\udc2c\ud835\udc2d\ud835\udc2b\ud835\udc1a\ud835\udc2d\u00e9\ud835\udc20\ud835\udc22\ud835\udc2a\ud835\udc2e\ud835\udc1e \ud835\udc22\ud835\udc27\ud835\udc2d\u00e9\ud835\udc20\ud835\udc2b\u00e9 \ud835\udc1d\ud835\udc1e \ud835\udc25\ud835\udc1a \ud835\udc25\ud835\udc2e\ud835\udc2d\ud835\udc2d\ud835\udc1e \ud835\udc1c\ud835\udc28\ud835\udc27\ud835\udc2d\ud835\udc2b\ud835\udc1e \ud835\udc25\ud835\udc1e\ud835\udc2c \ud835\udc26\ud835\udc1a\ud835\udc25\ud835\udc1a\ud835\udc1d\ud835\udc22\ud835\udc1e\ud835\udc2c \ud835\udc27\ud835\udc28\ud835\udc27 \ud835\udc2d\ud835\udc2b\ud835\udc1a\ud835\udc27\ud835\udc2c\ud835\udc26\ud835\udc22\ud835\udc2c\ud835\udc2c\ud835\udc22\ud835\udc1b\ud835\udc25\ud835\udc1e\ud835\udc2c \ud835\udfd0\ud835\udfce\ud835\udfd0\ud835\udfd2-\ud835\udfd0\ud835\udfce\ud835\udfd0\ud835\udfd6, ax\u00e9 sur la pr\u00e9vention, la sensibilisation, le d\u00e9pistage pr\u00e9coce et la prise en charge adapt\u00e9e. En outre, notre pays dispose de sept centres d\u2019h\u00e9modialyse fonctionnels dans les h\u00f4pitaux publics, notamment au :<\/p>\n\n\n\n<ul class=\"wp-block-list\">\n<li>CHU Yalgado Ou\u00e9draogo,<\/li>\n\n\n\n<li>CHU de Bogodogo,<\/li>\n\n\n\n<li>CHU de Tengandogo,<\/li>\n\n\n\n<li>CHU Sanou Sourou,<\/li>\n\n\n\n<li>CHRU de Ouahigouya,<\/li>\n\n\n\n<li>CHR de Tenkodogo,<\/li>\n\n\n\n<li>CHR de Gaoua)<\/li>\n<\/ul>\n\n\n\n<p>Cinq nouveaux centres d\u2019h\u00e9modialyse sont \u00e9galement pr\u00e9vus pour 2026 dans les h\u00f4pitaux suivants :<\/p>\n\n\n\n<ul class=\"wp-block-list\">\n<li>CHU de Pala,<\/li>\n\n\n\n<li>CHRU de Fada N\u2019Gourma,<\/li>\n\n\n\n<li>CHR de D\u00e9dougou,<\/li>\n\n\n\n<li>CHR de Dori,<\/li>\n\n\n\n<li>CHR de Banfora.<\/li>\n<\/ul>\n\n\n\n<p>Afin d\u2019am\u00e9liorer l\u2019accessibilit\u00e9 financi\u00e8re aux soins, le Gouvernement a \u00e9galement d\u00e9cid\u00e9, le 13 mars 2024, de r\u00e9duire significativement le co\u00fbt de la dialyse dans les h\u00f4pitaux publics. Ainsi, le co\u00fbt d\u2019une s\u00e9ance de dialyse est pass\u00e9e de 15 000 FCFA \u00e0 2 500 FCFA et la caution de 500 000 FCFA auparavant exig\u00e9e pour acc\u00e9der \u00e0 la dialyse a \u00e9t\u00e9 supprim\u00e9e.<\/p>\n\n\n\n<p><strong>La transplantation r\u00e9nale : une avanc\u00e9e historique<\/strong><\/p>\n\n\n\n<p>Le Burkina Faso a franchi une \u00e9tape majeure dans le domaine de la m\u00e9decine avec la r\u00e9alisation de sa premi\u00e8re transplantation r\u00e9nale le 29 juillet 2025 au CHU de Tengandogo. En f\u00e9vrier 2026, une deuxi\u00e8me s\u00e9rie de transplantations r\u00e9nales a \u00e9t\u00e9 r\u00e9alis\u00e9e avec succ\u00e8s chez deux nouveaux patients. Ces interventions ont \u00e9t\u00e9 r\u00e9alis\u00e9es par une \u00e9quipe de m\u00e9decins Burkinab\u00e8, en collaboration avec des sp\u00e9cialistes turcs.&nbsp; Ces interventions t\u00e9moignent de la progression du programme national de transplantation et du renforcement des capacit\u00e9s des \u00e9quipes m\u00e9dicales nationales.<\/p>\n\n\n\n<p><strong>Les<\/strong> \ud835\udc29\ud835\udc1e\ud835\udc2b\ud835\udc2c\ud835\udc29\ud835\udc1e\ud835\udc1c\ud835\udc2d\ud835\udc22\ud835\udc2f\ud835\udc1e\ud835\udc2c \ud835\udc1d\ud835\udc1e \ud835\udc26\ud835\udc28\ud835\udc27 \ud835\udc1d\u00e9\ud835\udc29\ud835\udc1a\ud835\udc2b\ud835\udc2d\ud835\udc1e\ud835\udc26\ud835\udc1e\ud835\udc27\ud835\udc2d<\/p>\n\n\n\n<p>Pour renforcer la lutte contre les maladies r\u00e9nales, les priorit\u00e9s du minist\u00e8re de la Sant\u00e9 portent notamment sur :<\/p>\n\n\n\n<ul class=\"wp-block-list\">\n<li>La pr\u00e9vention de la maladie r\u00e9nale chronique et de l\u2019insuffisance r\u00e9nale ;<\/li>\n\n\n\n<li>L\u2019am\u00e9lioration de l\u2019acc\u00e8s aux services de dialyse par l\u2019ouverture de nouveaux centres d\u2019h\u00e9modialyse ;<\/li>\n\n\n\n<li>Le maintien de l\u2019acc\u00e8s financier aux soins et services de dialyse ;<\/li>\n\n\n\n<li>la poursuite et le d\u00e9veloppement du programme de transplantation r\u00e9nale comme alternative durable \u00e0 la dialyse.<\/li>\n<\/ul>\n\n\n\n<p>Cependant, au regard de l\u2019ampleur de la maladie r\u00e9nale et des cons\u00e9quences sociod\u00e9mographiques dans notre pays, j\u2019en appelle \u00e0 la pr\u00e9vention, qui reste la meilleure arme contre la maladie r\u00e9nale chronique et l\u2019insuffisance r\u00e9nale. J\u2019invite donc l\u2019ensemble de la population, en particulier les adultes, \u00e0 contr\u00f4ler r\u00e9guli\u00e8rement leur tension art\u00e9rielle et leur glyc\u00e9mie, au moins une fois par an. La pr\u00e9vention de la maladie r\u00e9nale chronique et de l\u2019insuffisance r\u00e9nale passe aussi par :<\/p>\n\n\n\n<ul class=\"wp-block-list\">\n<li>La lutte contre l\u2019autom\u00e9dication et les m\u00e9dicaments de la rue<\/li>\n\n\n\n<li>L\u2019adoption d\u2019un mode de vie sain : pratique r\u00e9guli\u00e8re d\u2019une activit\u00e9 physique, alimentation \u00e9quilibr\u00e9e, mod\u00e9ration de la consommation de sel, de sucre, de graisses et d\u2019alcool, arr\u00eat du tabac.<\/li>\n<\/ul>\n\n\n\n<p>Chers compatriotes, en cette Journ\u00e9e mondiale du rein, j\u2019en appelle \u00e0 la responsabilit\u00e9 individuelle et collective. Prot\u00e9geons nos reins en adoptant des comportements de pr\u00e9vention. Ensemble, mobilisons-nous pour freiner la progression des maladies r\u00e9nales dans notre pays.<\/p>\n\n\n\n<p><strong>&nbsp;<em>Dr Robert Lucien Jean-ClaudeKargougou<u>, m<\/u>inistre de la Sant\u00e9<\/em><\/strong><\/p>\n\n\n\n<p><strong><em>Officier de l\u2019Ordre de l\u2019\u00c9talon<\/em><\/strong><br>\u00a0<\/p>\n","protected":false},"excerpt":{"rendered":"<p>La Journ\u00e9e mondiale du rein est c\u00e9l\u00e9br\u00e9e chaque ann\u00e9e le deuxi\u00e8me jeudi du mois de mars. \u00c0 l\u2019instar des autres nations, le Burkina Faso s\u2019associe \u00e0 cette importante comm\u00e9moration, qui constitue une occasion privil\u00e9gi\u00e9e de sensibiliser la population \u00e0 l\u2019importance de la sant\u00e9 r\u00e9nale, notamment \u00e0 travers la pr\u00e9vention et le contr\u00f4le des facteurs de<\/p>\n","protected":false},"author":3,"featured_media":2192,"comment_status":"open","ping_status":"open","sticky":false,"template":"","format":"standard","meta":{"footnotes":""},"categories":[3,5],"tags":[],"class_list":["post-2461","post","type-post","status-publish","format-standard","has-post-thumbnail","hentry","category-actualite","category-sante"],"_links":{"self":[{"href":"https:\/\/www.sante-pourtous.net\/index.php?rest_route=\/wp\/v2\/posts\/2461","targetHints":{"allow":["GET"]}}],"collection":[{"href":"https:\/\/www.sante-pourtous.net\/index.php?rest_route=\/wp\/v2\/posts"}],"about":[{"href":"https:\/\/www.sante-pourtous.net\/index.php?rest_route=\/wp\/v2\/types\/post"}],"author":[{"embeddable":true,"href":"https:\/\/www.sante-pourtous.net\/index.php?rest_route=\/wp\/v2\/users\/3"}],"replies":[{"embeddable":true,"href":"https:\/\/www.sante-pourtous.net\/index.php?rest_route=%2Fwp%2Fv2%2Fcomments&post=2461"}],"version-history":[{"count":1,"href":"https:\/\/www.sante-pourtous.net\/index.php?rest_route=\/wp\/v2\/posts\/2461\/revisions"}],"predecessor-version":[{"id":2462,"href":"https:\/\/www.sante-pourtous.net\/index.php?rest_route=\/wp\/v2\/posts\/2461\/revisions\/2462"}],"wp:featuredmedia":[{"embeddable":true,"href":"https:\/\/www.sante-pourtous.net\/index.php?rest_route=\/wp\/v2\/media\/2192"}],"wp:attachment":[{"href":"https:\/\/www.sante-pourtous.net\/index.php?rest_route=%2Fwp%2Fv2%2Fmedia&parent=2461"}],"wp:term":[{"taxonomy":"category","embeddable":true,"href":"https:\/\/www.sante-pourtous.net\/index.php?rest_route=%2Fwp%2Fv2%2Fcategories&post=2461"},{"taxonomy":"post_tag","embeddable":true,"href":"https:\/\/www.sante-pourtous.net\/index.php?rest_route=%2Fwp%2Fv2%2Ftags&post=2461"}],"curies":[{"name":"wp","href":"https:\/\/api.w.org\/{rel}","templated":true}]}}