{"id":2466,"date":"2026-03-13T17:36:46","date_gmt":"2026-03-13T17:36:46","guid":{"rendered":"https:\/\/www.sante-pourtous.net\/?p=2466"},"modified":"2026-03-13T17:36:46","modified_gmt":"2026-03-13T17:36:46","slug":"concours-directs-speciaux-2025-des-candidats-recales-appellent-a-larbitrage-du-chef-de-letat","status":"publish","type":"post","link":"https:\/\/www.sante-pourtous.net\/?p=2466","title":{"rendered":"Concours directs sp\u00e9ciaux 2025 : des candidats recal\u00e9s appellent \u00e0 l\u2019arbitrage du Chef de l\u2019Etat"},"content":{"rendered":"\n<p><strong><em>Le 5 novembre 2025, dans le cadre de la mise en \u0153uvre de l\u2019Initiative pr\u00e9sidentielle pour la sant\u00e9 et du Programme quinquennal de d\u00e9veloppement des ressources humaines en sant\u00e9 (plan 1000 \u00d7 5), le minist\u00e8re des Serviteurs du Peuple, a annonc\u00e9 l\u2019ouverture de concours directs sp\u00e9ciaux sans formation au profit du minist\u00e8re de la Sant\u00e9. Cependant, apr\u00e8s la publication des r\u00e9sultats d\u2019admissibilit\u00e9 et des r\u00e9sultats d\u00e9finitifs par l\u2019Agence nationale de recrutement (AGRE) le 21 d\u00e9cembre dernier, plusieurs candidats recal\u00e9s crient \u00e0 l\u2019\u00abinjustice\u00bb et en appelle \u00e0 l\u2019arbitrage du Chef de l\u2019Etat, le Capitaine Ibrahim Traor\u00e9.<\/em><\/strong><\/p>\n\n\n\n<p><em>Le 4 f\u00e9vrier 2025, le secr\u00e9taire g\u00e9n\u00e9ral du minist\u00e8re des Serviteurs du Peuples (MSP) recevait des candidats aux concours des infirmiers, sages-femmes\/ma\u00efeuticiens et technologistes biom\u00e9dicaux apr\u00e8s la publication des r\u00e9sultats desdits concours. Ces candidats, initialement d\u00e9clar\u00e9s admissibles sous r\u00e9serve, n\u2019ont pas \u00e9t\u00e9 retenus \u00e0 l\u2019issue du contr\u00f4le sur les dossiers physiques qu\u2019ils ont fournis. Cela en raison essentiellement de la non-conformit\u00e9 des dipl\u00f4mes pr\u00e9sent\u00e9s avec les exigences pr\u00e9vues par les textes en vigueur.<\/em><\/p>\n\n\n\n<p><em>Au cours des \u00e9changes, le secr\u00e9taire g\u00e9n\u00e9ral, assist\u00e9 des techniciens en charge de l\u2019organisation des concours, a rappel\u00e9 que l\u2019admission aux concours est conditionn\u00e9e par la conformit\u00e9 des dossiers physiques soumis \u00e0 l\u2019appr\u00e9ciation d\u2019un jury de d\u00e9lib\u00e9ration souverain mis en place suivant la r\u00e9glementation en vigueur et statuant sur la base des textes encadrant ces recrutements.<\/em><\/p>\n\n\n\n<p><em>Le 7 mars 2025, un groupe de candidats d\u00e9nomm\u00e9 \u00ab Collectif des candidats admissibles aux concours de recrutement sans formation des agents de sant\u00e9 dont les dossiers ont \u00e9t\u00e9 rejet\u00e9s \u00bb, a battu le macadam en blouses blanches, non pas pour soigner, mais pour crier \u00e0 \u00abl\u2019injustice\u00bb. \u00ab En fait la liste des admissibles n&rsquo;a pas de souci puisqu&rsquo;elle est sortie normalement par ordre de m\u00e9rite \u00e0 l&rsquo;issue de la composition. On peut aussi noter une meilleure performance des candidats des universit\u00e9s telles que Joseph Ki-Zerbo et Saint Thomas D&rsquo;Aquin. Mais c&rsquo;est plut\u00f4t au niveau des admis que le probl\u00e8me se pose parce qu\u2019\u00e0 notre grande surprise, tous les candidats issus des universit\u00e9s d&rsquo;enseignement sup\u00e9rieur ont \u00e9t\u00e9 recal\u00e9s au profit des \u00e9coles de formation comme l\u2019Ecole nationale de sant\u00e9 publique (ENSP). La dominance des candidats de l&rsquo;enseignement sup\u00e9rieur a fait qu\u2019apr\u00e8s qu&rsquo;on les a tous recal\u00e9s, le nombre de 278 technologistes biom\u00e9dicaux voulu par le communiqu\u00e9 n&rsquo;a pas \u00e9t\u00e9 atteint. Il se sont retrouv\u00e9s avec 173 admis\u00bb, explique Abdoul Lawal Kafando, porte-parole du collectif.<\/em><\/p>\n\n\n\n<p><em>Abdoul Lawal Kafando fait remarquer qu\u2019une d\u00e9marche \u00e9tait en cours apr\u00e8s concertation avec le ministre de la Sant\u00e9 afin de trouver une solution. \u00abLe Directeur des ressources humaines du minist\u00e8re de la sant\u00e9 et le SG du minist\u00e8re de l&rsquo;Enseignement ont affirm\u00e9 \u00eatre en concertation pour trouver une solution \u00e9galement. Mais \u00e0 notre grande surprise, nous apprenons la poursuite de la proc\u00e9dure pour l&rsquo;enr\u00f4lement des admis. Ce qui suppose que les promesses sont loin d\u2019\u00eatre tenues\u00bb, ajoute M. Kafando. D\u2019o\u00f9 l\u2019appel du collectif \u00e0 l\u2019arbitrage du Chef de l\u2019Etat.<\/em><\/p>\n\n\n\n<p><em><strong>En rappel<\/strong><\/em><\/p>\n\n\n\n<p><em><u><strong>Conditions de candidature strictes<\/strong><\/u><\/em><\/p>\n\n\n\n<p><em>Pour le recrutement des technologistes biom\u00e9dicaux, les candidats devaient \u00eatre titulaires d\u2019un baccalaur\u00e9at et d\u2019un dipl\u00f4me de licence en biologie m\u00e9dicale, d\u00e9livr\u00e9 par le minist\u00e8re en charge de la sant\u00e9 ou tout autre dipl\u00f4me reconnu \u00e9quivalent.<\/em><\/p>\n\n\n\n<p><em>Concernant les sages-femmes ou ma\u00efeuticiens, les postulants devaient \u00e9galement justifier d\u2019un baccalaur\u00e9at et d\u2019un dipl\u00f4me de sage-femme ou de ma\u00efeuticien, d\u00e9livr\u00e9 par le minist\u00e8re en charge de la sant\u00e9&nbsp; ou tout autre dipl\u00f4me reconnu \u00e9quivalent.<\/em><\/p>\n\n\n\n<p><em>Enfin, pour les infirmiers, l\u2019acc\u00e8s au concours \u00e9tait conditionn\u00e9 par la possession d\u2019un baccalaur\u00e9at et d\u2019un dipl\u00f4me d\u2019infirmier, d\u00e9livr\u00e9 par le minist\u00e8re en charge de la sant\u00e9 ou tout autre dipl\u00f4me reconnu \u00e9quivalent.<\/em><\/p>\n\n\n\n<p><em>Le communiqu\u00e9 pr\u00e9cisait par ailleurs que les titulaires du dipl\u00f4me d\u2019infirmier d\u2019\u00c9tat et les titulaires du dipl\u00f4me de sage-femme d\u2019\u00c9tat n\u2019\u00e9taient pas autoris\u00e9s \u00e0 composer pour les concours respectifs.<\/em><\/p>\n\n\n\n<p><em>Les r\u00e9sultats d\u2019admissibilit\u00e9 publi\u00e9 par&nbsp; l\u2019Agence nationale de recrutement par ordre de m\u00e9rite pour chacun des trois concours :<\/em><\/p>\n\n\n\n<p><em>1 000 admissibles pour les 544 postes d\u2019infirmiers.<\/em><br><\/p>\n\n\n\n<p><em>600 admissibles pour les 278 postes de technologistes biom\u00e9dicaux,<\/em><\/p>\n\n\n\n<p><em>800 admissibles pour les 352 postes de sages-femmes ou ma\u00efeuticiens,<\/em><\/p>\n","protected":false},"excerpt":{"rendered":"<p>Le 5 novembre 2025, dans le cadre de la mise en \u0153uvre de l\u2019Initiative pr\u00e9sidentielle pour la sant\u00e9 et du Programme quinquennal de d\u00e9veloppement des ressources humaines en sant\u00e9 (plan 1000 \u00d7 5), le minist\u00e8re des Serviteurs du Peuple, a annonc\u00e9 l\u2019ouverture de concours directs sp\u00e9ciaux sans formation au profit du minist\u00e8re de la Sant\u00e9.<\/p>\n","protected":false},"author":3,"featured_media":2467,"comment_status":"open","ping_status":"open","sticky":false,"template":"","format":"standard","meta":{"footnotes":""},"categories":[3,5],"tags":[],"class_list":["post-2466","post","type-post","status-publish","format-standard","has-post-thumbnail","hentry","category-actualite","category-sante"],"_links":{"self":[{"href":"https:\/\/www.sante-pourtous.net\/index.php?rest_route=\/wp\/v2\/posts\/2466","targetHints":{"allow":["GET"]}}],"collection":[{"href":"https:\/\/www.sante-pourtous.net\/index.php?rest_route=\/wp\/v2\/posts"}],"about":[{"href":"https:\/\/www.sante-pourtous.net\/index.php?rest_route=\/wp\/v2\/types\/post"}],"author":[{"embeddable":true,"href":"https:\/\/www.sante-pourtous.net\/index.php?rest_route=\/wp\/v2\/users\/3"}],"replies":[{"embeddable":true,"href":"https:\/\/www.sante-pourtous.net\/index.php?rest_route=%2Fwp%2Fv2%2Fcomments&post=2466"}],"version-history":[{"count":1,"href":"https:\/\/www.sante-pourtous.net\/index.php?rest_route=\/wp\/v2\/posts\/2466\/revisions"}],"predecessor-version":[{"id":2468,"href":"https:\/\/www.sante-pourtous.net\/index.php?rest_route=\/wp\/v2\/posts\/2466\/revisions\/2468"}],"wp:featuredmedia":[{"embeddable":true,"href":"https:\/\/www.sante-pourtous.net\/index.php?rest_route=\/wp\/v2\/media\/2467"}],"wp:attachment":[{"href":"https:\/\/www.sante-pourtous.net\/index.php?rest_route=%2Fwp%2Fv2%2Fmedia&parent=2466"}],"wp:term":[{"taxonomy":"category","embeddable":true,"href":"https:\/\/www.sante-pourtous.net\/index.php?rest_route=%2Fwp%2Fv2%2Fcategories&post=2466"},{"taxonomy":"post_tag","embeddable":true,"href":"https:\/\/www.sante-pourtous.net\/index.php?rest_route=%2Fwp%2Fv2%2Ftags&post=2466"}],"curies":[{"name":"wp","href":"https:\/\/api.w.org\/{rel}","templated":true}]}}