{"id":2692,"date":"2026-04-26T17:05:08","date_gmt":"2026-04-26T17:05:08","guid":{"rendered":"https:\/\/www.sante-pourtous.net\/?p=2692"},"modified":"2026-04-26T17:05:08","modified_gmt":"2026-04-26T17:05:08","slug":"snc-bobo-2026-le-message-de-lutte-contre-le-paludisme-porte-au-coeur-de-la-ferveur-populaire","status":"publish","type":"post","link":"https:\/\/www.sante-pourtous.net\/?p=2692","title":{"rendered":"SNC Bobo 2026\u00a0: le message de lutte contre le paludisme port\u00e9 au c\u0153ur de la ferveur populaire"},"content":{"rendered":"\n<p><strong><em>\u00c0 la faveur de la Semaine nationale de la culture (SNC) Bobo 2026, le ministre de la Sant\u00e9, Dr Robert Kargougou, a effectu\u00e9, ce dimanche 26 avril 2026, une visite sur le site de l\u2019\u00e9v\u00e9nement. Objectif, encourager les exposants et surtout renforcer la sensibilisation autour de la lutte contre le paludisme.<\/em><\/strong><\/p>\n\n\n\n<p>Le ministre de la Sant\u00e9 s\u2019est notamment rendu au stand du Secr\u00e9tariat permanent pour l\u2019\u00e9limination du paludisme (SP\/PALU), o\u00f9 il a \u00e9chang\u00e9 avec les \u00e9quipes mobilis\u00e9es pour informer et sensibiliser le public.<\/p>\n\n\n\n<p>Dans une ambiance marqu\u00e9e par une forte affluence, le Dr Robert Kargougou a salu\u00e9 l\u2019initiative d\u2019investir dans un cadre aussi populaire que la SNC pour porter des messages de sant\u00e9 publique. <em>\u00ab La Semaine nationale de la culture draine beaucoup de monde. C\u2019est une opportunit\u00e9 pour toucher un large public et rappeler la n\u00e9cessit\u00e9 de l\u2019implication de tous les Burkinab\u00e8 dans la lutte contre le paludisme \u00bb,<\/em> a-t-il d\u00e9clar\u00e9.<\/p>\n\n\n\n<figure class=\"wp-block-image size-large\"><img loading=\"lazy\" decoding=\"async\" width=\"1024\" height=\"576\" src=\"https:\/\/www.sante-pourtous.net\/wp-content\/uploads\/2026\/04\/PALU-1-1024x576.jpg\" alt=\"\" class=\"wp-image-2693\" srcset=\"https:\/\/www.sante-pourtous.net\/wp-content\/uploads\/2026\/04\/PALU-1-1024x576.jpg 1024w, https:\/\/www.sante-pourtous.net\/wp-content\/uploads\/2026\/04\/PALU-1-300x169.jpg 300w, https:\/\/www.sante-pourtous.net\/wp-content\/uploads\/2026\/04\/PALU-1-768x432.jpg 768w, https:\/\/www.sante-pourtous.net\/wp-content\/uploads\/2026\/04\/PALU-1-533x300.jpg 533w, https:\/\/www.sante-pourtous.net\/wp-content\/uploads\/2026\/04\/PALU-1-310x174.jpg 310w, https:\/\/www.sante-pourtous.net\/wp-content\/uploads\/2026\/04\/PALU-1-150x84.jpg 150w, https:\/\/www.sante-pourtous.net\/wp-content\/uploads\/2026\/04\/PALU-1.jpg 1280w\" sizes=\"auto, (max-width: 1024px) 100vw, 1024px\" \/><\/figure>\n\n\n\n<p>Selon Dr Kargougou, cette pr\u00e9sence du SP\/PALU vise \u00e0 sensibiliser les visiteurs sur les d\u00e9fis persistants li\u00e9s \u00e0 cette maladie, tout en mettant en lumi\u00e8re les progr\u00e8s r\u00e9alis\u00e9s ces derni\u00e8res ann\u00e9es. Il a \u00e9voqu\u00e9 particuli\u00e8rement les r\u00e9sultats encourageants enregistr\u00e9s en 2025, avec une baisse significative, qualifi\u00e9e d\u2019historique, des cas et des d\u00e9c\u00e8s li\u00e9s au paludisme.<\/p>\n\n\n\n<p>Dr Robert Kargougou a insist\u00e9 sur la dimension collective du combat \u00e0 mener. <em>\u00ab C\u2019est ensemble que nous allons atteindre l\u2019objectif d\u2019\u00e9limination du paludisme \u00e0 l\u2019horizon 2030 \u00bb,<\/em> a-t-il affirm\u00e9, invitant chaque citoyen \u00e0 jouer sa partition.<\/p>\n\n\n\n<p>Au-del\u00e0 du stand du SP\/PALU, le ministre a poursuivi sa visite dans d\u2019autres espaces d\u2019exposition, t\u00e9moignant ainsi son soutien aux initiatives contribuant \u00e0 la promotion de la culture et du d\u00e9veloppement.<\/p>\n\n\n\n<p>Par cette d\u00e9marche, le minist\u00e8re de la Sant\u00e9 r\u00e9affirme sa volont\u00e9 d\u2019int\u00e9grer les actions de sensibilisation dans les grands rassemblements populaires, afin de rapprocher davantage les messages de sant\u00e9 des populations.<\/p>\n\n\n\n<p>\u00c0 la SNC Bobo 2026, culture et sant\u00e9 se croisent ainsi au service d\u2019un m\u00eame objectif : mobiliser toute la nation pour un Burkina d\u00e9barrass\u00e9 du paludisme.<\/p>\n","protected":false},"excerpt":{"rendered":"<p>\u00c0 la faveur de la Semaine nationale de la culture (SNC) Bobo 2026, le ministre de la Sant\u00e9, Dr Robert Kargougou, a effectu\u00e9, ce dimanche 26 avril 2026, une visite sur le site de l\u2019\u00e9v\u00e9nement. Objectif, encourager les exposants et surtout renforcer la sensibilisation autour de la lutte contre le paludisme. Le ministre de la<\/p>\n","protected":false},"author":3,"featured_media":2694,"comment_status":"open","ping_status":"open","sticky":false,"template":"","format":"standard","meta":{"footnotes":""},"categories":[3,5],"tags":[],"class_list":["post-2692","post","type-post","status-publish","format-standard","has-post-thumbnail","hentry","category-actualite","category-sante"],"_links":{"self":[{"href":"https:\/\/www.sante-pourtous.net\/index.php?rest_route=\/wp\/v2\/posts\/2692","targetHints":{"allow":["GET"]}}],"collection":[{"href":"https:\/\/www.sante-pourtous.net\/index.php?rest_route=\/wp\/v2\/posts"}],"about":[{"href":"https:\/\/www.sante-pourtous.net\/index.php?rest_route=\/wp\/v2\/types\/post"}],"author":[{"embeddable":true,"href":"https:\/\/www.sante-pourtous.net\/index.php?rest_route=\/wp\/v2\/users\/3"}],"replies":[{"embeddable":true,"href":"https:\/\/www.sante-pourtous.net\/index.php?rest_route=%2Fwp%2Fv2%2Fcomments&post=2692"}],"version-history":[{"count":1,"href":"https:\/\/www.sante-pourtous.net\/index.php?rest_route=\/wp\/v2\/posts\/2692\/revisions"}],"predecessor-version":[{"id":2695,"href":"https:\/\/www.sante-pourtous.net\/index.php?rest_route=\/wp\/v2\/posts\/2692\/revisions\/2695"}],"wp:featuredmedia":[{"embeddable":true,"href":"https:\/\/www.sante-pourtous.net\/index.php?rest_route=\/wp\/v2\/media\/2694"}],"wp:attachment":[{"href":"https:\/\/www.sante-pourtous.net\/index.php?rest_route=%2Fwp%2Fv2%2Fmedia&parent=2692"}],"wp:term":[{"taxonomy":"category","embeddable":true,"href":"https:\/\/www.sante-pourtous.net\/index.php?rest_route=%2Fwp%2Fv2%2Fcategories&post=2692"},{"taxonomy":"post_tag","embeddable":true,"href":"https:\/\/www.sante-pourtous.net\/index.php?rest_route=%2Fwp%2Fv2%2Ftags&post=2692"}],"curies":[{"name":"wp","href":"https:\/\/api.w.org\/{rel}","templated":true}]}}