{"id":2702,"date":"2026-04-27T21:02:59","date_gmt":"2026-04-27T21:02:59","guid":{"rendered":"https:\/\/www.sante-pourtous.net\/?p=2702"},"modified":"2026-04-27T21:02:59","modified_gmt":"2026-04-27T21:02:59","slug":"%f0%9d%90%95%f0%9d%90%a2%f0%9d%90%9e-%f0%9d%90%9a%f0%9d%90%ac%f0%9d%90%ac%f0%9d%90%a8%f0%9d%90%9c%f0%9d%90%a2%f0%9d%90%9a%f0%9d%90%ad%f0%9d%90%a2%f0%9d%90%af%f0%9d%90%9e-%f0%9d%90%a5%f0%9d%90%9e","status":"publish","type":"post","link":"https:\/\/www.sante-pourtous.net\/?p=2702","title":{"rendered":"\ud835\udc15\ud835\udc22\ud835\udc1e \ud835\udc1a\ud835\udc2c\ud835\udc2c\ud835\udc28\ud835\udc1c\ud835\udc22\ud835\udc1a\ud835\udc2d\ud835\udc22\ud835\udc2f\ud835\udc1e : \ud835\udc25\ud835\udc1e \ud835\udc11\ud835\udc00\ud835\udc0c\ud835\udc04 \ud835\udc2d\ud835\udc22\ud835\udc1e\ud835\udc27\ud835\udc2d \ud835\udc2c\ud835\udc28\ud835\udc27 \ud835\udc29\ud835\udc2b\ud835\udc1e\ud835\udc26\ud835\udc22\ud835\udc1e\ud835\udc2b \ud835\udc02\ud835\udc28\ud835\udc27\ud835\udc2c\ud835\udc1e\ud835\udc22\ud835\udc25 \ud835\udc1d\u2019\ud835\udc00\ud835\udc1d\ud835\udc26\ud835\udc22\ud835\udc27\ud835\udc22\ud835\udc2c\ud835\udc2d\ud835\udc2b\ud835\udc1a\ud835\udc2d\ud835\udc22\ud835\udc28\ud835\udc27 \ud835\udc28\ud835\udc2b\ud835\udc1d\ud835\udc22\ud835\udc1a\ud835\udc27\ud835\udc1a\ud835\udc22\ud835\udc2b\ud835\udc1e \ud835\udc1d\ud835\udc1e \ud835\udc25\u2019\ud835\udc1a\ud835\udc27\ud835\udc27\u00e9\ud835\udc1e \ud835\udfd0\ud835\udfce\ud835\udfd0\ud835\udfd4"},"content":{"rendered":"\n<p><strong><em>Le R\u00e9seau Acc\u00e8s aux M\u00e9dicaments Essentiels (RAME) a tenu, le samedi 25 avril 2026 \u00e0 Ouagadougou, son premier Conseil d\u2019Administration ordinaire de l\u2019ann\u00e9e. Cette session strat\u00e9gique a r\u00e9uni les membres de l\u2019instance dirigeante autour des grandes orientations et des priorit\u00e9s de l\u2019organisation.<\/em><\/strong><\/p>\n\n\n\n<p>Au c\u0153ur des \u00e9changes figuraient plusieurs points essentiels inscrits \u00e0 l\u2019ordre du jour, notamment la pr\u00e9sentation et l\u2019adoption du rapport du second semestre 2025 (S2 2025), du rapport annuel technique et financier 2025, ainsi que du plan d\u2019action 2026. Les administrateurs ont \u00e9galement proc\u00e9d\u00e9 \u00e0 l\u2019examen du plan strat\u00e9gique 2026-2030, r\u00e9vis\u00e9 pour mieux r\u00e9pondre aux enjeux actuels du secteur de la sant\u00e9 et aux d\u00e9fis li\u00e9s \u00e0 l\u2019acc\u00e8s \u00e9quitable aux soins.<\/p>\n\n\n\n<p>\u00c0 l\u2019issue des travaux, les rapports du S2 2025 ainsi que le rapport annuel technique et financier 2025 ont \u00e9t\u00e9 adopt\u00e9s, sous r\u00e9serve de la prise en compte des amendements formul\u00e9s par les membres du Conseil. Le plan d\u2019action 2026, quant \u00e0 lui, a \u00e9t\u00e9 valid\u00e9, traduisant la volont\u00e9 commune de poursuivre et de renforcer les interventions du RAME au service des populations.<\/p>\n\n\n\n<p>Les discussions ont permis d\u2019enrichir les orientations strat\u00e9giques de l\u2019organisation, en mettant un accent particulier sur l\u2019efficacit\u00e9 des actions, l\u2019impact sur les communaut\u00e9s et la consolidation des acquis.<\/p>\n\n\n\n<p>\u00c0 travers la tenue de ce Conseil d\u2019Administration, le RAME r\u00e9affirme son engagement \u00e0 promouvoir une gouvernance transparente et participative, au service de sa mission pour un acc\u00e8s \u00e9quitable \u00e0 des soins de sant\u00e9 de qualit\u00e9.<\/p>\n","protected":false},"excerpt":{"rendered":"<p>Le R\u00e9seau Acc\u00e8s aux M\u00e9dicaments Essentiels (RAME) a tenu, le samedi 25 avril 2026 \u00e0 Ouagadougou, son premier Conseil d\u2019Administration ordinaire de l\u2019ann\u00e9e. Cette session strat\u00e9gique a r\u00e9uni les membres de l\u2019instance dirigeante autour des grandes orientations et des priorit\u00e9s de l\u2019organisation. Au c\u0153ur des \u00e9changes figuraient plusieurs points essentiels inscrits \u00e0 l\u2019ordre du jour,<\/p>\n","protected":false},"author":3,"featured_media":2703,"comment_status":"open","ping_status":"open","sticky":false,"template":"","format":"standard","meta":{"footnotes":""},"categories":[3,5],"tags":[],"class_list":["post-2702","post","type-post","status-publish","format-standard","has-post-thumbnail","hentry","category-actualite","category-sante"],"_links":{"self":[{"href":"https:\/\/www.sante-pourtous.net\/index.php?rest_route=\/wp\/v2\/posts\/2702","targetHints":{"allow":["GET"]}}],"collection":[{"href":"https:\/\/www.sante-pourtous.net\/index.php?rest_route=\/wp\/v2\/posts"}],"about":[{"href":"https:\/\/www.sante-pourtous.net\/index.php?rest_route=\/wp\/v2\/types\/post"}],"author":[{"embeddable":true,"href":"https:\/\/www.sante-pourtous.net\/index.php?rest_route=\/wp\/v2\/users\/3"}],"replies":[{"embeddable":true,"href":"https:\/\/www.sante-pourtous.net\/index.php?rest_route=%2Fwp%2Fv2%2Fcomments&post=2702"}],"version-history":[{"count":1,"href":"https:\/\/www.sante-pourtous.net\/index.php?rest_route=\/wp\/v2\/posts\/2702\/revisions"}],"predecessor-version":[{"id":2704,"href":"https:\/\/www.sante-pourtous.net\/index.php?rest_route=\/wp\/v2\/posts\/2702\/revisions\/2704"}],"wp:featuredmedia":[{"embeddable":true,"href":"https:\/\/www.sante-pourtous.net\/index.php?rest_route=\/wp\/v2\/media\/2703"}],"wp:attachment":[{"href":"https:\/\/www.sante-pourtous.net\/index.php?rest_route=%2Fwp%2Fv2%2Fmedia&parent=2702"}],"wp:term":[{"taxonomy":"category","embeddable":true,"href":"https:\/\/www.sante-pourtous.net\/index.php?rest_route=%2Fwp%2Fv2%2Fcategories&post=2702"},{"taxonomy":"post_tag","embeddable":true,"href":"https:\/\/www.sante-pourtous.net\/index.php?rest_route=%2Fwp%2Fv2%2Ftags&post=2702"}],"curies":[{"name":"wp","href":"https:\/\/api.w.org\/{rel}","templated":true}]}}