{"id":2729,"date":"2026-04-29T20:47:41","date_gmt":"2026-04-29T20:47:41","guid":{"rendered":"https:\/\/www.sante-pourtous.net\/?p=2729"},"modified":"2026-04-29T20:47:41","modified_gmt":"2026-04-29T20:47:41","slug":"barrage-de-samendeni-le-premier-ministre-encourage-la-valorisation-economique-du-site","status":"publish","type":"post","link":"https:\/\/www.sante-pourtous.net\/?p=2729","title":{"rendered":"Barrage de Samend\u00e9ni\u00a0: le Premier ministre encourage la valorisation \u00e9conomique du site"},"content":{"rendered":"\n<p><strong><em>Le Premier ministre, Chef du gouvernement, Rimtalba Jean Emmanuel Ou\u00e9draogo, a effectu\u00e9, ce mercredi 29 avril 2026, une visite au barrage de Samend\u00e9ni, dans la r\u00e9gion du Guiriko. Cette sortie s\u2019inscrit dans le cadre du suivi des initiatives \u00e9conomiques et de la valorisation des potentialit\u00e9s locales. Elle s\u2019est d\u00e9roul\u00e9e en pr\u00e9sence du ministre de la Communication, de la Culture, des Arts et du Tourisme, Pingdwend\u00e9 Gilbert Ou\u00e9draogo, ainsi que du ministre de la Construction de la Patrie, Mika\u00eflou Sidib\u00e9.<\/em><\/strong><\/p>\n\n\n\n<p>Sur le plan d\u2019eau de Samend\u00e9ni, le Chef du gouvernement a appr\u00e9ci\u00e9 les activit\u00e9s piscicoles d\u00e9velopp\u00e9es \u00e0 travers les cages flottantes. Chaque cage permet une production moyenne de 3 \u00e0 4 tonnes de poissons, avec un cycle de 5 \u00e0 6 mois avant commercialisation. \u00c0 ce jour, plus de 12 000 tonnes de poissons ont \u00e9t\u00e9 produites sur le barrage, illustrant le potentiel consid\u00e9rable de ce p\u00f4le aquacole.<\/p>\n\n\n\n<p>\u200eAu cours de cette visite, le Premier ministre et sa d\u00e9l\u00e9gation ont assist\u00e9 \u00e0 une op\u00e9ration de r\u00e9colte de poissons sur une cage flottante. Apr\u00e8s la pes\u00e9e, la production a rapidement trouv\u00e9 preneur, le poisson frais \u00e9tant tr\u00e8s pris\u00e9 sur le march\u00e9 local. Cette dynamique est \u00e9galement soutenue par la politique incitative mise en place par le gouvernement, en vue de favoriser l\u2019\u00e9coulement prioritaire de la production nationale face aux importations.<\/p>\n\n\n\n<p>\u200eLe Chef du gouvernement a salu\u00e9 une initiative <em>\u00ab qui marche tr\u00e8s bien \u00bb<\/em> et qui attire de plus en plus d\u2019investisseurs. Il a encourag\u00e9 les acteurs engag\u00e9s dans cette activit\u00e9, tout en relevant les perspectives de d\u00e9veloppement offertes par l\u2019installation de nouvelles cages et l\u2019augmentation des capacit\u00e9s de production.<\/p>\n\n\n\n<p>\u200eAu-del\u00e0 de la pisciculture, le site de Samend\u00e9ni s\u2019impose progressivement comme un p\u00f4le d\u2019accueil d\u2019infrastructures de d\u00e9tente et de loisirs. D\u00e9j\u00e0, des investisseurs, convaincus du potentiel du barrage, s\u2019y installent avec des offres diverses dans le domaine du tourisme d\u2019agr\u00e9ment.<\/p>\n\n\n\n<p>\u200eLe Chef du gouvernement a salu\u00e9 la vision de ces pionniers, tout en les encourageant \u00e0 poursuivre leurs efforts en vue d\u2019am\u00e9liorer davantage l\u2019attractivit\u00e9 du site. Il a rappel\u00e9 aux promoteurs l\u2019importance de la communication dans la promotion de la destination. <em>\u00ab Autant l\u2019investissement est important, autant la communication est essentielle pour attirer \u00bb<\/em>, a-t-il d\u00e9clar\u00e9.<\/p>\n\n\n\n<p>\u200eLe Premier ministre a surtout insist\u00e9 aupr\u00e8s des premiers responsables de l\u2019Agropole de Samend\u00e9ni sur la n\u00e9cessit\u00e9 d\u2019un meilleur encadrement et d\u2019une formalisation efficiente des activit\u00e9s, notamment dans le domaine touristique, afin de garantir leur durabilit\u00e9 et de renforcer leur impact \u00e9conomique.<\/p>\n\n\n\n<p>\u200eSatisfait de sa visite, le Chef du gouvernement a r\u00e9it\u00e9r\u00e9 le soutien de l\u2019\u00c9tat \u00e0 l\u2019ensemble des acteurs engag\u00e9s dans la valorisation du barrage de Samend\u00e9ni, une infrastructure strat\u00e9gique pour le d\u00e9veloppement \u00e9conomique du Burkina Faso.<\/p>\n\n\n\n<p>\u200e<em>\ud835\udc03\ud835\udc02\ud835\udc11\ud835\udc0f<\/em><em>\/<\/em><em>\ud835\udc0f\ud835\udc2b\ud835\udc22\ud835\udc26\ud835\udc1a\ud835\udc2d\ud835\udc2e\ud835\udc2b\ud835\udc1e<\/em><\/p>\n","protected":false},"excerpt":{"rendered":"<p>Le Premier ministre, Chef du gouvernement, Rimtalba Jean Emmanuel Ou\u00e9draogo, a effectu\u00e9, ce mercredi 29 avril 2026, une visite au barrage de Samend\u00e9ni, dans la r\u00e9gion du Guiriko. Cette sortie s\u2019inscrit dans le cadre du suivi des initiatives \u00e9conomiques et de la valorisation des potentialit\u00e9s locales. Elle s\u2019est d\u00e9roul\u00e9e en pr\u00e9sence du ministre de la<\/p>\n","protected":false},"author":3,"featured_media":2730,"comment_status":"open","ping_status":"open","sticky":false,"template":"","format":"standard","meta":{"footnotes":""},"categories":[3,23,24,25],"tags":[],"class_list":["post-2729","post","type-post","status-publish","format-standard","has-post-thumbnail","hentry","category-actualite","category-agriculture","category-elevage","category-halieutique"],"_links":{"self":[{"href":"https:\/\/www.sante-pourtous.net\/index.php?rest_route=\/wp\/v2\/posts\/2729","targetHints":{"allow":["GET"]}}],"collection":[{"href":"https:\/\/www.sante-pourtous.net\/index.php?rest_route=\/wp\/v2\/posts"}],"about":[{"href":"https:\/\/www.sante-pourtous.net\/index.php?rest_route=\/wp\/v2\/types\/post"}],"author":[{"embeddable":true,"href":"https:\/\/www.sante-pourtous.net\/index.php?rest_route=\/wp\/v2\/users\/3"}],"replies":[{"embeddable":true,"href":"https:\/\/www.sante-pourtous.net\/index.php?rest_route=%2Fwp%2Fv2%2Fcomments&post=2729"}],"version-history":[{"count":1,"href":"https:\/\/www.sante-pourtous.net\/index.php?rest_route=\/wp\/v2\/posts\/2729\/revisions"}],"predecessor-version":[{"id":2731,"href":"https:\/\/www.sante-pourtous.net\/index.php?rest_route=\/wp\/v2\/posts\/2729\/revisions\/2731"}],"wp:featuredmedia":[{"embeddable":true,"href":"https:\/\/www.sante-pourtous.net\/index.php?rest_route=\/wp\/v2\/media\/2730"}],"wp:attachment":[{"href":"https:\/\/www.sante-pourtous.net\/index.php?rest_route=%2Fwp%2Fv2%2Fmedia&parent=2729"}],"wp:term":[{"taxonomy":"category","embeddable":true,"href":"https:\/\/www.sante-pourtous.net\/index.php?rest_route=%2Fwp%2Fv2%2Fcategories&post=2729"},{"taxonomy":"post_tag","embeddable":true,"href":"https:\/\/www.sante-pourtous.net\/index.php?rest_route=%2Fwp%2Fv2%2Ftags&post=2729"}],"curies":[{"name":"wp","href":"https:\/\/api.w.org\/{rel}","templated":true}]}}