{"id":2732,"date":"2026-04-30T20:48:41","date_gmt":"2026-04-30T20:48:41","guid":{"rendered":"https:\/\/www.sante-pourtous.net\/?p=2732"},"modified":"2026-04-30T20:48:41","modified_gmt":"2026-04-30T20:48:41","slug":"societe-faso-agropole-gaoussou-sanou-prend-les-renes-du-conseil-dadministration","status":"publish","type":"post","link":"https:\/\/www.sante-pourtous.net\/?p=2732","title":{"rendered":"Soci\u00e9t\u00e9 Faso Agropole\u00a0: Gaoussou Sanou prend les r\u00eanes du Conseil d\u2019administration"},"content":{"rendered":"\n<p><strong><em>Gaoussou Sanou a \u00e9t\u00e9 officiellement install\u00e9 dans ses fonctions de Pr\u00e9sident du Conseil d\u2019administration (PCA) de la Soci\u00e9t\u00e9 Faso Agropole (SOFA) le 28 avril 2026 \u00e0 Ouagadougou. Il occupait pr\u00e9c\u00e9demment le poste de Pr\u00e9sident du Conseil d\u2019administration de Bagr\u00e9p\u00f4le.<\/em><\/strong><\/p>\n\n\n\n<p>Gaoussou Sanou, s\u2019est engag\u00e9 \u00e0 convoquer dans les plus brefs d\u00e9lais, la premi\u00e8re session du Conseil d\u2019administration, \u00e9tape d\u00e9cisive pour impulser la dynamique de la soci\u00e9t\u00e9. S\u2019adressant aux administrateurs, il a assur\u00e9 que les travaux seront conduits dans le respect du temps et des responsabilit\u00e9s de chacun. \u00ab \ud835\udc71\ud835\udc86 \ud835\udc84\ud835\udc90\ud835\udc8e\ud835\udc91\ud835\udc95\ud835\udc86 \ud835\udc94\ud835\udc96\ud835\udc93 \ud835\udc8d\u2019\ud835\udc86\ud835\udc8f\ud835\udc88\ud835\udc82\ud835\udc88\ud835\udc86\ud835\udc8e\ud835\udc86\ud835\udc8f\ud835\udc95 \ud835\udc86\ud835\udc95 \ud835\udc8d\ud835\udc82 \ud835\udc85\ud835\udc8a\ud835\udc94\ud835\udc91\ud835\udc90\ud835\udc8f\ud835\udc8a\ud835\udc83\ud835\udc8a\ud835\udc8d\ud835\udc8a\ud835\udc95\ud835\udc86\u0301 \ud835\udc92\ud835\udc96\ud835\udc86 \ud835\udc8d\ud835\udc82 \ud835\udc75\ud835\udc82\ud835\udc95\ud835\udc8a\ud835\udc90\ud835\udc8f \ud835\udc86\ud835\udc94\ud835\udc95 \ud835\udc86\ud835\udc8f \ud835\udc85\ud835\udc93\ud835\udc90\ud835\udc8a\ud835\udc95 \ud835\udc85\u2019\ud835\udc82\ud835\udc95\ud835\udc95\ud835\udc86\ud835\udc8f\ud835\udc85\ud835\udc93\ud835\udc86 \ud835\udc85\ud835\udc86 \ud835\udc84\ud835\udc89\ud835\udc82\ud835\udc84\ud835\udc96\ud835\udc8f\ud835\udc86 \ud835\udc86\ud835\udc95 \ud835\udc84\ud835\udc89\ud835\udc82\ud835\udc84\ud835\udc96\ud835\udc8f \ud835\udc85\ud835\udc86 \ud835\udc8f\ud835\udc90\ud835\udc96\ud835\udc94 \u00bb, a-t-il conclu.<\/p>\n\n\n\n<p>Cr\u00e9\u00e9e le 5 f\u00e9vrier 2026, la Soci\u00e9t\u00e9 Faso-Agropole (SOFA) est une holding d\u2019\u00c9tat du Burkina Faso, enti\u00e8rement financ\u00e9e par des fonds publics. Elle regroupe cinq agrop\u00f4les strat\u00e9giques : l\u2019Agrop\u00f4le du Sourou (ancien Sourou-P\u00f4le), l\u2019Agrop\u00f4le du Nakamb\u00e9 (ancien Bagr\u00e9-P\u00f4le), l\u2019Agrop\u00f4le de Samend\u00e9ni, l\u2019Agrop\u00f4le de la Como\u00e9 et l\u2019Agrop\u00f4le du Liptako-Gourma. Ces p\u00f4les int\u00e8grent l\u2019agriculture, l\u2019\u00e9levage, la p\u00eache et le tourisme, \u00e0 travers notamment des initiatives telles que le centre \u00e9cotouristique de Bagr\u00e9 ou Toma-\u00cele, en vue d\u2019un d\u00e9veloppement transversal et durable.<\/p>\n","protected":false},"excerpt":{"rendered":"<p>Gaoussou Sanou a \u00e9t\u00e9 officiellement install\u00e9 dans ses fonctions de Pr\u00e9sident du Conseil d\u2019administration (PCA) de la Soci\u00e9t\u00e9 Faso Agropole (SOFA) le 28 avril 2026 \u00e0 Ouagadougou. Il occupait pr\u00e9c\u00e9demment le poste de Pr\u00e9sident du Conseil d\u2019administration de Bagr\u00e9p\u00f4le. Gaoussou Sanou, s\u2019est engag\u00e9 \u00e0 convoquer dans les plus brefs d\u00e9lais, la premi\u00e8re session du Conseil<\/p>\n","protected":false},"author":3,"featured_media":2733,"comment_status":"open","ping_status":"open","sticky":false,"template":"","format":"standard","meta":{"footnotes":""},"categories":[3,23,6],"tags":[],"class_list":["post-2732","post","type-post","status-publish","format-standard","has-post-thumbnail","hentry","category-actualite","category-agriculture","category-alimentation"],"_links":{"self":[{"href":"https:\/\/www.sante-pourtous.net\/index.php?rest_route=\/wp\/v2\/posts\/2732","targetHints":{"allow":["GET"]}}],"collection":[{"href":"https:\/\/www.sante-pourtous.net\/index.php?rest_route=\/wp\/v2\/posts"}],"about":[{"href":"https:\/\/www.sante-pourtous.net\/index.php?rest_route=\/wp\/v2\/types\/post"}],"author":[{"embeddable":true,"href":"https:\/\/www.sante-pourtous.net\/index.php?rest_route=\/wp\/v2\/users\/3"}],"replies":[{"embeddable":true,"href":"https:\/\/www.sante-pourtous.net\/index.php?rest_route=%2Fwp%2Fv2%2Fcomments&post=2732"}],"version-history":[{"count":1,"href":"https:\/\/www.sante-pourtous.net\/index.php?rest_route=\/wp\/v2\/posts\/2732\/revisions"}],"predecessor-version":[{"id":2734,"href":"https:\/\/www.sante-pourtous.net\/index.php?rest_route=\/wp\/v2\/posts\/2732\/revisions\/2734"}],"wp:featuredmedia":[{"embeddable":true,"href":"https:\/\/www.sante-pourtous.net\/index.php?rest_route=\/wp\/v2\/media\/2733"}],"wp:attachment":[{"href":"https:\/\/www.sante-pourtous.net\/index.php?rest_route=%2Fwp%2Fv2%2Fmedia&parent=2732"}],"wp:term":[{"taxonomy":"category","embeddable":true,"href":"https:\/\/www.sante-pourtous.net\/index.php?rest_route=%2Fwp%2Fv2%2Fcategories&post=2732"},{"taxonomy":"post_tag","embeddable":true,"href":"https:\/\/www.sante-pourtous.net\/index.php?rest_route=%2Fwp%2Fv2%2Ftags&post=2732"}],"curies":[{"name":"wp","href":"https:\/\/api.w.org\/{rel}","templated":true}]}}