{"id":3738,"date":"2026-09-01T06:48:59","date_gmt":"2026-09-01T06:48:59","guid":{"rendered":"https:\/\/www.sante-pourtous.net\/?p=3738"},"modified":"2026-09-01T06:48:59","modified_gmt":"2026-09-01T06:48:59","slug":"filiere-avicole-les-vendeurs-doeufs-du-burkina-creent-leur-union-pour-mieux-defendre-la-filiere","status":"publish","type":"post","link":"https:\/\/www.sante-pourtous.net\/?p=3738","title":{"rendered":"Fili\u00e8re avicole : les vendeurs d&rsquo;\u0153ufs du Burkina cr\u00e9ent leur Union pour mieux d\u00e9fendre la fili\u00e8re"},"content":{"rendered":"\n<p class=\"wp-block-paragraph\"><strong><em>Le samedi 29 ao\u00fbt 2026, les vendeurs d&rsquo;\u0153ufs du Burkina se sont r\u00e9unis \u00e0 Ouagadougou en Assembl\u00e9e g\u00e9n\u00e9rale constitutive pour cr\u00e9er l&rsquo;Union nationale des vendeurs grossistes d&rsquo;\u0153ufs du Burkina Faso (UNAVGO\/BF).<\/em><\/strong><\/p>\n\n\n\n<p class=\"wp-block-paragraph\">Malgr\u00e9 les progr\u00e8s enregistr\u00e9s dans le d\u00e9veloppement de la production avicole, le segment de la commercialisation des \u0153ufs demeure confront\u00e9 \u00e0 plusieurs contraintes qui entravent son organisation et sa performance bien que sa consommation soit rentr\u00e9e dans les habitudes alimentaires des Burkinab\u00e8.<\/p>\n\n\n\n<p class=\"wp-block-paragraph\">Ces contraintes se traduisent notamment par la pr\u00e9sence d&rsquo;acteurs non structur\u00e9s, la sp\u00e9culation sur les prix, les variations fr\u00e9quentes et souvent injustifi\u00e9es des prix de vente, la concurrence d\u00e9loyale li\u00e9e aux importations frauduleuses d\u2019\u0153ufs parfois de mauvaise qualit\u00e9, ainsi que l\u2019absence d\u2019un cadre consensuel de repr\u00e9sentation des vendeurs grossistes.&nbsp;<\/p>\n\n\n\n<p class=\"wp-block-paragraph\">Afin de contribuer \u00e0 l&rsquo;assainissement et \u00e0 la structuration de ce maillon strat\u00e9gique de la fili\u00e8re avicole, les vendeurs grossistes d\u2019\u0153ufs ont entrepris de f\u00e9d\u00e9rer leurs \u00e9nergies \u00e0 travers la cr\u00e9ation de l&rsquo;Union nationale des vendeurs grossistes d&rsquo;\u0153ufs du Burkina Faso (UNAVGO\/BF).<\/p>\n\n\n\n<p class=\"wp-block-paragraph\">Pour Dasman\u00e9 Traor\u00e9, personne ne ressource, cette Union permettra de promouvoir la fili\u00e8re avicole car, les grossistes\/vendeurs sont incontournables dans la distribution des \u0153ufs au Burkina Faso. <em>\u00ab&nbsp;Laquelle distribution facilitera l&rsquo;\u00e9coulement des \u0153ufs aupr\u00e8s des aviculteurs qui va emp\u00eacher qu&rsquo;il y ait des m\u00e9ventes \u00e0 leur niveau. Cela permettra d&rsquo;am\u00e9liorer cette production&nbsp;\u00bb<\/em>, explique M. Traor\u00e9.<\/p>\n\n\n\n<p class=\"wp-block-paragraph\">A l&rsquo;entendre, l&rsquo;objectif final est de booster cette production pour qu&rsquo;elle soit v\u00e9ritablement suffisante et combler le vide qu&rsquo;il y a aujourd&rsquo;hui et tendre vers le <em>\u00ab&nbsp;z\u00e9ro importation&nbsp;\u00bb<\/em> d\u2019\u0153ufs.&nbsp; \u00ab&nbsp;S&rsquo;ils sont organis\u00e9s, ils auront un moyen par lequel ils peuvent approcher les autorit\u00e9s pour poser leurs probl\u00e8mes. Et cette organisation permettra de consommer avec certitude les \u0153ufs produits au niveau Burkina Faso&nbsp;\u00bb, Souligne-t-il.<\/p>\n\n\n\n<figure class=\"wp-block-image size-full\"><img loading=\"lazy\" decoding=\"async\" width=\"960\" height=\"720\" src=\"https:\/\/www.sante-pourtous.net\/wp-content\/uploads\/2026\/09\/2.jpg\" alt=\"\" class=\"wp-image-3740\" srcset=\"https:\/\/www.sante-pourtous.net\/wp-content\/uploads\/2026\/09\/2.jpg 960w, https:\/\/www.sante-pourtous.net\/wp-content\/uploads\/2026\/09\/2-300x225.jpg 300w, https:\/\/www.sante-pourtous.net\/wp-content\/uploads\/2026\/09\/2-768x576.jpg 768w, https:\/\/www.sante-pourtous.net\/wp-content\/uploads\/2026\/09\/2-640x480.jpg 640w, https:\/\/www.sante-pourtous.net\/wp-content\/uploads\/2026\/09\/2-400x300.jpg 400w, https:\/\/www.sante-pourtous.net\/wp-content\/uploads\/2026\/09\/2-310x233.jpg 310w, https:\/\/www.sante-pourtous.net\/wp-content\/uploads\/2026\/09\/2-140x105.jpg 140w\" sizes=\"auto, (max-width: 960px) 100vw, 960px\" \/><\/figure>\n\n\n\n<p class=\"wp-block-paragraph\">La mise en place de cette Union qui a pour pr\u00e9sident Salfo Ou\u00e9draogo vise \u00e0 promouvoir la production nationale pour une autosuffisance en \u0153ufs, renforcer la gouvernance du secteur, promouvoir des pratiques commerciales saines, am\u00e9liorer les revenus de ses membres, et contribuer \u00e0 la r\u00e9gulation du march\u00e9 des \u0153ufs afin d\u2019\u00e9viter les pratiques sp\u00e9culatives illicites.<\/p>\n\n\n\n<p class=\"wp-block-paragraph\"><strong>Les membres du bureau de l\u2019UNAVGO\/BF<\/strong><\/p>\n\n\n\n<figure class=\"wp-block-table\"><table class=\"has-fixed-layout\"><tbody><tr><td><strong>No<\/strong><strong><\/strong><\/td><td><strong>Postes<\/strong><strong><\/strong><\/td><td><strong>Nom(s)<\/strong><strong><\/strong><\/td><td><strong>Pr\u00e9nom(s)<\/strong><strong><\/strong> <strong>&nbsp;<\/strong><\/td><\/tr><tr><td>1<\/td><td>Pr\u00e9sident(e)<\/td><td>OUEDRAOGO<\/td><td>Salfo<\/td><\/tr><tr><td>2<\/td><td>Secr\u00e9taire g\u00e9n\u00e9ral(e)<\/td><td>SAWADOGO<\/td><td>Kibssa<\/td><\/tr><tr><td>3<\/td><td>Secr\u00e9taire g\u00e9n\u00e9ral&nbsp;adjoint(e)<\/td><td>Madame SORE<\/td><td>Awa<\/td><\/tr><tr><td>4<\/td><td>Tr\u00e9sorier(e)<\/td><td>SYLA&nbsp;<\/td><td>Ouss\u00e9ni<\/td><\/tr><tr><td>5<\/td><td>Tr\u00e9sorier(e) adjoint(e)<\/td><td>Madame LEGUELEGUE<\/td><td>Rafiatou<\/td><\/tr><tr><td>6<\/td><td>Secr\u00e9taire \u00e0 l\u2019information&nbsp;et \u00e0 l\u2019organisation<\/td><td>SANA<\/td><td>Issaka<\/td><\/tr><tr><td>7<\/td><td>Secr\u00e9taire adjoint(e)&nbsp;\u00e0 l\u2019information&nbsp;et \u00e0 l\u2019organisation<\/td><td>BOUDO<\/td><td>Ousmane<\/td><\/tr><tr><td>8<\/td><td>Responsable \u00e0 la formation<\/td><td>Madame SAWADOGO<\/td><td>N\u00e9mata<\/td><\/tr><\/tbody><\/table><\/figure>\n","protected":false},"excerpt":{"rendered":"<p>Le samedi 29 ao\u00fbt 2026, les vendeurs d&rsquo;\u0153ufs du Burkina se sont r\u00e9unis \u00e0 Ouagadougou en Assembl\u00e9e g\u00e9n\u00e9rale constitutive pour cr\u00e9er l&rsquo;Union nationale des vendeurs grossistes d&rsquo;\u0153ufs du Burkina Faso (UNAVGO\/BF). Malgr\u00e9 les progr\u00e8s enregistr\u00e9s dans le d\u00e9veloppement de la production avicole, le segment de la commercialisation des \u0153ufs demeure confront\u00e9 \u00e0 plusieurs contraintes qui<\/p>\n","protected":false},"author":3,"featured_media":3739,"comment_status":"open","ping_status":"open","sticky":false,"template":"","format":"standard","meta":{"footnotes":""},"categories":[3,6,14],"tags":[],"class_list":["post-3738","post","type-post","status-publish","format-standard","has-post-thumbnail","hentry","category-actualite","category-alimentation","category-nutrition"],"_links":{"self":[{"href":"https:\/\/www.sante-pourtous.net\/index.php?rest_route=\/wp\/v2\/posts\/3738","targetHints":{"allow":["GET"]}}],"collection":[{"href":"https:\/\/www.sante-pourtous.net\/index.php?rest_route=\/wp\/v2\/posts"}],"about":[{"href":"https:\/\/www.sante-pourtous.net\/index.php?rest_route=\/wp\/v2\/types\/post"}],"author":[{"embeddable":true,"href":"https:\/\/www.sante-pourtous.net\/index.php?rest_route=\/wp\/v2\/users\/3"}],"replies":[{"embeddable":true,"href":"https:\/\/www.sante-pourtous.net\/index.php?rest_route=%2Fwp%2Fv2%2Fcomments&post=3738"}],"version-history":[{"count":1,"href":"https:\/\/www.sante-pourtous.net\/index.php?rest_route=\/wp\/v2\/posts\/3738\/revisions"}],"predecessor-version":[{"id":3741,"href":"https:\/\/www.sante-pourtous.net\/index.php?rest_route=\/wp\/v2\/posts\/3738\/revisions\/3741"}],"wp:featuredmedia":[{"embeddable":true,"href":"https:\/\/www.sante-pourtous.net\/index.php?rest_route=\/wp\/v2\/media\/3739"}],"wp:attachment":[{"href":"https:\/\/www.sante-pourtous.net\/index.php?rest_route=%2Fwp%2Fv2%2Fmedia&parent=3738"}],"wp:term":[{"taxonomy":"category","embeddable":true,"href":"https:\/\/www.sante-pourtous.net\/index.php?rest_route=%2Fwp%2Fv2%2Fcategories&post=3738"},{"taxonomy":"post_tag","embeddable":true,"href":"https:\/\/www.sante-pourtous.net\/index.php?rest_route=%2Fwp%2Fv2%2Ftags&post=3738"}],"curies":[{"name":"wp","href":"https:\/\/api.w.org\/{rel}","templated":true}]}}