{"id":3745,"date":"2026-09-03T19:24:51","date_gmt":"2026-09-03T19:24:51","guid":{"rendered":"https:\/\/www.sante-pourtous.net\/?p=3745"},"modified":"2026-09-03T19:24:51","modified_gmt":"2026-09-03T19:24:51","slug":"lutte-contre-la-tuberculose-le-coordonnateur-du-pnt-salut-la-proximite-du-rame-avec-les-communautes","status":"publish","type":"post","link":"https:\/\/www.sante-pourtous.net\/?p=3745","title":{"rendered":"Lutte contre la tuberculose\u00a0: le coordonnateur du PNT salut la proximit\u00e9 du RAME avec les communaut\u00e9s"},"content":{"rendered":"\n<p class=\"wp-block-paragraph\"><strong><em>En visite ce jeudi 3 septembre 2026 dans les locaux du R\u00e9seau Acc\u00e8s aux M\u00e9dicaments Essentiels (RAME), le coordonnateur du Programme national de lutte contre la tuberculose (PNT), Dr Issa Guir\u00e9, a salu\u00e9 la proximit\u00e9 de l\u2019organisation avec les communaut\u00e9s qui fait remonter les r\u00e9alit\u00e9s v\u00e9cues sur le terrain, d\u2019alerter sur les difficult\u00e9s rencontr\u00e9es par les usagers et de contribuer au dialogue avec les d\u00e9cideurs et les acteurs du syst\u00e8me de sant\u00e9.<\/em><\/strong><\/p>\n\n\n\n<p class=\"wp-block-paragraph\">En venant saluer l\u2019\u00e9quipe du RAME, le coordonnateur du PNT a remerci\u00e9 l\u2019organisation pour la collaboration d\u00e9velopp\u00e9e au fil des ann\u00e9es dans la lutte contre la tuberculose et, plus largement, en faveur de l\u2019am\u00e9lioration de la sant\u00e9 des communaut\u00e9s.<\/p>\n\n\n\n<p class=\"wp-block-paragraph\">Au-del\u00e0 des mots de reconnaissance, cette visite a permis de rappeler l\u2019importance de la collaboration entre les programmes de sant\u00e9 et les organisations de la soci\u00e9t\u00e9 civile. PourDr Issa Guir\u00e9, la soci\u00e9t\u00e9 civile, \u00e0 l\u2019instar du RAME, constitue un partenaire strat\u00e9gique, notamment dans le plaidoyer et la veille citoyenne. <em>\u00ab La soci\u00e9t\u00e9 civile est un levier strat\u00e9gique qui permet de contribuer \u00e0 l\u2019am\u00e9lioration de la sant\u00e9 de nos communaut\u00e9s \u00bb<\/em>, a-t-il rappel\u00e9.<\/p>\n\n\n\n<p class=\"wp-block-paragraph\">Cette reconnaissance mutuelle traduit l\u2019importance d\u2019une action concert\u00e9e pour faire face aux d\u00e9fis sanitaires. Dans la lutte contre la tuberculose, comme dans les autres domaines de la sant\u00e9, les r\u00e9sultats reposent aussi sur la capacit\u00e9 des diff\u00e9rents acteurs \u00e0 travailler ensemble, \u00e0 \u00e9couter les communaut\u00e9s et \u00e0 transformer les constats du terrain en actions concr\u00e8tes.<\/p>\n","protected":false},"excerpt":{"rendered":"<p>En visite ce jeudi 3 septembre 2026 dans les locaux du R\u00e9seau Acc\u00e8s aux M\u00e9dicaments Essentiels (RAME), le coordonnateur du Programme national de lutte contre la tuberculose (PNT), Dr Issa Guir\u00e9, a salu\u00e9 la proximit\u00e9 de l\u2019organisation avec les communaut\u00e9s qui fait remonter les r\u00e9alit\u00e9s v\u00e9cues sur le terrain, d\u2019alerter sur les difficult\u00e9s rencontr\u00e9es par<\/p>\n","protected":false},"author":3,"featured_media":3746,"comment_status":"open","ping_status":"open","sticky":false,"template":"","format":"standard","meta":{"footnotes":""},"categories":[3,5],"tags":[],"class_list":["post-3745","post","type-post","status-publish","format-standard","has-post-thumbnail","hentry","category-actualite","category-sante"],"_links":{"self":[{"href":"https:\/\/www.sante-pourtous.net\/index.php?rest_route=\/wp\/v2\/posts\/3745","targetHints":{"allow":["GET"]}}],"collection":[{"href":"https:\/\/www.sante-pourtous.net\/index.php?rest_route=\/wp\/v2\/posts"}],"about":[{"href":"https:\/\/www.sante-pourtous.net\/index.php?rest_route=\/wp\/v2\/types\/post"}],"author":[{"embeddable":true,"href":"https:\/\/www.sante-pourtous.net\/index.php?rest_route=\/wp\/v2\/users\/3"}],"replies":[{"embeddable":true,"href":"https:\/\/www.sante-pourtous.net\/index.php?rest_route=%2Fwp%2Fv2%2Fcomments&post=3745"}],"version-history":[{"count":1,"href":"https:\/\/www.sante-pourtous.net\/index.php?rest_route=\/wp\/v2\/posts\/3745\/revisions"}],"predecessor-version":[{"id":3747,"href":"https:\/\/www.sante-pourtous.net\/index.php?rest_route=\/wp\/v2\/posts\/3745\/revisions\/3747"}],"wp:featuredmedia":[{"embeddable":true,"href":"https:\/\/www.sante-pourtous.net\/index.php?rest_route=\/wp\/v2\/media\/3746"}],"wp:attachment":[{"href":"https:\/\/www.sante-pourtous.net\/index.php?rest_route=%2Fwp%2Fv2%2Fmedia&parent=3745"}],"wp:term":[{"taxonomy":"category","embeddable":true,"href":"https:\/\/www.sante-pourtous.net\/index.php?rest_route=%2Fwp%2Fv2%2Fcategories&post=3745"},{"taxonomy":"post_tag","embeddable":true,"href":"https:\/\/www.sante-pourtous.net\/index.php?rest_route=%2Fwp%2Fv2%2Ftags&post=3745"}],"curies":[{"name":"wp","href":"https:\/\/api.w.org\/{rel}","templated":true}]}}