{"id":3776,"date":"2026-09-05T19:40:12","date_gmt":"2026-09-05T19:40:12","guid":{"rendered":"https:\/\/www.sante-pourtous.net\/?p=3776"},"modified":"2026-09-06T09:59:08","modified_gmt":"2026-09-06T09:59:08","slug":"paludisme-au-burkina-faso-apres-les-autres-localites-le-ministre-lucien-kargougou-lance-le-2%e1%b5%89-passage-de-destruction-des-gites-larvaires-a-manga","status":"publish","type":"post","link":"https:\/\/www.sante-pourtous.net\/?p=3776","title":{"rendered":"Lutte contre le paludisme au Burkina : apr\u00e8s les autres localit\u00e9s, le ministre Lucien Kargougou lance le 2\u1d49 passage de destruction des g\u00eetes larvaires \u00e0 Manga"},"content":{"rendered":"\n<p class=\"wp-block-paragraph\"><strong><em>Apr\u00e8s un premier passage jug\u00e9 encourageant, les Journ\u00e9es Nationales de Lutte Antivectorielle (JNLAV) reviennent les 5 et 6 septembre 2026 sur toute l&rsquo;\u00e9tendue du territoire burkinab\u00e8. L\u2019objectif de cette op\u00e9ration est de ne laisser aucune chance aux moustiques vecteurs du paludisme par la destruction des g\u00eetes larvaires et la sensibilisation de proximit\u00e9. Ce samedi 5 septembre 2026, le ministre d\u2019Etat, ministre de l&rsquo;Agriculture, de l&rsquo;Eau et des Ressources animales et halieutiques, Le Commandant Isma\u00ebl Sombi\u00e9 et son homologue de la Sant\u00e9, ont lanc\u00e9 le 2\u1d49 passage de destruction des g\u00eetes larvaires \u00e0 Manga dans le Nazinon.<\/em><\/strong><\/p>\n\n\n\n<p class=\"wp-block-paragraph\">Sur le terrain, le message port\u00e9 par les autorit\u00e9s sanitaires est clair. Pour le Secr\u00e9taire permanent pour l&rsquo;\u00e9limination du paludisme, Dr Sidzabda Christian Kompaor\u00e9, la mobilisation doit devenir un r\u00e9flexe collectif et r\u00e9gulier : <em>\u00ab Nous ne voulons plus laisser de place aux moustiques pour leurs reproductions. Toutes les deux semaines, il y aura une action contre les moustiques. \u00bb<\/em><\/p>\n\n\n\n<figure class=\"wp-block-image size-full is-resized\"><img loading=\"lazy\" decoding=\"async\" width=\"503\" height=\"450\" src=\"https:\/\/www.sante-pourtous.net\/wp-content\/uploads\/2026\/09\/SP.jpg\" alt=\"\" class=\"wp-image-3778\" style=\"width:788px;height:auto\" srcset=\"https:\/\/www.sante-pourtous.net\/wp-content\/uploads\/2026\/09\/SP.jpg 503w, https:\/\/www.sante-pourtous.net\/wp-content\/uploads\/2026\/09\/SP-300x268.jpg 300w, https:\/\/www.sante-pourtous.net\/wp-content\/uploads\/2026\/09\/SP-335x300.jpg 335w, https:\/\/www.sante-pourtous.net\/wp-content\/uploads\/2026\/09\/SP-310x277.jpg 310w, https:\/\/www.sante-pourtous.net\/wp-content\/uploads\/2026\/09\/SP-117x105.jpg 117w\" sizes=\"auto, (max-width: 503px) 100vw, 503px\" \/><\/figure>\n\n\n\n<p class=\"wp-block-paragraph\"><strong><em>Dr Sidzabda Christian Kompaor\u00e9, SP\/PALU<\/em><\/strong><\/p>\n\n\n\n<p class=\"wp-block-paragraph\">Il appelle les populations \u00e0 s&rsquo;engager <em>\u00ab de fa\u00e7on r\u00e9guli\u00e8re et volontaire \u00bb<\/em> pour faire le tour de leur concession et d\u00e9truire elles-m\u00eames les g\u00eetes qui s&rsquo;y trouvent. La strat\u00e9gie d\u00e9ploy\u00e9e cible en r\u00e9alit\u00e9 deux fronts \u00e0 la fois. Notamment les larves, via la destruction des g\u00eetes larvaires visible sur le terrain, et les moustiques adultes, via des pulv\u00e9risations spatiales men\u00e9es dans les zones o\u00f9 leur concentration est la plus forte.<\/p>\n\n\n\n<p class=\"wp-block-paragraph\">Le SP\/Palu insiste sur la protection individuelle, qu&rsquo;il juge indispensable en compl\u00e9ment des op\u00e9rations collectives : dormir, et faire dormir toute la famille, sous une moustiquaire impr\u00e9gn\u00e9e d&rsquo;insecticide \u00e0 longue dur\u00e9e d&rsquo;action, tout en \u00e9vitant l&rsquo;exposition du corps aux piq\u00fbres.<\/p>\n\n\n\n<figure class=\"wp-block-video\"><video height=\"720\" style=\"aspect-ratio: 1280 \/ 720;\" width=\"1280\" controls src=\"https:\/\/www.sante-pourtous.net\/wp-content\/uploads\/2026\/09\/SP-PALU-.mp4\"><\/video><\/figure>\n\n\n\n<p class=\"wp-block-paragraph\">La lutte antivectorielle mobilise aussi d&rsquo;autres portefeuilles minist\u00e9riels. Le Commandant Isma\u00ebl Sombi\u00e9, ministre d&rsquo;\u00c9tat, ministre de l&rsquo;Agriculture, de l&rsquo;Eau et des Ressources animales et halieutiques, rappelle les acquis de l&rsquo;ann\u00e9e \u00e9coul\u00e9e : <em>\u00ab En 2025, des r\u00e9sultats importants ont \u00e9t\u00e9 obtenus par le minist\u00e8re en charge de la sant\u00e9 dans le cadre de cette lutte qui a conduit \u00e0 ce que nous voyons baisser de mani\u00e8re drastique le taux de paludisme dans notre pays. \u00bb<\/em><\/p>\n\n\n\n<p class=\"wp-block-paragraph\">Il a plaid\u00e9 pour la poursuite de ces efforts \u00e0 travers le curage des caniveaux, la destruction des g\u00eetes larvaires, mais aussi la sensibilisation des populations \u00e0 l&rsquo;attitude \u00e0 adopter dans leurs concessions et leurs quartiers pour \u00e9viter la stagnation de l&rsquo;eau, terreau des vecteurs du paludisme. Une lutte qu&rsquo;il qualifie de <em>\u00ab collective \u00bb<\/em>, seule capable, selon lui, de produire les r\u00e9sultats escompt\u00e9s.<\/p>\n\n\n\n<p class=\"wp-block-paragraph\">Lanc\u00e9 les 8 et 9 ao\u00fbt 2026 sur l&rsquo;ensemble du pays, le premier passage des JNLAV affiche un bilan solide. Sur les 418 232 g\u00eetes larvaires identifi\u00e9s par les \u00e9quipes mobilis\u00e9es, 379 493 ont \u00e9t\u00e9 d\u00e9truits, soit un taux de 89,26 %, selon le Secr\u00e9tariat permanent pour l&rsquo;\u00e9limination du paludisme (SP\/Palu).<\/p>\n\n\n\n<p class=\"wp-block-paragraph\">Une nouvelle \u00e9tape, donc, dans une bataille qui se joue autant dans les laboratoires et les canaux d&rsquo;assainissement que dans le quotidien de chaque concession burkinab\u00e8.<\/p>\n\n\n\n<p class=\"wp-block-paragraph\"><strong><em>Abel AZONHANDE<\/em><\/strong><\/p>\n","protected":false},"excerpt":{"rendered":"<p>Apr\u00e8s un premier passage jug\u00e9 encourageant, les Journ\u00e9es Nationales de Lutte Antivectorielle (JNLAV) reviennent les 5 et 6 septembre 2026 sur toute l&rsquo;\u00e9tendue du territoire burkinab\u00e8. L\u2019objectif de cette op\u00e9ration est de ne laisser aucune chance aux moustiques vecteurs du paludisme par la destruction des g\u00eetes larvaires et la sensibilisation de proximit\u00e9. Ce samedi 5<\/p>\n","protected":false},"author":3,"featured_media":3777,"comment_status":"open","ping_status":"open","sticky":false,"template":"","format":"standard","meta":{"footnotes":""},"categories":[3,5],"tags":[],"class_list":["post-3776","post","type-post","status-publish","format-standard","has-post-thumbnail","hentry","category-actualite","category-sante"],"_links":{"self":[{"href":"https:\/\/www.sante-pourtous.net\/index.php?rest_route=\/wp\/v2\/posts\/3776","targetHints":{"allow":["GET"]}}],"collection":[{"href":"https:\/\/www.sante-pourtous.net\/index.php?rest_route=\/wp\/v2\/posts"}],"about":[{"href":"https:\/\/www.sante-pourtous.net\/index.php?rest_route=\/wp\/v2\/types\/post"}],"author":[{"embeddable":true,"href":"https:\/\/www.sante-pourtous.net\/index.php?rest_route=\/wp\/v2\/users\/3"}],"replies":[{"embeddable":true,"href":"https:\/\/www.sante-pourtous.net\/index.php?rest_route=%2Fwp%2Fv2%2Fcomments&post=3776"}],"version-history":[{"count":2,"href":"https:\/\/www.sante-pourtous.net\/index.php?rest_route=\/wp\/v2\/posts\/3776\/revisions"}],"predecessor-version":[{"id":3789,"href":"https:\/\/www.sante-pourtous.net\/index.php?rest_route=\/wp\/v2\/posts\/3776\/revisions\/3789"}],"wp:featuredmedia":[{"embeddable":true,"href":"https:\/\/www.sante-pourtous.net\/index.php?rest_route=\/wp\/v2\/media\/3777"}],"wp:attachment":[{"href":"https:\/\/www.sante-pourtous.net\/index.php?rest_route=%2Fwp%2Fv2%2Fmedia&parent=3776"}],"wp:term":[{"taxonomy":"category","embeddable":true,"href":"https:\/\/www.sante-pourtous.net\/index.php?rest_route=%2Fwp%2Fv2%2Fcategories&post=3776"},{"taxonomy":"post_tag","embeddable":true,"href":"https:\/\/www.sante-pourtous.net\/index.php?rest_route=%2Fwp%2Fv2%2Ftags&post=3776"}],"curies":[{"name":"wp","href":"https:\/\/api.w.org\/{rel}","templated":true}]}}