{"id":3781,"date":"2026-09-06T06:25:20","date_gmt":"2026-09-06T06:25:20","guid":{"rendered":"https:\/\/www.sante-pourtous.net\/?p=3781"},"modified":"2026-09-06T07:17:24","modified_gmt":"2026-09-06T07:17:24","slug":"medecine-traditionnelle-le-burkina-faso-pose-les-jalons-de-sa-souverainete-sanitaire-a-manga","status":"publish","type":"post","link":"https:\/\/www.sante-pourtous.net\/?p=3781","title":{"rendered":"M\u00e9decine traditionnelle : le Burkina Faso pose les jalons de sa souverainet\u00e9 sanitaire \u00e0 Manga"},"content":{"rendered":"\n<p class=\"wp-block-paragraph\"><strong><em>La ville de Manga dans la r\u00e9gion du Nazinon a accueilli la 14\u1d49 Journ\u00e9e africaine de la m\u00e9decine traditionnelle ce 5 septembre 2026. Ce rendez-vous plac\u00e9 sous le signe de la recherche scientifique et de la couverture sanitaire universelle, a \u00e9t\u00e9 une occasion pour honorer plusieurs acteurs du secteur.<\/em><\/strong><\/p>\n\n\n\n<p class=\"wp-block-paragraph\">C&rsquo;est dans le prolongement de la 14\u1d49 Semaine nationale de la m\u00e9decine traditionnelle et alternative que la cit\u00e9 de l&rsquo;\u00c9pervier a r\u00e9uni, ce samedi, plusieurs membres du gouvernement burkinab\u00e8 et acteurs du secteur. Au menu des \u00e9changes : la valorisation des savoirs endog\u00e8nes et leur meilleur encadrement, deux enjeux d\u00e9sormais centraux dans la strat\u00e9gie sanitaire du pays.<\/p>\n\n\n\n<p class=\"wp-block-paragraph\"><strong>Une r\u00e9flexion tourn\u00e9e vers la couverture sanitaire universelle<\/strong><\/p>\n\n\n\n<p class=\"wp-block-paragraph\">Plac\u00e9 sous le th\u00e8me<em> \u00ab\u00a0Introduction des m\u00e9dicaments traditionnels am\u00e9lior\u00e9s dans les directives nationales de prise en charge des maladies au Burkina Faso : d\u00e9fis et opportunit\u00e9s pour l&rsquo;atteinte de la souverainet\u00e9 sanitaire\u00a0\u00bb, cette \u00e9dition regroupe plusieurs centaines de tradipraticiens venus des diff\u00e9rentes contr\u00e9es du pays.<\/em> Un intitul\u00e9 qui donne le ton : la m\u00e9decine traditionnelle n&rsquo;est plus per\u00e7ue comme un simple patrimoine culturel, mais comme un v\u00e9ritable levier de politique de sant\u00e9 publique.<\/p>\n\n\n\n<figure class=\"wp-block-image size-large\"><img loading=\"lazy\" decoding=\"async\" width=\"1024\" height=\"683\" src=\"https:\/\/www.sante-pourtous.net\/wp-content\/uploads\/2026\/09\/2-2-1024x683.jpg\" alt=\"\" class=\"wp-image-3783\" srcset=\"https:\/\/www.sante-pourtous.net\/wp-content\/uploads\/2026\/09\/2-2-1024x683.jpg 1024w, https:\/\/www.sante-pourtous.net\/wp-content\/uploads\/2026\/09\/2-2-300x200.jpg 300w, https:\/\/www.sante-pourtous.net\/wp-content\/uploads\/2026\/09\/2-2-768x512.jpg 768w, https:\/\/www.sante-pourtous.net\/wp-content\/uploads\/2026\/09\/2-2-1536x1024.jpg 1536w, https:\/\/www.sante-pourtous.net\/wp-content\/uploads\/2026\/09\/2-2-150x100.jpg 150w, https:\/\/www.sante-pourtous.net\/wp-content\/uploads\/2026\/09\/2-2-330x220.jpg 330w, https:\/\/www.sante-pourtous.net\/wp-content\/uploads\/2026\/09\/2-2-420x280.jpg 420w, https:\/\/www.sante-pourtous.net\/wp-content\/uploads\/2026\/09\/2-2-510x340.jpg 510w, https:\/\/www.sante-pourtous.net\/wp-content\/uploads\/2026\/09\/2-2-450x300.jpg 450w, https:\/\/www.sante-pourtous.net\/wp-content\/uploads\/2026\/09\/2-2-310x207.jpg 310w, https:\/\/www.sante-pourtous.net\/wp-content\/uploads\/2026\/09\/2-2.jpg 2048w\" sizes=\"auto, (max-width: 1024px) 100vw, 1024px\" \/><\/figure>\n\n\n\n<p class=\"wp-block-paragraph\">Au-del\u00e0 du cadre comm\u00e9moratif, la journ\u00e9e de Manga aura surtout ouvert une r\u00e9flexion de fond sur l&rsquo;avenir du secteur. Un secteur appel\u00e9, selon les propos des organisateurs, \u00e0 mieux se structurer, se documenter et s&rsquo;inscrire dans une dynamique de recherche, au service de la sant\u00e9 des populations burkinab\u00e8.<\/p>\n\n\n\n<p class=\"wp-block-paragraph\"><strong>Un ar\u00e9opage minist\u00e9riel pour porter le message<\/strong><\/p>\n\n\n\n<p class=\"wp-block-paragraph\">Cette 24\u00e8 \u00e9dition est plac\u00e9e sous le patronage du ministre d&rsquo;\u00c9tat, ministre de l&rsquo;Agriculture, de l&rsquo;Eau et des Ressources halieutiques, le Commandant Isma\u00ebl Sombi\u00e9. A ses c\u00f4tes, Dr Robert Lucien Jean-Claude Kargougou, ministre de la Sant\u00e9&nbsp;; Gilbert Ou\u00e9draogo, ministre de la Communication, de la Culture, des Arts et du Tourisme, porte-parole du gouvernement et Sosth\u00e8ne Dingara, ministre de l&rsquo;\u00c9ducation de base, de l&rsquo;Alphab\u00e9tisation et de la Promotion des langues nationales.<\/p>\n\n\n\n<figure class=\"wp-block-image size-large\"><img loading=\"lazy\" decoding=\"async\" width=\"1024\" height=\"683\" src=\"https:\/\/www.sante-pourtous.net\/wp-content\/uploads\/2026\/09\/3-1-1024x683.jpg\" alt=\"\" class=\"wp-image-3784\" srcset=\"https:\/\/www.sante-pourtous.net\/wp-content\/uploads\/2026\/09\/3-1-1024x683.jpg 1024w, https:\/\/www.sante-pourtous.net\/wp-content\/uploads\/2026\/09\/3-1-300x200.jpg 300w, https:\/\/www.sante-pourtous.net\/wp-content\/uploads\/2026\/09\/3-1-768x512.jpg 768w, https:\/\/www.sante-pourtous.net\/wp-content\/uploads\/2026\/09\/3-1-1536x1024.jpg 1536w, https:\/\/www.sante-pourtous.net\/wp-content\/uploads\/2026\/09\/3-1-150x100.jpg 150w, https:\/\/www.sante-pourtous.net\/wp-content\/uploads\/2026\/09\/3-1-330x220.jpg 330w, https:\/\/www.sante-pourtous.net\/wp-content\/uploads\/2026\/09\/3-1-420x280.jpg 420w, https:\/\/www.sante-pourtous.net\/wp-content\/uploads\/2026\/09\/3-1-510x340.jpg 510w, https:\/\/www.sante-pourtous.net\/wp-content\/uploads\/2026\/09\/3-1-450x300.jpg 450w, https:\/\/www.sante-pourtous.net\/wp-content\/uploads\/2026\/09\/3-1-310x207.jpg 310w, https:\/\/www.sante-pourtous.net\/wp-content\/uploads\/2026\/09\/3-1.jpg 2048w\" sizes=\"auto, (max-width: 1024px) 100vw, 1024px\" \/><\/figure>\n\n\n\n<p class=\"wp-block-paragraph\">Pour sa part, le ministre de la Sant\u00e9 plaide pour une meilleure documentation des savoirs endog\u00e8nes. Dr Kargougou pr\u00e9sente la m\u00e9decine traditionnelle comme un \u00ab&nbsp;<em>patrimoine m\u00e9dical et culturel majeur&nbsp;\u00bb<\/em>, mais aussi comme un potentiel levier de souverainet\u00e9 sanitaire&nbsp;: <em>\u00ab&nbsp;Il faut mieux documenter les savoirs endog\u00e8nes, renforcer la recherche, et surtout cr\u00e9er des passerelles solides entre tradipraticiens, chercheurs, universitaires, laboratoires et professionnels de sant\u00e9.&nbsp;\u00bb<\/em><\/p>\n\n\n\n<p class=\"wp-block-paragraph\"><strong>L<\/strong>e Commandant Isma\u00ebl Sombi\u00e9 a quant \u00e0 lui, appel\u00e9 \u00e0 une meilleure valorisation des pratiques endog\u00e8nes dans la construction de la souverainet\u00e9 nationale. Il a toutefois rappel\u00e9 que <em>\u00ab&nbsp;les tradipraticiens doivent respecter les dispositions r\u00e9glementaires en vigueur et renforcer leur collaboration avec la m\u00e9decine conventionnelle.&nbsp;\u00bb<\/em><\/p>\n\n\n\n<p class=\"wp-block-paragraph\">A l\u2019occasion, des certificats d&rsquo;autorisation de pratique, des attestations de reconnaissance et des distinctions honorifiques sont venus saluer l&rsquo;engagement de plusieurs acteurs du secteur, une reconnaissance officielle de leur contribution.<\/p>\n\n\n\n<p class=\"wp-block-paragraph\"><strong><em>Abel AZONHANDE<\/em><\/strong><\/p>\n","protected":false},"excerpt":{"rendered":"<p>La ville de Manga dans la r\u00e9gion du Nazinon a accueilli la 14\u1d49 Journ\u00e9e africaine de la m\u00e9decine traditionnelle ce 5 septembre 2026. Ce rendez-vous plac\u00e9 sous le signe de la recherche scientifique et de la couverture sanitaire universelle, a \u00e9t\u00e9 une occasion pour honorer plusieurs acteurs du secteur. C&rsquo;est dans le prolongement de la<\/p>\n","protected":false},"author":3,"featured_media":3782,"comment_status":"open","ping_status":"open","sticky":false,"template":"","format":"standard","meta":{"footnotes":""},"categories":[3,5],"tags":[],"class_list":["post-3781","post","type-post","status-publish","format-standard","has-post-thumbnail","hentry","category-actualite","category-sante"],"_links":{"self":[{"href":"https:\/\/www.sante-pourtous.net\/index.php?rest_route=\/wp\/v2\/posts\/3781","targetHints":{"allow":["GET"]}}],"collection":[{"href":"https:\/\/www.sante-pourtous.net\/index.php?rest_route=\/wp\/v2\/posts"}],"about":[{"href":"https:\/\/www.sante-pourtous.net\/index.php?rest_route=\/wp\/v2\/types\/post"}],"author":[{"embeddable":true,"href":"https:\/\/www.sante-pourtous.net\/index.php?rest_route=\/wp\/v2\/users\/3"}],"replies":[{"embeddable":true,"href":"https:\/\/www.sante-pourtous.net\/index.php?rest_route=%2Fwp%2Fv2%2Fcomments&post=3781"}],"version-history":[{"count":4,"href":"https:\/\/www.sante-pourtous.net\/index.php?rest_route=\/wp\/v2\/posts\/3781\/revisions"}],"predecessor-version":[{"id":3788,"href":"https:\/\/www.sante-pourtous.net\/index.php?rest_route=\/wp\/v2\/posts\/3781\/revisions\/3788"}],"wp:featuredmedia":[{"embeddable":true,"href":"https:\/\/www.sante-pourtous.net\/index.php?rest_route=\/wp\/v2\/media\/3782"}],"wp:attachment":[{"href":"https:\/\/www.sante-pourtous.net\/index.php?rest_route=%2Fwp%2Fv2%2Fmedia&parent=3781"}],"wp:term":[{"taxonomy":"category","embeddable":true,"href":"https:\/\/www.sante-pourtous.net\/index.php?rest_route=%2Fwp%2Fv2%2Fcategories&post=3781"},{"taxonomy":"post_tag","embeddable":true,"href":"https:\/\/www.sante-pourtous.net\/index.php?rest_route=%2Fwp%2Fv2%2Ftags&post=3781"}],"curies":[{"name":"wp","href":"https:\/\/api.w.org\/{rel}","templated":true}]}}