{"id":477,"date":"2023-07-29T17:24:21","date_gmt":"2023-07-29T17:24:21","guid":{"rendered":"https:\/\/www.sante-pourtous.net\/?p=477"},"modified":"2023-07-29T17:24:23","modified_gmt":"2023-07-29T17:24:23","slug":"acces-aux-soins-de-sante-lalliance-des-brics-prete-a-accompagner-le-burkina-faso","status":"publish","type":"post","link":"https:\/\/www.sante-pourtous.net\/?p=477","title":{"rendered":"Acc\u00e8s aux soins de sant\u00e9 : l\u2019Alliance des BRICS pr\u00eate \u00e0 accompagner le Burkina Faso"},"content":{"rendered":"\n<p><strong><em>Le Pr\u00e9sident de la Transition, Chef de l\u2019Etat, le Capitaine Ibrahim TRAORE a eu une s\u00e9ance de travail le 28 juillet 2023 \u00e0 Saint P\u00e9tersbourg avec une d\u00e9l\u00e9gation de l\u2019Alliance des BRICS (Br\u00e9sil, Russie, Inde, Chine et Afrique du Sud), conduite par sa pr\u00e9sidente Larisa ZELENTSOVA.<\/em><\/strong><\/p>\n\n\n\n<p>Selon la pr\u00e9sidente de l\u2019Alliance des BRICS, les \u00e9changes avec le Chef de l\u2019Etat ont concern\u00e9 essentiellement les domaines de la m\u00e9decine, de la sant\u00e9, et de l\u2019\u00e9ducation. <em>\u00ab Nous avons l\u2019intention de construire un centre m\u00e9dical au Burkina Faso \u00bb<\/em>, a annonc\u00e9 Larisa ZELENTSOVA \u00e0 l\u2019issue de la s\u00e9ance de travail avec le pr\u00e9sident de la Transition.<\/p>\n\n\n\n<figure class=\"wp-block-image size-large\"><img loading=\"lazy\" decoding=\"async\" width=\"1024\" height=\"614\" src=\"https:\/\/www.sante-pourtous.net\/wp-content\/uploads\/2023\/07\/Sans-titre-1024x614.jpg\" alt=\"\" class=\"wp-image-479\" srcset=\"https:\/\/www.sante-pourtous.net\/wp-content\/uploads\/2023\/07\/Sans-titre-1024x614.jpg 1024w, https:\/\/www.sante-pourtous.net\/wp-content\/uploads\/2023\/07\/Sans-titre-300x180.jpg 300w, https:\/\/www.sante-pourtous.net\/wp-content\/uploads\/2023\/07\/Sans-titre-768x461.jpg 768w, https:\/\/www.sante-pourtous.net\/wp-content\/uploads\/2023\/07\/Sans-titre-500x300.jpg 500w, https:\/\/www.sante-pourtous.net\/wp-content\/uploads\/2023\/07\/Sans-titre-310x186.jpg 310w, https:\/\/www.sante-pourtous.net\/wp-content\/uploads\/2023\/07\/Sans-titre-150x90.jpg 150w, https:\/\/www.sante-pourtous.net\/wp-content\/uploads\/2023\/07\/Sans-titre.jpg 1080w\" sizes=\"auto, (max-width: 1024px) 100vw, 1024px\" \/><\/figure>\n\n\n\n<p><em>\u00ab Aujourd\u2019hui je suis tr\u00e8s satisfaite de rencontrer un Pr\u00e9sidente int\u00e8gre qui veut la d\u00e9mocratie, la paix et la r\u00e9ussite pour son pays. Il est dynamique et nous serons derri\u00e8re lui pour le soutenir \u00bb<\/em>, a soutenu la pr\u00e9sidente de l\u2019Alliance des BRICS. Et dans le but d\u2019accompagner notre pays toujours dans le domaine de la sant\u00e9 et de la promotion de l\u2019emploi, l\u2019Alliance a \u00e9galement \u00e9chang\u00e9 avec le Chef de l\u2019Etat sur le projet de construction d\u2019une unit\u00e9 de production de m\u00e9dicaments au Burkina Faso.<\/p>\n\n\n\n<p><strong><em>Direction de la communication de la Pr\u00e9sidence du Faso<\/em><\/strong><\/p>\n","protected":false},"excerpt":{"rendered":"<p>Le Pr\u00e9sident de la Transition, Chef de l\u2019Etat, le Capitaine Ibrahim TRAORE a eu une s\u00e9ance de travail le 28 juillet 2023 \u00e0 Saint P\u00e9tersbourg avec une d\u00e9l\u00e9gation de l\u2019Alliance des BRICS (Br\u00e9sil, Russie, Inde, Chine et Afrique du Sud), conduite par sa pr\u00e9sidente Larisa ZELENTSOVA. Selon la pr\u00e9sidente de l\u2019Alliance des BRICS, les \u00e9changes<\/p>\n","protected":false},"author":1,"featured_media":478,"comment_status":"open","ping_status":"open","sticky":false,"template":"","format":"standard","meta":{"footnotes":""},"categories":[3,5],"tags":[],"class_list":["post-477","post","type-post","status-publish","format-standard","has-post-thumbnail","hentry","category-actualite","category-sante"],"_links":{"self":[{"href":"https:\/\/www.sante-pourtous.net\/index.php?rest_route=\/wp\/v2\/posts\/477","targetHints":{"allow":["GET"]}}],"collection":[{"href":"https:\/\/www.sante-pourtous.net\/index.php?rest_route=\/wp\/v2\/posts"}],"about":[{"href":"https:\/\/www.sante-pourtous.net\/index.php?rest_route=\/wp\/v2\/types\/post"}],"author":[{"embeddable":true,"href":"https:\/\/www.sante-pourtous.net\/index.php?rest_route=\/wp\/v2\/users\/1"}],"replies":[{"embeddable":true,"href":"https:\/\/www.sante-pourtous.net\/index.php?rest_route=%2Fwp%2Fv2%2Fcomments&post=477"}],"version-history":[{"count":1,"href":"https:\/\/www.sante-pourtous.net\/index.php?rest_route=\/wp\/v2\/posts\/477\/revisions"}],"predecessor-version":[{"id":480,"href":"https:\/\/www.sante-pourtous.net\/index.php?rest_route=\/wp\/v2\/posts\/477\/revisions\/480"}],"wp:featuredmedia":[{"embeddable":true,"href":"https:\/\/www.sante-pourtous.net\/index.php?rest_route=\/wp\/v2\/media\/478"}],"wp:attachment":[{"href":"https:\/\/www.sante-pourtous.net\/index.php?rest_route=%2Fwp%2Fv2%2Fmedia&parent=477"}],"wp:term":[{"taxonomy":"category","embeddable":true,"href":"https:\/\/www.sante-pourtous.net\/index.php?rest_route=%2Fwp%2Fv2%2Fcategories&post=477"},{"taxonomy":"post_tag","embeddable":true,"href":"https:\/\/www.sante-pourtous.net\/index.php?rest_route=%2Fwp%2Fv2%2Ftags&post=477"}],"curies":[{"name":"wp","href":"https:\/\/api.w.org\/{rel}","templated":true}]}}