{"id":490,"date":"2023-08-09T07:43:24","date_gmt":"2023-08-09T07:43:24","guid":{"rendered":"https:\/\/www.sante-pourtous.net\/?p=490"},"modified":"2023-08-09T07:43:31","modified_gmt":"2023-08-09T07:43:31","slug":"journee-mondiale-de-la-securite-des-patients-2023-faire-des-patients-les-acteurs-de-leur-propre-securite","status":"publish","type":"post","link":"https:\/\/www.sante-pourtous.net\/?p=490","title":{"rendered":"Journ\u00e9e mondiale de la s\u00e9curit\u00e9 des patients 2023 : Faire des patients les acteurs de leur propre s\u00e9curit\u00e9"},"content":{"rendered":"\n<p><\/p>\n\n\n\n<p><strong><em>La Journ\u00e9e mondiale de la s\u00e9curit\u00e9 des patients 2023 sera c\u00e9l\u00e9br\u00e9e le 17 septembre sur le th\u00e8me \u00ab Faire des patients les acteurs de leur propre s\u00e9curit\u00e9 \u00bb, \u00e9tant donn\u00e9 le r\u00f4le crucial que jouent les patients, les familles et les soignants dans la s\u00e9curit\u00e9 des soins de sant\u00e9.<\/em><\/strong><\/p>\n\n\n\n<p>Les donn\u00e9es montrent que lorsque les patients sont associ\u00e9s en tant que partenaires aux soins qu\u2019ils re\u00e7oivent, la s\u00e9curit\u00e9, la satisfaction des patients et les r\u00e9sultats sanitaires s\u2019en trouvent nettement am\u00e9lior\u00e9s. En devenant des membres actifs de l\u2019\u00e9quipe soignante, les patients peuvent contribuer \u00e0 la s\u00e9curit\u00e9 des soins qui leur sont prodigu\u00e9s et \u00e0 celle du syst\u00e8me de sant\u00e9 dans son ensemble.<br><\/p>\n\n\n\n<p>Par le slogan \u00ab Faisons entendre la voix des patients ! \u00bb, l\u2019OMS appelle tous les acteurs \u00e0 prendre les mesures n\u00e9cessaires pour que les patients participent \u00e0 l\u2019\u00e9laboration des politiques, soient repr\u00e9sent\u00e9s dans les structures de gouvernance, prennent part \u00e0 la conception conjointe de strat\u00e9gies de s\u00e9curit\u00e9 et jouent un r\u00f4le actif dans les soins qu\u2019ils re\u00e7oivent. Cela n\u2019est possible que si l\u2019on offre aux patients, aux familles et aux communaut\u00e9s, aussi divers soient-ils, la possibilit\u00e9 de faire entendre leur voix et d\u2019exprimer leurs pr\u00e9occupations, leurs attentes et leurs pr\u00e9f\u00e9rences pour une plus grande s\u00e9curit\u00e9, pour un syst\u00e8me plus fiable et plus centr\u00e9 sur le patient et pour l\u2019\u00e9quit\u00e9.<br><\/p>\n\n\n\n<p>La collaboration des patients et des familles a \u00e9t\u00e9 int\u00e9gr\u00e9e dans la r\u00e9solution WHA72.6 \u2013 \u00ab Action mondiale pour la s\u00e9curit\u00e9 des patients \u00bb et le Plan d\u2019action mondial pour la s\u00e9curit\u00e9 des patients 2021-2030 (en anglais) en tant que principale strat\u00e9gie pour \u00e9liminer les pr\u00e9judices \u00e9vitables en milieu m\u00e9dical.<br><\/p>\n\n\n\n<p>La Journ\u00e9e mondiale de la s\u00e9curit\u00e9 des patients est l\u2019une des journ\u00e9es mondiales de sant\u00e9 publique de l\u2019OMS. Elle a \u00e9t\u00e9 instaur\u00e9e en 2019 par la Soixante-Douzi\u00e8me Assembl\u00e9e mondiale de la Sant\u00e9 dans la r\u00e9solution WHA72.6, intitul\u00e9e <em>\u00ab Action mondiale pour la s\u00e9curit\u00e9 des patients \u00bb<\/em>. Elle a pour objectifs de sensibiliser le public et de l\u2019amener \u00e0 collaborer, de mieux informer au niveau mondial, d\u2019\u0153uvrer en faveur de la solidarit\u00e9 mondiale et d\u2019inciter les \u00c9tats Membres \u00e0 prendre des mesures pour promouvoir la s\u00e9curit\u00e9 des patients et r\u00e9duire les pr\u00e9judices qu\u2019ils subissent.<br>Objectifs de la Journ\u00e9e mondiale de la s\u00e9curit\u00e9 des patients 2023<\/p>\n\n\n\n<ol class=\"wp-block-list\">\n<li>Faire prendre conscience partout dans le monde de la n\u00e9cessit\u00e9 d\u2019une collaboration active des patients, de leurs familles et des soignants dans tous les contextes et \u00e0 tous les niveaux des soins de sant\u00e9 pour am\u00e9liorer la s\u00e9curit\u00e9 des patients.<\/li>\n\n\n\n<li>Faire participer les d\u00e9cideurs, les responsables du secteur de la sant\u00e9, les personnels de sant\u00e9 et d\u2019aide \u00e0 la personne, les organisations de patients, la soci\u00e9t\u00e9 civile et d\u2019autres acteurs aux efforts d\u00e9ploy\u00e9s pour associer les patients et les familles aux politiques et aux pratiques garantissant la s\u00e9curit\u00e9 des soins.<\/li>\n\n\n\n<li>Donner aux patients et aux familles les moyens de participer activement aux soins qu\u2019ils re\u00e7oivent et de contribuer \u00e0 am\u00e9liorer la s\u00e9curit\u00e9 des soins.<\/li>\n\n\n\n<li>Pr\u00e9coniser des mesures urgentes \u00e0 prendre par tous les partenaires pour promouvoir la participation des patients et des familles, dans le droit fil du Plan d\u2019action mondial pour la s\u00e9curit\u00e9 des patients 2021-2030.<\/li>\n\n\n\n<li>\u0152uvrer ensemble pour des soins de sant\u00e9 plus s\u00fbrs<br>La campagne mondiale organis\u00e9e \u00e0 l\u2019occasion de la Journ\u00e9e mondiale de la s\u00e9curit\u00e9 des patients 2023 proposera autour du 17 septembre une vaste gamme d\u2019activit\u00e9s pour toutes les parties prenantes, y compris des campagnes nationales, des forums de politique g\u00e9n\u00e9rale, des r\u00e9unions techniques et des r\u00e9unions de sensibilisation, des initiatives de renforcement des capacit\u00e9s et, comme les ann\u00e9es pr\u00e9c\u00e9dentes, l\u2019illumination en orange (la marque distinctive de la campagne) de monuments et de lieux publics embl\u00e9matiques.<br><strong><em>Source : OMS<\/em><\/strong><\/li>\n<\/ol>\n","protected":false},"excerpt":{"rendered":"<p>La Journ\u00e9e mondiale de la s\u00e9curit\u00e9 des patients 2023 sera c\u00e9l\u00e9br\u00e9e le 17 septembre sur le th\u00e8me \u00ab Faire des patients les acteurs de leur propre s\u00e9curit\u00e9 \u00bb, \u00e9tant donn\u00e9 le r\u00f4le crucial que jouent les patients, les familles et les soignants dans la s\u00e9curit\u00e9 des soins de sant\u00e9. Les donn\u00e9es montrent que lorsque les<\/p>\n","protected":false},"author":3,"featured_media":491,"comment_status":"open","ping_status":"open","sticky":false,"template":"","format":"standard","meta":{"footnotes":""},"categories":[3,5],"tags":[],"class_list":["post-490","post","type-post","status-publish","format-standard","has-post-thumbnail","hentry","category-actualite","category-sante"],"_links":{"self":[{"href":"https:\/\/www.sante-pourtous.net\/index.php?rest_route=\/wp\/v2\/posts\/490","targetHints":{"allow":["GET"]}}],"collection":[{"href":"https:\/\/www.sante-pourtous.net\/index.php?rest_route=\/wp\/v2\/posts"}],"about":[{"href":"https:\/\/www.sante-pourtous.net\/index.php?rest_route=\/wp\/v2\/types\/post"}],"author":[{"embeddable":true,"href":"https:\/\/www.sante-pourtous.net\/index.php?rest_route=\/wp\/v2\/users\/3"}],"replies":[{"embeddable":true,"href":"https:\/\/www.sante-pourtous.net\/index.php?rest_route=%2Fwp%2Fv2%2Fcomments&post=490"}],"version-history":[{"count":1,"href":"https:\/\/www.sante-pourtous.net\/index.php?rest_route=\/wp\/v2\/posts\/490\/revisions"}],"predecessor-version":[{"id":492,"href":"https:\/\/www.sante-pourtous.net\/index.php?rest_route=\/wp\/v2\/posts\/490\/revisions\/492"}],"wp:featuredmedia":[{"embeddable":true,"href":"https:\/\/www.sante-pourtous.net\/index.php?rest_route=\/wp\/v2\/media\/491"}],"wp:attachment":[{"href":"https:\/\/www.sante-pourtous.net\/index.php?rest_route=%2Fwp%2Fv2%2Fmedia&parent=490"}],"wp:term":[{"taxonomy":"category","embeddable":true,"href":"https:\/\/www.sante-pourtous.net\/index.php?rest_route=%2Fwp%2Fv2%2Fcategories&post=490"},{"taxonomy":"post_tag","embeddable":true,"href":"https:\/\/www.sante-pourtous.net\/index.php?rest_route=%2Fwp%2Fv2%2Ftags&post=490"}],"curies":[{"name":"wp","href":"https:\/\/api.w.org\/{rel}","templated":true}]}}