{"id":496,"date":"2023-08-15T10:58:45","date_gmt":"2023-08-15T10:58:45","guid":{"rendered":"https:\/\/www.sante-pourtous.net\/?p=496"},"modified":"2023-08-15T10:58:47","modified_gmt":"2023-08-15T10:58:47","slug":"loms-organise-le-premier-sommet-mondial-de-haut-niveau-sur-la-medecine-traditionnelle-afin-dexaminer-la-base-de-connaissances-et-les-possibilites-daccelerer-la-sante-pour-to","status":"publish","type":"post","link":"https:\/\/www.sante-pourtous.net\/?p=496","title":{"rendered":"L\u2019OMS organise le premier sommet mondial de haut niveau sur la m\u00e9decine traditionnelle afin d\u2019examiner la base de connaissances et les possibilit\u00e9s d\u2019acc\u00e9l\u00e9rer la sant\u00e9 pour tous"},"content":{"rendered":"\n<p><em><strong>L\u2019Organisation mondiale de la Sant\u00e9 (OMS) organise le Sommet mondial sur la m\u00e9decine traditionnelle les 17 et 18 ao\u00fbt 2023 \u00e0 Gandhinagar, Gujarat (Inde). Le Sommet, organis\u00e9 conjointement par le gouvernement de l\u2019Inde, sera l\u2019occasion d\u2019examiner le r\u00f4le de la m\u00e9decine traditionnelle, compl\u00e9mentaire et int\u00e9grative pour relever les d\u00e9fis sanitaires urgents et favoriser les avanc\u00e9es dans les domaines de la sant\u00e9 mondiale et du d\u00e9veloppement durable.<\/strong><\/em><\/p>\n\n\n\n<p>Parmi les participants de haut niveau figureront notamment le Directeur g\u00e9n\u00e9ral et les Directeurs r\u00e9gionaux de l\u2019OMS, les ministres de la Sant\u00e9 du G20 et des invit\u00e9s de haut niveau des pays des six R\u00e9gions de l\u2019OMS. Des scientifiques, des praticiens de la m\u00e9decine traditionnelle, des agents de sant\u00e9 et des membres d\u2019organisations de la soci\u00e9t\u00e9 civile y participeront \u00e9galement.<\/p>\n\n\n\n<p><strong><em>Source: OMS<\/em><\/strong><\/p>\n","protected":false},"excerpt":{"rendered":"<p>L\u2019Organisation mondiale de la Sant\u00e9 (OMS) organise le Sommet mondial sur la m\u00e9decine traditionnelle les 17 et 18 ao\u00fbt 2023 \u00e0 Gandhinagar, Gujarat (Inde). Le Sommet, organis\u00e9 conjointement par le gouvernement de l\u2019Inde, sera l\u2019occasion d\u2019examiner le r\u00f4le de la m\u00e9decine traditionnelle, compl\u00e9mentaire et int\u00e9grative pour relever les d\u00e9fis sanitaires urgents et favoriser les avanc\u00e9es<\/p>\n","protected":false},"author":3,"featured_media":491,"comment_status":"open","ping_status":"open","sticky":false,"template":"","format":"standard","meta":{"footnotes":""},"categories":[3,13,5],"tags":[],"class_list":["post-496","post","type-post","status-publish","format-standard","has-post-thumbnail","hentry","category-actualite","category-la-sante-par-les-plantes","category-sante"],"_links":{"self":[{"href":"https:\/\/www.sante-pourtous.net\/index.php?rest_route=\/wp\/v2\/posts\/496","targetHints":{"allow":["GET"]}}],"collection":[{"href":"https:\/\/www.sante-pourtous.net\/index.php?rest_route=\/wp\/v2\/posts"}],"about":[{"href":"https:\/\/www.sante-pourtous.net\/index.php?rest_route=\/wp\/v2\/types\/post"}],"author":[{"embeddable":true,"href":"https:\/\/www.sante-pourtous.net\/index.php?rest_route=\/wp\/v2\/users\/3"}],"replies":[{"embeddable":true,"href":"https:\/\/www.sante-pourtous.net\/index.php?rest_route=%2Fwp%2Fv2%2Fcomments&post=496"}],"version-history":[{"count":1,"href":"https:\/\/www.sante-pourtous.net\/index.php?rest_route=\/wp\/v2\/posts\/496\/revisions"}],"predecessor-version":[{"id":497,"href":"https:\/\/www.sante-pourtous.net\/index.php?rest_route=\/wp\/v2\/posts\/496\/revisions\/497"}],"wp:featuredmedia":[{"embeddable":true,"href":"https:\/\/www.sante-pourtous.net\/index.php?rest_route=\/wp\/v2\/media\/491"}],"wp:attachment":[{"href":"https:\/\/www.sante-pourtous.net\/index.php?rest_route=%2Fwp%2Fv2%2Fmedia&parent=496"}],"wp:term":[{"taxonomy":"category","embeddable":true,"href":"https:\/\/www.sante-pourtous.net\/index.php?rest_route=%2Fwp%2Fv2%2Fcategories&post=496"},{"taxonomy":"post_tag","embeddable":true,"href":"https:\/\/www.sante-pourtous.net\/index.php?rest_route=%2Fwp%2Fv2%2Ftags&post=496"}],"curies":[{"name":"wp","href":"https:\/\/api.w.org\/{rel}","templated":true}]}}