{"id":527,"date":"2023-09-26T20:45:08","date_gmt":"2023-09-26T20:45:08","guid":{"rendered":"https:\/\/www.sante-pourtous.net\/?p=527"},"modified":"2023-09-26T20:56:36","modified_gmt":"2023-09-26T20:56:36","slug":"samao-2023-la-pre-samao-un-rendez-vous-du-donnez-et-du-recevoir-des-acteurs-du-secteur-des-mineraux-du-developpement","status":"publish","type":"post","link":"https:\/\/www.sante-pourtous.net\/?p=527","title":{"rendered":"SAMAO 2023 : la Pr\u00e9-SAMAO, un rendez-vous du donnez et du recevoir des acteurs du secteur des min\u00e9raux du d\u00e9veloppement"},"content":{"rendered":"\n<p><strong><em>En marge de la 5\u00e8me \u00e9dition de la Semaine des Activit\u00e9s Mini\u00e8res de l\u2019Afrique de l\u2019Ouest (SAMAO) qui se tient du 28 au 30 septembre prochain \u00e0 Ouagadougou, il s\u2019est ouvert ce mardi 26 septembre 2023 au Centre international de conf\u00e9rence de Ouaga 2000, un atelier de formation et de partage d\u2019exp\u00e9riences sur le potentiel et les probl\u00e9matiques de d\u00e9veloppement du secteur des min\u00e9raux du d\u00e9veloppement.<\/em><\/strong><\/p>\n\n\n\n<p>Selon une \u00e9tude men\u00e9e par le PNUD en 2001 qui a permis de mettre en \u00e9vidence plus de 1200 sites, le Burkina Faso dispose d\u2019un potentiel important et diversifi\u00e9 en min\u00e9raux du d\u00e9veloppement sur toute l\u2019\u00e9tendue du territoire. Et pour le ministre de l\u2019Energie, des Carri\u00e8res et des Mines, Simon Pierre Boussim, cela repr\u00e9sente un grand atout car <em>\u00ab l\u2019exploitation des min\u00e9raux du d\u00e9veloppement peut jouer un r\u00f4le majeur dans le d\u00e9veloppement socio-\u00e9conomique durable du pays au regard de son impact sur les populations locales. \u00bb<\/em> Il encourage donc les participants \u00e0 mener des \u00e9changes concrets sur la question : <em>\u00ab cet atelier est un cadre d\u2019\u00e9changes entre vous acteurs intervenant dans le domaine des min\u00e9raux du d\u00e9veloppement pour susciter des changements positifs dans ce domaine. Je vous invite donc \u00e0 des \u00e9changes francs, fructueux et sans langue de bois. \u00bb<\/em><\/p>\n\n\n\n<figure class=\"wp-block-image size-full\"><img loading=\"lazy\" decoding=\"async\" width=\"965\" height=\"468\" src=\"https:\/\/www.sante-pourtous.net\/wp-content\/uploads\/2023\/09\/IMG-20230926-WA0165.jpg\" alt=\"\" class=\"wp-image-529\" srcset=\"https:\/\/www.sante-pourtous.net\/wp-content\/uploads\/2023\/09\/IMG-20230926-WA0165.jpg 965w, https:\/\/www.sante-pourtous.net\/wp-content\/uploads\/2023\/09\/IMG-20230926-WA0165-300x145.jpg 300w, https:\/\/www.sante-pourtous.net\/wp-content\/uploads\/2023\/09\/IMG-20230926-WA0165-768x372.jpg 768w, https:\/\/www.sante-pourtous.net\/wp-content\/uploads\/2023\/09\/IMG-20230926-WA0165-619x300.jpg 619w, https:\/\/www.sante-pourtous.net\/wp-content\/uploads\/2023\/09\/IMG-20230926-WA0165-310x150.jpg 310w, https:\/\/www.sante-pourtous.net\/wp-content\/uploads\/2023\/09\/IMG-20230926-WA0165-150x73.jpg 150w\" sizes=\"auto, (max-width: 965px) 100vw, 965px\" \/><\/figure>\n\n\n\n<p><strong><em>Une quarantaine de participants issues de divers groupes d\u2019acteurs<\/em><\/strong><\/p>\n\n\n\n<p>Le repr\u00e9sentant r\u00e9sident du PNUD au Burkina Faso, Alfredo Teixera, de souligner la plus-value de ce cadre d\u2019\u00e9change qu\u2019il per\u00e7oit comme <em>\u00ab une vitrine pour la valorisation et la promotion des mat\u00e9riaux alternatif. \u00bb<\/em> Il r\u00e9affirme le soutient du PNUD au gouvernement dans ses efforts visant \u00e0 porter \u00e0 l\u2019\u00e9chelle les r\u00e9sultats acquis de ce programme.<br><\/p>\n\n\n\n<p>C\u2019est un rendez-vous du donner et du recevoir qui r\u00e9unira deux jours durant une quarantaine de participants issues de divers groupes d\u2019acteurs, des Exploitations mini\u00e8res et Artisanales \u00e0 Petite Echelle (EMAPE) dont des entrepreneurs, des architectes, des miniers artisanaux ainsi que des r\u00e9gulateurs et des \u00e9coles de formation issues de plusieurs pays notamment du Congo, du Cameroun, de la Tanzanie, de la Mauritanie et du Burkina Faso.<br><\/p>\n\n\n\n<figure class=\"wp-block-image size-full\"><img loading=\"lazy\" decoding=\"async\" width=\"907\" height=\"468\" src=\"https:\/\/www.sante-pourtous.net\/wp-content\/uploads\/2023\/09\/IMG-20230926-WA0166.jpg\" alt=\"\" class=\"wp-image-532\" srcset=\"https:\/\/www.sante-pourtous.net\/wp-content\/uploads\/2023\/09\/IMG-20230926-WA0166.jpg 907w, https:\/\/www.sante-pourtous.net\/wp-content\/uploads\/2023\/09\/IMG-20230926-WA0166-300x155.jpg 300w, https:\/\/www.sante-pourtous.net\/wp-content\/uploads\/2023\/09\/IMG-20230926-WA0166-768x396.jpg 768w, https:\/\/www.sante-pourtous.net\/wp-content\/uploads\/2023\/09\/IMG-20230926-WA0166-581x300.jpg 581w, https:\/\/www.sante-pourtous.net\/wp-content\/uploads\/2023\/09\/IMG-20230926-WA0166-310x160.jpg 310w, https:\/\/www.sante-pourtous.net\/wp-content\/uploads\/2023\/09\/IMG-20230926-WA0166-150x77.jpg 150w\" sizes=\"auto, (max-width: 907px) 100vw, 907px\" \/><\/figure>\n\n\n\n<p>Au sortir de ces \u00e9changes, les r\u00e9sultats attendus sont entre autres une formalisation acc\u00e9l\u00e9r\u00e9e de l\u2019EMAPE, une meilleure pratique en mati\u00e8re d\u2019environnement, de sant\u00e9 communautaire et de s\u00e9curit\u00e9 et un apprentissage pratique et rapide pour une mise en \u0153uvre efficace des PTA.<br><\/p>\n\n\n\n<p>En rappel, cet atelier est organis\u00e9 par le PNUD Burkina, le programme ACP-UE en faveur des min\u00e9raux de d\u00e9veloppement financ\u00e9 par la Commission Europ\u00e9enne et mis en \u0153uvre par le PNUD et le minist\u00e8re en charge des Mines du Burkina Faso.<\/p>\n\n\n\n<p><strong><em>Farida SAWADOGO<\/em><\/strong><\/p>\n","protected":false},"excerpt":{"rendered":"<p>En marge de la 5\u00e8me \u00e9dition de la Semaine des Activit\u00e9s Mini\u00e8res de l\u2019Afrique de l\u2019Ouest (SAMAO) qui se tient du 28 au 30 septembre prochain \u00e0 Ouagadougou, il s\u2019est ouvert ce mardi 26 septembre 2023 au Centre international de conf\u00e9rence de Ouaga 2000, un atelier de formation et de partage d\u2019exp\u00e9riences sur le potentiel<\/p>\n","protected":false},"author":3,"featured_media":528,"comment_status":"open","ping_status":"open","sticky":false,"template":"","format":"standard","meta":{"footnotes":""},"categories":[3],"tags":[],"class_list":["post-527","post","type-post","status-publish","format-standard","has-post-thumbnail","hentry","category-actualite"],"_links":{"self":[{"href":"https:\/\/www.sante-pourtous.net\/index.php?rest_route=\/wp\/v2\/posts\/527","targetHints":{"allow":["GET"]}}],"collection":[{"href":"https:\/\/www.sante-pourtous.net\/index.php?rest_route=\/wp\/v2\/posts"}],"about":[{"href":"https:\/\/www.sante-pourtous.net\/index.php?rest_route=\/wp\/v2\/types\/post"}],"author":[{"embeddable":true,"href":"https:\/\/www.sante-pourtous.net\/index.php?rest_route=\/wp\/v2\/users\/3"}],"replies":[{"embeddable":true,"href":"https:\/\/www.sante-pourtous.net\/index.php?rest_route=%2Fwp%2Fv2%2Fcomments&post=527"}],"version-history":[{"count":2,"href":"https:\/\/www.sante-pourtous.net\/index.php?rest_route=\/wp\/v2\/posts\/527\/revisions"}],"predecessor-version":[{"id":533,"href":"https:\/\/www.sante-pourtous.net\/index.php?rest_route=\/wp\/v2\/posts\/527\/revisions\/533"}],"wp:featuredmedia":[{"embeddable":true,"href":"https:\/\/www.sante-pourtous.net\/index.php?rest_route=\/wp\/v2\/media\/528"}],"wp:attachment":[{"href":"https:\/\/www.sante-pourtous.net\/index.php?rest_route=%2Fwp%2Fv2%2Fmedia&parent=527"}],"wp:term":[{"taxonomy":"category","embeddable":true,"href":"https:\/\/www.sante-pourtous.net\/index.php?rest_route=%2Fwp%2Fv2%2Fcategories&post=527"},{"taxonomy":"post_tag","embeddable":true,"href":"https:\/\/www.sante-pourtous.net\/index.php?rest_route=%2Fwp%2Fv2%2Ftags&post=527"}],"curies":[{"name":"wp","href":"https:\/\/api.w.org\/{rel}","templated":true}]}}