{"id":579,"date":"2023-10-25T12:09:30","date_gmt":"2023-10-25T12:09:30","guid":{"rendered":"https:\/\/www.sante-pourtous.net\/?p=579"},"modified":"2023-10-25T12:09:31","modified_gmt":"2023-10-25T12:09:31","slug":"lutte-contre-la-malnutrition-des-experts-en-conclave-pour-sortir-la-situation-nutritionnelle-au-burkina-grace-a-loutil-ipc-amn","status":"publish","type":"post","link":"https:\/\/www.sante-pourtous.net\/?p=579","title":{"rendered":"Lutte contre la malnutrition : des experts en conclave pour sortir la situation nutritionnelle au Burkina gr\u00e2ce \u00e0 l\u2019outil IPC AMN"},"content":{"rendered":"\n<p><strong><em>L\u2019IPC MNA est un outil d\u2019analyse qui r\u00e9alise une classification spatiale bas\u00e9e sur la pr\u00e9valence de la malnutrition aigu\u00eb globale actuelle et projet\u00e9e chez les enfants 6-59 mois d&rsquo;\u00e2ge sur une \u00e9chelle donn\u00e9e. Pour analyser la malnutrition aigu\u00eb \u00e0 partir de l\u2019outil IPC, plus d\u2019une soixantaine d\u2019experts pluridisciplinaires venus des diff\u00e9rents d\u00e9partements minist\u00e9riels engag\u00e9s dans la multisectorialit\u00e9 pour la nutrition et des directions techniques centrales et d\u00e9concentr\u00e9es du minist\u00e8re de la Sant\u00e9, sont r\u00e9unis \u00e0 Manga depuis le 22 et ce, jusqu\u2019au 28 octobre 2023.<\/em><\/strong><\/p>\n\n\n\n<p>L\u2019Enqu\u00eate Nutritionnelle Nationale (ENN) qui est \u00e0 sa 15e \u00e9dition est devenue au fil du temps un outil de surveillance. Cependant elle ne permet pas d\u2019avoir les causes mais plut\u00f4t une photographie de la situation de l\u2019\u00e9tat nutritionnelle des enfants de moins de 5 ans au Burkina Faso.<br><\/p>\n\n\n\n<p>C\u2019est ce qui justifie la n\u00e9cessit\u00e9 d\u2019une meilleure connaissance des causes probables de la malnutrition aigu\u00eb afin que les interventions appropri\u00e9es soient con\u00e7ues et ex\u00e9cut\u00e9es pour r\u00e9duire ces taux. C\u2019est alors, que les acteurs au niveau mondial qui travaillent sur la s\u00e9curit\u00e9 alimentaire et nutritionnelle \u00e0 travers le Global Support Unit (GSU) a d\u00e9velopp\u00e9 un outil appel\u00e9 IPC Malnutrition Aigu\u00eb (IPC AMN) sous le leadership technique de plusieurs agences constitu\u00e9es en groupe de travail de la nutrition (NWG). Cet outil a donc pour vocation de compl\u00e9ter l\u2019analyse de l\u2019ins\u00e9curit\u00e9 alimentaire aigu\u00eb avec le Cadre Harmonis\u00e9 en identifiant des facteurs non alimentaires qui peuvent contribuer \u00e0 la malnutrition aigu\u00eb.<\/p>\n\n\n\n<figure class=\"wp-block-image size-full\"><img loading=\"lazy\" decoding=\"async\" width=\"960\" height=\"432\" src=\"https:\/\/www.sante-pourtous.net\/wp-content\/uploads\/2023\/10\/M2.jpg\" alt=\"\" class=\"wp-image-581\" srcset=\"https:\/\/www.sante-pourtous.net\/wp-content\/uploads\/2023\/10\/M2.jpg 960w, https:\/\/www.sante-pourtous.net\/wp-content\/uploads\/2023\/10\/M2-300x135.jpg 300w, https:\/\/www.sante-pourtous.net\/wp-content\/uploads\/2023\/10\/M2-768x346.jpg 768w, https:\/\/www.sante-pourtous.net\/wp-content\/uploads\/2023\/10\/M2-650x293.jpg 650w, https:\/\/www.sante-pourtous.net\/wp-content\/uploads\/2023\/10\/M2-310x140.jpg 310w, https:\/\/www.sante-pourtous.net\/wp-content\/uploads\/2023\/10\/M2-150x68.jpg 150w\" sizes=\"auto, (max-width: 960px) 100vw, 960px\" \/><\/figure>\n\n\n\n<p>Il s\u2019agira pour ces acteurs de classifier les niveaux actuels et projet\u00e9s de la malnutrition aigu\u00eb ; d\u2019identifier les facteurs contributifs cl\u00e9s \u00e0 la malnutrition aigu\u00eb, avec un accent particulier sur les r\u00e9gions avec les niveaux extr\u00eamement critiques de malnutrition aigu\u00eb et\/ou ins\u00e9curit\u00e9 alimentaire aigu\u00eb ; de pr\u00e9senter des objectifs de r\u00e9ponses prioritaires pour les zones classifi\u00e9es ou phas\u00e9es et d\u2019informer les d\u00e9cideurs des r\u00e9sultats des analyses pour prises de d\u00e9cisions.<br><\/p>\n\n\n\n<figure class=\"wp-block-image size-full\"><img loading=\"lazy\" decoding=\"async\" width=\"960\" height=\"432\" src=\"https:\/\/www.sante-pourtous.net\/wp-content\/uploads\/2023\/10\/M3.jpg\" alt=\"\" class=\"wp-image-582\" srcset=\"https:\/\/www.sante-pourtous.net\/wp-content\/uploads\/2023\/10\/M3.jpg 960w, https:\/\/www.sante-pourtous.net\/wp-content\/uploads\/2023\/10\/M3-300x135.jpg 300w, https:\/\/www.sante-pourtous.net\/wp-content\/uploads\/2023\/10\/M3-768x346.jpg 768w, https:\/\/www.sante-pourtous.net\/wp-content\/uploads\/2023\/10\/M3-650x293.jpg 650w, https:\/\/www.sante-pourtous.net\/wp-content\/uploads\/2023\/10\/M3-310x140.jpg 310w, https:\/\/www.sante-pourtous.net\/wp-content\/uploads\/2023\/10\/M3-150x68.jpg 150w\" sizes=\"auto, (max-width: 960px) 100vw, 960px\" \/><\/figure>\n\n\n\n<p>Repr\u00e9sentant le Directeur g\u00e9n\u00e9ral de la Sant\u00e9 et de l\u2019Hygi\u00e8ne publique, Boureima Dissan Gnoumou a indiqu\u00e9 qu\u2019au terme de cet atelier, \u00ab nous allons sortir la situation en fonction de l\u2019analyse qui a \u00e9t\u00e9 faite l\u2019ann\u00e9e derni\u00e8re \u00bb. <em>\u00ab Bien que les techniciens vont utiliser lesdits r\u00e9sultats, ils seront aussi communiqu\u00e9s aux d\u00e9cideurs pour faire une bonne planification dans la lutte contre la malnutrition qui est un r\u00e9el probl\u00e8me de d\u00e9veloppement au Burkina Faso \u00bb<\/em>, a soutenu le nutritionniste.<br><\/p>\n\n\n\n<figure class=\"wp-block-image size-full\"><img loading=\"lazy\" decoding=\"async\" width=\"960\" height=\"432\" src=\"https:\/\/www.sante-pourtous.net\/wp-content\/uploads\/2023\/10\/M4.jpg\" alt=\"\" class=\"wp-image-583\" srcset=\"https:\/\/www.sante-pourtous.net\/wp-content\/uploads\/2023\/10\/M4.jpg 960w, https:\/\/www.sante-pourtous.net\/wp-content\/uploads\/2023\/10\/M4-300x135.jpg 300w, https:\/\/www.sante-pourtous.net\/wp-content\/uploads\/2023\/10\/M4-768x346.jpg 768w, https:\/\/www.sante-pourtous.net\/wp-content\/uploads\/2023\/10\/M4-650x293.jpg 650w, https:\/\/www.sante-pourtous.net\/wp-content\/uploads\/2023\/10\/M4-310x140.jpg 310w, https:\/\/www.sante-pourtous.net\/wp-content\/uploads\/2023\/10\/M4-150x68.jpg 150w\" sizes=\"auto, (max-width: 960px) 100vw, 960px\" \/><\/figure>\n\n\n\n<p><strong><em>Boureima Dissan Gnoumou, Repr\u00e9sentant le Directeur g\u00e9n\u00e9ral de la Sant\u00e9 et de l\u2019Hygi\u00e8ne pu<\/em><\/strong>blique<\/p>\n\n\n\n<p>l\u2019IPC \u00e9tant un outil de planification et de plaidoyer selon Dr Estelle Bambara, Directrice nationale de la nutrition, les r\u00e9sultats de cette analyse permettront de planifier les interventions de pr\u00e9vention et de prise en charge de la malnutrition aig\u00fce. M\u00eame son de cloche chez Williams Mansoud, porte-parole des partenaires pour qui, cette activit\u00e9 est n\u00e9cessaire pour la planification des interventions de pr\u00e9vention et de prise en charge de la malnutrition aig\u00fce. Il souligne d\u2019ailleurs que c\u2019est une activit\u00e9 que l\u2019ensemble des partenaires \u00e0 travers le Comit\u00e9 Permanent Inter-Etats de Lutte contre la S\u00e9cheresse dans le Sahel (CILSS) coordonne depuis 2018.<br><\/p>\n\n\n\n<figure class=\"wp-block-image size-full\"><img loading=\"lazy\" decoding=\"async\" width=\"521\" height=\"436\" src=\"https:\/\/www.sante-pourtous.net\/wp-content\/uploads\/2023\/10\/M5.jpg\" alt=\"\" class=\"wp-image-584\" srcset=\"https:\/\/www.sante-pourtous.net\/wp-content\/uploads\/2023\/10\/M5.jpg 521w, https:\/\/www.sante-pourtous.net\/wp-content\/uploads\/2023\/10\/M5-300x251.jpg 300w, https:\/\/www.sante-pourtous.net\/wp-content\/uploads\/2023\/10\/M5-358x300.jpg 358w, https:\/\/www.sante-pourtous.net\/wp-content\/uploads\/2023\/10\/M5-310x259.jpg 310w, https:\/\/www.sante-pourtous.net\/wp-content\/uploads\/2023\/10\/M5-125x105.jpg 125w\" sizes=\"auto, (max-width: 521px) 100vw, 521px\" \/><\/figure>\n\n\n\n<p><strong><em>Dr Estelle Bambara, Directrice nationale de la nutrition<\/em><\/strong><\/p>\n\n\n\n<p>En rappel, c\u2019est depuis 2018 que cet exercice sera conjointement organis\u00e9 par IPC GSU, la Task Force nutrition du Cadre Harmonis\u00e9 en collaboration \u00e9troite avec la Direction de la nutrition avec l\u2019appui financier du PAM et de l\u2019UNICEF.<\/p>\n","protected":false},"excerpt":{"rendered":"<p>L\u2019IPC MNA est un outil d\u2019analyse qui r\u00e9alise une classification spatiale bas\u00e9e sur la pr\u00e9valence de la malnutrition aigu\u00eb globale actuelle et projet\u00e9e chez les enfants 6-59 mois d&rsquo;\u00e2ge sur une \u00e9chelle donn\u00e9e. Pour analyser la malnutrition aigu\u00eb \u00e0 partir de l\u2019outil IPC, plus d\u2019une soixantaine d\u2019experts pluridisciplinaires venus des diff\u00e9rents d\u00e9partements minist\u00e9riels engag\u00e9s dans<\/p>\n","protected":false},"author":3,"featured_media":580,"comment_status":"open","ping_status":"open","sticky":false,"template":"","format":"standard","meta":{"footnotes":""},"categories":[3,14,5],"tags":[],"class_list":["post-579","post","type-post","status-publish","format-standard","has-post-thumbnail","hentry","category-actualite","category-nutrition","category-sante"],"_links":{"self":[{"href":"https:\/\/www.sante-pourtous.net\/index.php?rest_route=\/wp\/v2\/posts\/579","targetHints":{"allow":["GET"]}}],"collection":[{"href":"https:\/\/www.sante-pourtous.net\/index.php?rest_route=\/wp\/v2\/posts"}],"about":[{"href":"https:\/\/www.sante-pourtous.net\/index.php?rest_route=\/wp\/v2\/types\/post"}],"author":[{"embeddable":true,"href":"https:\/\/www.sante-pourtous.net\/index.php?rest_route=\/wp\/v2\/users\/3"}],"replies":[{"embeddable":true,"href":"https:\/\/www.sante-pourtous.net\/index.php?rest_route=%2Fwp%2Fv2%2Fcomments&post=579"}],"version-history":[{"count":1,"href":"https:\/\/www.sante-pourtous.net\/index.php?rest_route=\/wp\/v2\/posts\/579\/revisions"}],"predecessor-version":[{"id":585,"href":"https:\/\/www.sante-pourtous.net\/index.php?rest_route=\/wp\/v2\/posts\/579\/revisions\/585"}],"wp:featuredmedia":[{"embeddable":true,"href":"https:\/\/www.sante-pourtous.net\/index.php?rest_route=\/wp\/v2\/media\/580"}],"wp:attachment":[{"href":"https:\/\/www.sante-pourtous.net\/index.php?rest_route=%2Fwp%2Fv2%2Fmedia&parent=579"}],"wp:term":[{"taxonomy":"category","embeddable":true,"href":"https:\/\/www.sante-pourtous.net\/index.php?rest_route=%2Fwp%2Fv2%2Fcategories&post=579"},{"taxonomy":"post_tag","embeddable":true,"href":"https:\/\/www.sante-pourtous.net\/index.php?rest_route=%2Fwp%2Fv2%2Ftags&post=579"}],"curies":[{"name":"wp","href":"https:\/\/api.w.org\/{rel}","templated":true}]}}