{"id":611,"date":"2023-11-05T14:45:54","date_gmt":"2023-11-05T14:45:54","guid":{"rendered":"https:\/\/www.sante-pourtous.net\/?p=611"},"modified":"2023-11-05T14:52:03","modified_gmt":"2023-11-05T14:52:03","slug":"festival-alimenterre-acte-2-un-cri-de-coeur-pour-une-reflexion-collective-a-lavenir-du-systeme-de-production-alimentaire","status":"publish","type":"post","link":"https:\/\/www.sante-pourtous.net\/?p=611","title":{"rendered":"Festival Alimenterre acte 2 : un cri de c\u0153ur pour une r\u00e9flexion collective \u00e0 l\u2019avenir du syst\u00e8me de production alimentaire"},"content":{"rendered":"\n<p><strong><em>Humundi ( ex SOS Faim) en partenariat avec Semfilms\/cin\u00e9 droit libre a annonc\u00e9 la tenue de la 2\u00e8me \u00e9dition du festival de films alimenterre. C\u2019\u00e9tait ce samedi 4 novembre 2023 l\u2019ors d\u2019une conf\u00e9rence de presse \u00e0 Ouagadougou. Pr\u00e9vue se tenir du 8 au 11 novembre 2023 \u00e0 Ouagadougou, cette 2\u00e8 \u00e9dition est plac\u00e9e sous le th\u00e8me \u00ab quelle alternative pour des syst\u00e8mes alimentaires durables \u00e0 l\u2019\u00e9chelle locale et mondiale ? \u00bb<\/em><\/strong><\/p>\n\n\n\n<p>Le Festival de films Alimenterre est un rendez-vous cin\u00e9matographique des droits alimentaires qui se veut \u00eatre une plateforme o\u00f9 les id\u00e9es germent, o\u00f9 les solutions \u00e9mergent et o\u00f9 les communaut\u00e9s se rassemblent pour construire un avenir alimentaire plus durable et \u00e9quitable, selon les organisateurs de ce festival.<br><\/p>\n\n\n\n<p>Et pour se faire, le comit\u00e9 d\u2019organisation renforce les acquis de la premi\u00e8re \u00e9dition et promet un festival riche en couleurs et en innovations. Pour cette seconde \u00e9dition, on note de grandes innovations, notamment la d\u00e9centralisation du festival, la cr\u00e9ation d\u2019un espace enfant, un atelier dessin et une caravane dans les lyc\u00e9es et coll\u00e8ges. Des \u00e9coles d\u2019agriculture et d\u2019\u00e9levage ont \u00e9t\u00e9 \u00e9galement associ\u00e9es \u00e0 cette \u00e9dition.<br><\/p>\n\n\n\n<p>Cette ann\u00e9e, le festival ne se d\u00e9roulera pas seulement dans la ville de Ouagadougou, mais se poursuivra \u00e0 travers une caravane dans plusieurs localit\u00e9s du pays, notamment Tenkodogo, Koup\u00e9la et Mogt\u00e9do. Selon les dires de Aboubacar Diallo, pr\u00e9sident du cin\u00e9 droit libre et porte-parole du comit\u00e9 d\u2019organisation, cette d\u00e9centralisation du festival refl\u00e8te leur <em>\u00ab engagement \u00e0 atteindre un public plus large et \u00e0 sensibiliser aux enjeux cruciaux des syst\u00e8mes alimentaires durables et \u00e0 l\u2019agro\u00e9cologie ainsi qu\u2019au pastoralisme et aux questions li\u00e9es au foncier. \u00bb<\/em><br><\/p>\n\n\n\n<p>Au menu de cette \u00e9dition, des panels r\u00e9unissant d\u2019\u00e9minents experts pour un partage d\u2019id\u00e9es novatrices, une mise en lumi\u00e8re des richesses de l\u2019agriculture locale \u00e0 travers des expositions, des cin\u00e9s d\u00e9bats et des ateliers de peinture. Selon le comit\u00e9 d\u2019organisation, c\u2019est un programme <em>\u00ab con\u00e7u pour stimuler la r\u00e9flexion et inspirer des actions concr\u00e8tes. \u00bb<\/em> \u00c9galement, des plateaux musicaux avec des artistes engag\u00e9s sont pr\u00e9vus chaque soir durant tout le festival.<br><\/p>\n\n\n\n<p>Soulignons que cette deuxi\u00e8me \u00e9dition se tiendra du 8 au 11 novembre 2023 au Palais de la Jeunesse et de la culture Jean Pierre Guingan\u00e9 et est plac\u00e9e sous le parrainage de Alfred Sawadogo, pr\u00e9sident du Conseil d\u2019administration de SOS Sahel au Burkina Faso.<br><\/p>\n\n\n\n<p><strong><em>Farida Sawadogo<\/em><\/strong><\/p>\n","protected":false},"excerpt":{"rendered":"<p>Humundi ( ex SOS Faim) en partenariat avec Semfilms\/cin\u00e9 droit libre a annonc\u00e9 la tenue de la 2\u00e8me \u00e9dition du festival de films alimenterre. C\u2019\u00e9tait ce samedi 4 novembre 2023 l\u2019ors d\u2019une conf\u00e9rence de presse \u00e0 Ouagadougou. Pr\u00e9vue se tenir du 8 au 11 novembre 2023 \u00e0 Ouagadougou, cette 2\u00e8 \u00e9dition est plac\u00e9e sous le<\/p>\n","protected":false},"author":3,"featured_media":614,"comment_status":"open","ping_status":"open","sticky":false,"template":"","format":"standard","meta":{"footnotes":""},"categories":[3,6,5],"tags":[],"class_list":["post-611","post","type-post","status-publish","format-standard","has-post-thumbnail","hentry","category-actualite","category-alimentation","category-sante"],"_links":{"self":[{"href":"https:\/\/www.sante-pourtous.net\/index.php?rest_route=\/wp\/v2\/posts\/611","targetHints":{"allow":["GET"]}}],"collection":[{"href":"https:\/\/www.sante-pourtous.net\/index.php?rest_route=\/wp\/v2\/posts"}],"about":[{"href":"https:\/\/www.sante-pourtous.net\/index.php?rest_route=\/wp\/v2\/types\/post"}],"author":[{"embeddable":true,"href":"https:\/\/www.sante-pourtous.net\/index.php?rest_route=\/wp\/v2\/users\/3"}],"replies":[{"embeddable":true,"href":"https:\/\/www.sante-pourtous.net\/index.php?rest_route=%2Fwp%2Fv2%2Fcomments&post=611"}],"version-history":[{"count":1,"href":"https:\/\/www.sante-pourtous.net\/index.php?rest_route=\/wp\/v2\/posts\/611\/revisions"}],"predecessor-version":[{"id":613,"href":"https:\/\/www.sante-pourtous.net\/index.php?rest_route=\/wp\/v2\/posts\/611\/revisions\/613"}],"wp:featuredmedia":[{"embeddable":true,"href":"https:\/\/www.sante-pourtous.net\/index.php?rest_route=\/wp\/v2\/media\/614"}],"wp:attachment":[{"href":"https:\/\/www.sante-pourtous.net\/index.php?rest_route=%2Fwp%2Fv2%2Fmedia&parent=611"}],"wp:term":[{"taxonomy":"category","embeddable":true,"href":"https:\/\/www.sante-pourtous.net\/index.php?rest_route=%2Fwp%2Fv2%2Fcategories&post=611"},{"taxonomy":"post_tag","embeddable":true,"href":"https:\/\/www.sante-pourtous.net\/index.php?rest_route=%2Fwp%2Fv2%2Ftags&post=611"}],"curies":[{"name":"wp","href":"https:\/\/api.w.org\/{rel}","templated":true}]}}