{"id":674,"date":"2023-11-25T18:17:19","date_gmt":"2023-11-25T18:17:19","guid":{"rendered":"https:\/\/www.sante-pourtous.net\/?p=674"},"modified":"2023-11-25T18:17:21","modified_gmt":"2023-11-25T18:17:21","slug":"lutte-contre-la-malnutrition-le-cjcn-sa-outille-une-quarantaine-de-journalistes-sur-la-necessite-de-consommer-les-aliments-fortifies","status":"publish","type":"post","link":"https:\/\/www.sante-pourtous.net\/?p=674","title":{"rendered":"Lutte contre la malnutrition : le CJCN-SA outille une quarantaine de journalistes sur la n\u00e9cessit\u00e9 de consommer les aliments fortifi\u00e9s"},"content":{"rendered":"\n<p><strong><em>Une quarantaine de professionels de m\u00e9dias, issus des diff\u00e9rentes r\u00e9gions du Burkina Faso ont \u00e9t\u00e9 outill\u00e9s sur la n\u00e9cessit\u00e9 de consommer les aliments fortifies par le Club des Journalistes et Communicateurs pour la Nutrition et la S\u00e9curit\u00e9 Alimentaire (CJCN-SA). L\u2019obectif de cette session de renforcement de capacit\u00e9s de ces hommes et femmes des m\u00e9dias tenue \u00e0 Bobo-Dioulasso du 21 au 23 novembre 2023, est d\u2019\u00eatre mieux outill\u00e9s afin de contribuer efficacement \u00e0 la sensibilisation des populations \u00e0 la connaissance des aliments fortifi\u00e9s et l\u2019adoption de comportements ad\u00e9quats favorisant de leur part l\u2019utilisation desdits aliments.<\/em><\/strong><\/p>\n\n\n\n<p>En Afrique de l&rsquo;Ouest, une femme sur deux en \u00e2ge de procr\u00e9er est an\u00e9mi\u00e9e et pr\u00e9sente des carences en micronutriments. Connaissant le r\u00f4le capital que peut jouer les m\u00e9dias dans la lutte contre les carences en micronutriment, le CJCN-SA gr\u00e2ce \u00e0 l\u2019appui financier de GIZ\/PAH a initi\u00e9e un atelier de formation \u00e0 l\u2019endroit des professionnels des m\u00e9dias. Cet atelier vise \u00e0 outiller les participants en vue d\u2019accroitre leur efficacit\u00e9 dans la promotion, la sensibilisation et le plaidoyer en faveur de la fortification des aliments \u00e0 grande \u00e9chelle.<br><\/p>\n\n\n\n<figure class=\"wp-block-image size-large\"><img loading=\"lazy\" decoding=\"async\" width=\"1024\" height=\"683\" src=\"https:\/\/www.sante-pourtous.net\/wp-content\/uploads\/2023\/11\/Sans-titre3-1024x683.jpg\" alt=\"\" class=\"wp-image-681\" srcset=\"https:\/\/www.sante-pourtous.net\/wp-content\/uploads\/2023\/11\/Sans-titre3-1024x683.jpg 1024w, https:\/\/www.sante-pourtous.net\/wp-content\/uploads\/2023\/11\/Sans-titre3-300x200.jpg 300w, https:\/\/www.sante-pourtous.net\/wp-content\/uploads\/2023\/11\/Sans-titre3-768x512.jpg 768w, https:\/\/www.sante-pourtous.net\/wp-content\/uploads\/2023\/11\/Sans-titre3-450x300.jpg 450w, https:\/\/www.sante-pourtous.net\/wp-content\/uploads\/2023\/11\/Sans-titre3-310x207.jpg 310w, https:\/\/www.sante-pourtous.net\/wp-content\/uploads\/2023\/11\/Sans-titre3-150x100.jpg 150w, https:\/\/www.sante-pourtous.net\/wp-content\/uploads\/2023\/11\/Sans-titre3.jpg 1080w\" sizes=\"auto, (max-width: 1024px) 100vw, 1024px\" \/><\/figure>\n\n\n\n<p><strong><em>Mme Jacqueline Bationo de la DN et Marcellin Ou\u00e9draogo de GIZ\/PAH<\/em><\/strong> <em><strong>(formateurs)<\/strong><\/em><\/p>\n\n\n\n<p>Trois jours durant, les journalistes ont b\u00e9n\u00e9fici\u00e9 de l\u2019expertise de Jacqueline Bationo, nutritionniste \u00e0 la Direction de la nutrition. Plusieurs th\u00e9matiques dont l\u2019\u00e9tat des lieux des carences en micronutriments; le concept de base de la nutrition et la situation nutritionnelle au Burkina Faso ont \u00e9t\u00e9 abord\u00e9e.<br>Hommes et femmes de m\u00e9dias ont \u00e9t\u00e9 \u00e9galement form\u00e9s sur les causes et cons\u00e9quences des carences en micronutriments, la probl\u00e9matique du contr\u00f4le des aliments fortifi\u00e9s au Burkina, le cadre juridique r\u00e9glementaire et l\u00e9gislatif en mati\u00e8re de fortification des aliments de grande consommation.<br><\/p>\n\n\n\n<figure class=\"wp-block-image size-large\"><img loading=\"lazy\" decoding=\"async\" width=\"1024\" height=\"683\" src=\"https:\/\/www.sante-pourtous.net\/wp-content\/uploads\/2023\/11\/Sans-titre6-1024x683.jpg\" alt=\"\" class=\"wp-image-680\" srcset=\"https:\/\/www.sante-pourtous.net\/wp-content\/uploads\/2023\/11\/Sans-titre6-1024x683.jpg 1024w, https:\/\/www.sante-pourtous.net\/wp-content\/uploads\/2023\/11\/Sans-titre6-300x200.jpg 300w, https:\/\/www.sante-pourtous.net\/wp-content\/uploads\/2023\/11\/Sans-titre6-768x512.jpg 768w, https:\/\/www.sante-pourtous.net\/wp-content\/uploads\/2023\/11\/Sans-titre6-450x300.jpg 450w, https:\/\/www.sante-pourtous.net\/wp-content\/uploads\/2023\/11\/Sans-titre6-310x207.jpg 310w, https:\/\/www.sante-pourtous.net\/wp-content\/uploads\/2023\/11\/Sans-titre6-150x100.jpg 150w, https:\/\/www.sante-pourtous.net\/wp-content\/uploads\/2023\/11\/Sans-titre6.jpg 1080w\" sizes=\"auto, (max-width: 1024px) 100vw, 1024px\" \/><\/figure>\n\n\n\n<p>A l\u2019issu des \u00e9changes, une feuille de route et des messages cl\u00e9s ont \u00e9t\u00e9 \u00e9labor\u00e9s pour la promotion de la fortification au Burkina Faso. Les participants n&rsquo;ont pas manqu\u00e9 de souligner la plus value d&rsquo;un tel atelier, et s&rsquo;engagent \u00e0 mettre les connaissances acquises durant ces trois jours de formation au profit des populations. <em>\u201cNous avons appris qu&rsquo;il ne fallait pas consommer les aliments de fa\u00e7on disparate. Nous devons v\u00e9rifier qu&rsquo;ils soiznt fortifi\u00e9s ou qu&rsquo;ils contienent les nutriments dont notre corps a besoin. A l&rsquo;issu de cette formation nous pouvons r\u00e9percuter ce que nous avons appris \u00e0 la soci\u00e9t\u00e9\u00a0\u00bb<\/em>, a confi\u00e9 Adama Salemb\u00e9r\u00e9, journaliste \u00e0 l\u2019Agence d\u2019information d Burkina.<br><\/p>\n\n\n\n<figure class=\"wp-block-image size-large\"><img loading=\"lazy\" decoding=\"async\" width=\"1024\" height=\"683\" src=\"https:\/\/www.sante-pourtous.net\/wp-content\/uploads\/2023\/11\/Sans-titre7-1024x683.jpg\" alt=\"\" class=\"wp-image-679\" srcset=\"https:\/\/www.sante-pourtous.net\/wp-content\/uploads\/2023\/11\/Sans-titre7-1024x683.jpg 1024w, https:\/\/www.sante-pourtous.net\/wp-content\/uploads\/2023\/11\/Sans-titre7-300x200.jpg 300w, https:\/\/www.sante-pourtous.net\/wp-content\/uploads\/2023\/11\/Sans-titre7-768x512.jpg 768w, https:\/\/www.sante-pourtous.net\/wp-content\/uploads\/2023\/11\/Sans-titre7-450x300.jpg 450w, https:\/\/www.sante-pourtous.net\/wp-content\/uploads\/2023\/11\/Sans-titre7-310x207.jpg 310w, https:\/\/www.sante-pourtous.net\/wp-content\/uploads\/2023\/11\/Sans-titre7-150x100.jpg 150w, https:\/\/www.sante-pourtous.net\/wp-content\/uploads\/2023\/11\/Sans-titre7.jpg 1080w\" sizes=\"auto, (max-width: 1024px) 100vw, 1024px\" \/><\/figure>\n\n\n\n<p>L\u2019atelier s\u2019est achev\u00e9 par une visite du grand moulin de M\u00ea et de la Soci\u00e9t\u00e9 Nationale Huilerie et Savonnerie (SN-Citec). Une occasion pour les journalistes de constater de visu le processus de fortification des produits issus de ces deux usines.<br><\/p>\n\n\n\n<p><strong><em>Farida Sawadogo<\/em><\/strong><\/p>\n","protected":false},"excerpt":{"rendered":"<p>Une quarantaine de professionels de m\u00e9dias, issus des diff\u00e9rentes r\u00e9gions du Burkina Faso ont \u00e9t\u00e9 outill\u00e9s sur la n\u00e9cessit\u00e9 de consommer les aliments fortifies par le Club des Journalistes et Communicateurs pour la Nutrition et la S\u00e9curit\u00e9 Alimentaire (CJCN-SA). L\u2019obectif de cette session de renforcement de capacit\u00e9s de ces hommes et femmes des m\u00e9dias tenue<\/p>\n","protected":false},"author":3,"featured_media":676,"comment_status":"open","ping_status":"open","sticky":false,"template":"","format":"standard","meta":{"footnotes":""},"categories":[3,6,14,5],"tags":[],"class_list":["post-674","post","type-post","status-publish","format-standard","has-post-thumbnail","hentry","category-actualite","category-alimentation","category-nutrition","category-sante"],"_links":{"self":[{"href":"https:\/\/www.sante-pourtous.net\/index.php?rest_route=\/wp\/v2\/posts\/674","targetHints":{"allow":["GET"]}}],"collection":[{"href":"https:\/\/www.sante-pourtous.net\/index.php?rest_route=\/wp\/v2\/posts"}],"about":[{"href":"https:\/\/www.sante-pourtous.net\/index.php?rest_route=\/wp\/v2\/types\/post"}],"author":[{"embeddable":true,"href":"https:\/\/www.sante-pourtous.net\/index.php?rest_route=\/wp\/v2\/users\/3"}],"replies":[{"embeddable":true,"href":"https:\/\/www.sante-pourtous.net\/index.php?rest_route=%2Fwp%2Fv2%2Fcomments&post=674"}],"version-history":[{"count":1,"href":"https:\/\/www.sante-pourtous.net\/index.php?rest_route=\/wp\/v2\/posts\/674\/revisions"}],"predecessor-version":[{"id":682,"href":"https:\/\/www.sante-pourtous.net\/index.php?rest_route=\/wp\/v2\/posts\/674\/revisions\/682"}],"wp:featuredmedia":[{"embeddable":true,"href":"https:\/\/www.sante-pourtous.net\/index.php?rest_route=\/wp\/v2\/media\/676"}],"wp:attachment":[{"href":"https:\/\/www.sante-pourtous.net\/index.php?rest_route=%2Fwp%2Fv2%2Fmedia&parent=674"}],"wp:term":[{"taxonomy":"category","embeddable":true,"href":"https:\/\/www.sante-pourtous.net\/index.php?rest_route=%2Fwp%2Fv2%2Fcategories&post=674"},{"taxonomy":"post_tag","embeddable":true,"href":"https:\/\/www.sante-pourtous.net\/index.php?rest_route=%2Fwp%2Fv2%2Ftags&post=674"}],"curies":[{"name":"wp","href":"https:\/\/api.w.org\/{rel}","templated":true}]}}