{"id":703,"date":"2023-12-06T16:06:51","date_gmt":"2023-12-06T16:06:51","guid":{"rendered":"https:\/\/www.sante-pourtous.net\/?p=703"},"modified":"2023-12-06T16:06:52","modified_gmt":"2023-12-06T16:06:52","slug":"medias-impact-tv-fait-sa-rentree-televisuelle-et-lance-loperation-coup-de-coeur-en-faveur-des-veuves-et-orphelins","status":"publish","type":"post","link":"https:\/\/www.sante-pourtous.net\/?p=703","title":{"rendered":"M\u00e9dias : Impact TV fait sa rentr\u00e9e t\u00e9l\u00e9visuelle et lance l\u2019op\u00e9ration \u00ab Coup de c\u0153ur \u00bb en faveur des veuves et orphelins"},"content":{"rendered":"\n<p><strong><em>A l\u2019occasion de sa 3\u00e8 rentr\u00e9e t\u00e9l\u00e9visuelle, l\u2019\u00e9quipe de la T\u00e9l\u00e9vision Impact TV avec \u00e0 sa t\u00eate son Directeur g\u00e9n\u00e9ral Edmond Coulibaly a anim\u00e9 un point de presse. C\u2019\u00e9tait ce 5 d\u00e9cembre 2023 dans les locaux de la t\u00e9l\u00e9vision \u00e0 Ouagadougou. Cette ann\u00e9e encore, \u201cLa t\u00e9l\u00e9vision du royaume des cieux \u00bb lance son op\u00e9ration \u00ab Coup de c\u0153ur \u00bb en faveur des veuves et orphelins<\/em><\/strong><\/p>\n\n\n\n<p>Apparue dans le paysage m\u00e9diatique burkinab\u00e8 en 2010, la chaine confessionnelle \u00e9met sur la bande UHF sur 511.25 Mhz depuis le 19 juin 2010 et sur Satellite dans 43 pays d\u2019Afrique. <em>\u201cLa t\u00e9l\u00e9vision du royaume des cieux \u00bb<\/em> \u00e9met en continue (24H\/24) \u00e0 travers un programme diversifi\u00e9 et touchant les diff\u00e9rentes cat\u00e9gories d\u2019\u00e2ge, socioprofessionnelles.<br><\/p>\n\n\n\n<p>Ce point de presse a servi de cadre \u00e0 Edmond Coulibaly, Directeur g\u00e9n\u00e9ral de Impact TV, de faire le point des acquis de l\u2019ann\u00e9e t\u00e9l\u00e9visuelle \u00e9coul\u00e9e. <em>\u00ab L\u2019ann\u00e9e qui vient de s\u2019\u00e9couler a vu le lancement de nouvelles \u00e9missions sur sa grille de programme \u00e0 travers des productions propres et celles des partenaires. \u00bb<\/em><br>De plus, la chaine confessionnelle s\u2019est ouverte au monde \u00e0 travers des \u00e9missions bien plus diversifi\u00e9es : <em>\u00ab Impact TV est certes une cha\u00eene confessionnelle, mais selon la vision du promoteur, nous n\u2019avons pas voulu nous limiter \u00e0 notre raison d\u2019existence. Nous avons voulu ratisser large en faisant des \u00e9missions qui concernent tout le monde, donc des \u00e9missions de cuisine, de sport, sur la sant\u00e9 et nous pensons qu\u2019\u00e0 travers ce savent dosage, nous allons accroitre notre audience \u00bb,<\/em> a soulign\u00e9 le directeur.<br>L\u2019une des actions phare de l\u2019ann\u00e9e \u00e9coul\u00e9e est l\u2019op\u00e9ration <em>\u00ab Coup de c\u0153ur \u00bb<\/em> qui a permis de collecter pr\u00eat de 15 millions de francs CFA au profit des personnes d\u00e9plac\u00e9es internes.<br><\/p>\n\n\n\n<figure class=\"wp-block-image size-large\"><img loading=\"lazy\" decoding=\"async\" width=\"1024\" height=\"768\" src=\"https:\/\/www.sante-pourtous.net\/wp-content\/uploads\/2023\/12\/IMPACT-2-1024x768.jpg\" alt=\"\" class=\"wp-image-705\" srcset=\"https:\/\/www.sante-pourtous.net\/wp-content\/uploads\/2023\/12\/IMPACT-2-1024x768.jpg 1024w, https:\/\/www.sante-pourtous.net\/wp-content\/uploads\/2023\/12\/IMPACT-2-300x225.jpg 300w, https:\/\/www.sante-pourtous.net\/wp-content\/uploads\/2023\/12\/IMPACT-2-768x576.jpg 768w, https:\/\/www.sante-pourtous.net\/wp-content\/uploads\/2023\/12\/IMPACT-2-400x300.jpg 400w, https:\/\/www.sante-pourtous.net\/wp-content\/uploads\/2023\/12\/IMPACT-2-310x233.jpg 310w, https:\/\/www.sante-pourtous.net\/wp-content\/uploads\/2023\/12\/IMPACT-2-140x105.jpg 140w, https:\/\/www.sante-pourtous.net\/wp-content\/uploads\/2023\/12\/IMPACT-2.jpg 1040w\" sizes=\"auto, (max-width: 1024px) 100vw, 1024px\" \/><\/figure>\n\n\n\n<p><strong><em>Le<\/em><\/strong> <strong><em>Directeur g\u00e9n\u00e9ral Edmond Coulibaly<\/em><\/strong> <em><strong>(au milieu)<\/strong><\/em><\/p>\n\n\n\n<p>Pour cette ann\u00e9e, l\u2019action est r\u00e9it\u00e9r\u00e9e en faveur des veuves et des orphelins des forces de d\u00e9fense et de s\u00e9curit\u00e9 et des volontaires de d\u00e9fense pour la patrie. Lanc\u00e9e le 20 novembre dernier, le comit\u00e9 esp\u00e8re mobiliser bien plus que l\u2019ann\u00e9e derni\u00e8re. Des contributions en nature sont \u00e9galement attendues selon toujours M. Coulibaly.<br><\/p>\n\n\n\n<p>En cette 3\u00e8 rentr\u00e9e t\u00e9l\u00e9visuelle plac\u00e9e sous le signe de la consolidation des acquis, <em>\u201cle d\u00e9fi majeur est de rendre les nouvelles \u00e9missions p\u00e9rennes dans le temps \u00bb<\/em> a indiqu\u00e9 le directeur g\u00e9n\u00e9ral. <em>\u00ab Il s\u2019agit pour Impact TV de poursuivre la dynamique en apportant un l\u00e9ger r\u00e9am\u00e9nagement \u00e0 la grille de programme avec de nouvelles \u00e9missions \u00e0 retrouver bient\u00f4t sur les \u00e9crans \u00bb<\/em>, a-t-il ajout\u00e9. L\u2019accent est ainsi mis sur le renforcement de capacit\u00e9 des acquis de l\u2019ann\u00e9e \u00e9coul\u00e9e et de r\u00e9\u00e9diter l\u2019op\u00e9ration coup de c\u0153ur.<br>L\u2019occasion est saisie pour r\u00e9it\u00e9rer ces remerciements \u00e0 l\u2019endroit du promoteur, le Pasteur Mamadou Karambiri et son \u00e9pouse, ainsi qu\u2019\u00e0 l\u2019endroit des partenaires et t\u00e9l\u00e9spectateurs pour leur soutient multiforme.<br><\/p>\n\n\n\n<p>L\u2019op\u00e9ration coup de c\u0153ur en faveur des veuves et orphelins se poursuit jusqu\u2019en fin d\u00e9cembre 2023 et les contributions en num\u00e9raire se font via <strong>orange money au 65 33 88 55<\/strong> et via <strong>mobicash au 72 21 63 63<\/strong>. Les contributions en nature sont re\u00e7ues au si\u00e8ge d\u2019Impact TV.<br><\/p>\n\n\n\n<p><strong><em>Farida Sawadogo<\/em><\/strong><\/p>\n","protected":false},"excerpt":{"rendered":"<p>A l\u2019occasion de sa 3\u00e8 rentr\u00e9e t\u00e9l\u00e9visuelle, l\u2019\u00e9quipe de la T\u00e9l\u00e9vision Impact TV avec \u00e0 sa t\u00eate son Directeur g\u00e9n\u00e9ral Edmond Coulibaly a anim\u00e9 un point de presse. C\u2019\u00e9tait ce 5 d\u00e9cembre 2023 dans les locaux de la t\u00e9l\u00e9vision \u00e0 Ouagadougou. Cette ann\u00e9e encore, \u201cLa t\u00e9l\u00e9vision du royaume des cieux \u00bb lance son op\u00e9ration \u00ab<\/p>\n","protected":false},"author":3,"featured_media":704,"comment_status":"open","ping_status":"open","sticky":false,"template":"","format":"standard","meta":{"footnotes":""},"categories":[3],"tags":[],"class_list":["post-703","post","type-post","status-publish","format-standard","has-post-thumbnail","hentry","category-actualite"],"_links":{"self":[{"href":"https:\/\/www.sante-pourtous.net\/index.php?rest_route=\/wp\/v2\/posts\/703","targetHints":{"allow":["GET"]}}],"collection":[{"href":"https:\/\/www.sante-pourtous.net\/index.php?rest_route=\/wp\/v2\/posts"}],"about":[{"href":"https:\/\/www.sante-pourtous.net\/index.php?rest_route=\/wp\/v2\/types\/post"}],"author":[{"embeddable":true,"href":"https:\/\/www.sante-pourtous.net\/index.php?rest_route=\/wp\/v2\/users\/3"}],"replies":[{"embeddable":true,"href":"https:\/\/www.sante-pourtous.net\/index.php?rest_route=%2Fwp%2Fv2%2Fcomments&post=703"}],"version-history":[{"count":1,"href":"https:\/\/www.sante-pourtous.net\/index.php?rest_route=\/wp\/v2\/posts\/703\/revisions"}],"predecessor-version":[{"id":706,"href":"https:\/\/www.sante-pourtous.net\/index.php?rest_route=\/wp\/v2\/posts\/703\/revisions\/706"}],"wp:featuredmedia":[{"embeddable":true,"href":"https:\/\/www.sante-pourtous.net\/index.php?rest_route=\/wp\/v2\/media\/704"}],"wp:attachment":[{"href":"https:\/\/www.sante-pourtous.net\/index.php?rest_route=%2Fwp%2Fv2%2Fmedia&parent=703"}],"wp:term":[{"taxonomy":"category","embeddable":true,"href":"https:\/\/www.sante-pourtous.net\/index.php?rest_route=%2Fwp%2Fv2%2Fcategories&post=703"},{"taxonomy":"post_tag","embeddable":true,"href":"https:\/\/www.sante-pourtous.net\/index.php?rest_route=%2Fwp%2Fv2%2Ftags&post=703"}],"curies":[{"name":"wp","href":"https:\/\/api.w.org\/{rel}","templated":true}]}}