{"id":730,"date":"2023-12-21T21:04:54","date_gmt":"2023-12-21T21:04:54","guid":{"rendered":"https:\/\/www.sante-pourtous.net\/?p=730"},"modified":"2023-12-21T21:04:56","modified_gmt":"2023-12-21T21:04:56","slug":"sante-dr-nedie-nao-aux-commandes-de-lordre-des-pharmaciens-du-burkina-faso","status":"publish","type":"post","link":"https:\/\/www.sante-pourtous.net\/?p=730","title":{"rendered":"Sant\u00e9 : Dr N\u00e9di\u00e9 Nao aux commandes de l&rsquo;Ordre des pharmaciens du Burkina Faso"},"content":{"rendered":"\n<p><strong><em>Le Docteur N\u00e9di\u00e9 Nao est le d\u00e9sormais president de l\u2019ordre des pharmaciens du Burkina Faso. Il a \u00e9t\u00e9 install\u00e9 dans ses fonctions ce jeudi 21 d\u00e9cembre 2023 sous l\u2019oeil vigilant du Dr Robert Lucien Jean Claude Kargougou, ministre de la Sant\u00e9 et de l&rsquo;Hygi\u00e8ne publique.<\/em><\/strong><\/p>\n\n\n\n<p>Elu \u00e0 la t\u00eate de l\u2019institution le 3 novembre dernier, le Docteur N\u00e9di\u00e9 Nao succ\u00e8de ainsi \u00e0 son homologue Alfred Sandouidi, d\u00e9tenteur du prestigieux prix de la pharmacie francophone 2023 d\u00e9cern\u00e9 par l&rsquo;Acad\u00e9mie nationale de la pharmacie de France.<br><\/p>\n\n\n\n<figure class=\"wp-block-image size-large\"><img loading=\"lazy\" decoding=\"async\" width=\"1024\" height=\"768\" src=\"https:\/\/www.sante-pourtous.net\/wp-content\/uploads\/2023\/12\/P3-1024x768.jpg\" alt=\"\" class=\"wp-image-733\" srcset=\"https:\/\/www.sante-pourtous.net\/wp-content\/uploads\/2023\/12\/P3-1024x768.jpg 1024w, https:\/\/www.sante-pourtous.net\/wp-content\/uploads\/2023\/12\/P3-300x225.jpg 300w, https:\/\/www.sante-pourtous.net\/wp-content\/uploads\/2023\/12\/P3-768x576.jpg 768w, https:\/\/www.sante-pourtous.net\/wp-content\/uploads\/2023\/12\/P3-400x300.jpg 400w, https:\/\/www.sante-pourtous.net\/wp-content\/uploads\/2023\/12\/P3-310x233.jpg 310w, https:\/\/www.sante-pourtous.net\/wp-content\/uploads\/2023\/12\/P3-140x105.jpg 140w, https:\/\/www.sante-pourtous.net\/wp-content\/uploads\/2023\/12\/P3.jpg 1040w\" sizes=\"auto, (max-width: 1024px) 100vw, 1024px\" \/><\/figure>\n\n\n\n<p><strong><em>Docteur N\u00e9di\u00e9 Nao, pr\u00e9sident de l&rsquo;Ordre des pharmaciens du Burkina Faso<\/em><\/strong><\/p>\n\n\n\n<p>Dans un discours empreint de gratitude et de reconnaissance envers son pr\u00e9d\u00e9cesseur, le nouveau pr\u00e9sident de l\u2019ordre a fait remarquer l&rsquo;excellent travail accompli par l&rsquo;\u00e9quipe sortante. Le tout nouveau pr\u00e9sident s&rsquo;est engag\u00e9 \u00e0 poursuivre les actions en cours et \u00e0 entreprendre les r\u00e9formes n\u00e9cessaires pour accomplir les missions cruciales de l&rsquo;ordre. Il a promis de travailler ardemment \u00e0 la mise en \u0153uvre des perspectives et invite son \u00e9quipe \u00e0 faire preuve de courage et de disponibilit\u00e9 pour relever les nombreux d\u00e9fis qui se pr\u00e9sentent.<br><\/p>\n\n\n\n<figure class=\"wp-block-image size-large\"><img loading=\"lazy\" decoding=\"async\" width=\"1024\" height=\"768\" src=\"https:\/\/www.sante-pourtous.net\/wp-content\/uploads\/2023\/12\/P5-1024x768.jpg\" alt=\"\" class=\"wp-image-735\" srcset=\"https:\/\/www.sante-pourtous.net\/wp-content\/uploads\/2023\/12\/P5-1024x768.jpg 1024w, https:\/\/www.sante-pourtous.net\/wp-content\/uploads\/2023\/12\/P5-300x225.jpg 300w, https:\/\/www.sante-pourtous.net\/wp-content\/uploads\/2023\/12\/P5-768x576.jpg 768w, https:\/\/www.sante-pourtous.net\/wp-content\/uploads\/2023\/12\/P5-400x300.jpg 400w, https:\/\/www.sante-pourtous.net\/wp-content\/uploads\/2023\/12\/P5-310x233.jpg 310w, https:\/\/www.sante-pourtous.net\/wp-content\/uploads\/2023\/12\/P5-140x105.jpg 140w, https:\/\/www.sante-pourtous.net\/wp-content\/uploads\/2023\/12\/P5.jpg 1040w\" sizes=\"auto, (max-width: 1024px) 100vw, 1024px\" \/><figcaption class=\"wp-element-caption\"><strong><em>Docteur Alfred Sandouidi, pr\u00e9sident sortant<\/em><\/strong><\/figcaption><\/figure>\n\n\n\n<p>Pour sa part, le Dr Alfred Sandouidi, pr\u00e9sident sortant, a exprim\u00e9 ses f\u00e9licitations au nouveau pr\u00e9sident et son \u00e9quipe. \u201cEnsemble, mon \u00e9quipe et moi avons fa\u00e7onn\u00e9 la vision d&rsquo;un ordre des pharmaciens moderne et innovant au service des populations\u201d, a fait remarquer M Sandouidi.<br><\/p>\n\n\n\n<figure class=\"wp-block-image size-large\"><img loading=\"lazy\" decoding=\"async\" width=\"1024\" height=\"768\" src=\"https:\/\/www.sante-pourtous.net\/wp-content\/uploads\/2023\/12\/P4-1024x768.jpg\" alt=\"\" class=\"wp-image-734\" srcset=\"https:\/\/www.sante-pourtous.net\/wp-content\/uploads\/2023\/12\/P4-1024x768.jpg 1024w, https:\/\/www.sante-pourtous.net\/wp-content\/uploads\/2023\/12\/P4-300x225.jpg 300w, https:\/\/www.sante-pourtous.net\/wp-content\/uploads\/2023\/12\/P4-768x576.jpg 768w, https:\/\/www.sante-pourtous.net\/wp-content\/uploads\/2023\/12\/P4-400x300.jpg 400w, https:\/\/www.sante-pourtous.net\/wp-content\/uploads\/2023\/12\/P4-310x233.jpg 310w, https:\/\/www.sante-pourtous.net\/wp-content\/uploads\/2023\/12\/P4-140x105.jpg 140w, https:\/\/www.sante-pourtous.net\/wp-content\/uploads\/2023\/12\/P4.jpg 1040w\" sizes=\"auto, (max-width: 1024px) 100vw, 1024px\" \/><figcaption class=\"wp-element-caption\"><strong><em>Dr Robert Lucien Jean Claude Kargougou, ministre de la Sant\u00e9 et de l&rsquo;Hygi\u00e8ne publique<\/em><\/strong><\/figcaption><\/figure>\n\n\n\n<p>Compos\u00e9 de 14 conseillers d\u00e9vou\u00e9s, le nouveau Conseil national de l&rsquo;Ordre des pharmaciens du Burkina s&rsquo;appr\u00eate \u00e0 \u00e9crire un nouveau chapitre de l&rsquo;histoire de la pharmacie au pays des Hommes int\u00e8gres, mettant l&rsquo;accent sur l&rsquo;innovation, la responsabilit\u00e9 et le service public.<\/p>\n\n\n\n<figure class=\"wp-block-image size-full\"><img loading=\"lazy\" decoding=\"async\" width=\"887\" height=\"776\" src=\"https:\/\/www.sante-pourtous.net\/wp-content\/uploads\/2023\/12\/P1.jpg\" alt=\"\" class=\"wp-image-731\" srcset=\"https:\/\/www.sante-pourtous.net\/wp-content\/uploads\/2023\/12\/P1.jpg 887w, https:\/\/www.sante-pourtous.net\/wp-content\/uploads\/2023\/12\/P1-300x262.jpg 300w, https:\/\/www.sante-pourtous.net\/wp-content\/uploads\/2023\/12\/P1-768x672.jpg 768w, https:\/\/www.sante-pourtous.net\/wp-content\/uploads\/2023\/12\/P1-343x300.jpg 343w, https:\/\/www.sante-pourtous.net\/wp-content\/uploads\/2023\/12\/P1-310x271.jpg 310w, https:\/\/www.sante-pourtous.net\/wp-content\/uploads\/2023\/12\/P1-120x105.jpg 120w\" sizes=\"auto, (max-width: 887px) 100vw, 887px\" \/><figcaption class=\"wp-element-caption\"><strong><em>Quelques partenaires et sponsors honor\u00e9s<\/em><\/strong><\/figcaption><\/figure>\n\n\n\n<p>Ce fut l&rsquo;occasion pour le Conseil national de l&rsquo;ordre des pharmaciens du Burkina de remercier ses diff\u00e9rents partenaires et sponsors \u00e0 travers une remise de troph\u00e9es.<br><\/p>\n\n\n\n<p><strong><em>Farida Sawadogo<\/em><\/strong><\/p>\n","protected":false},"excerpt":{"rendered":"<p>Le Docteur N\u00e9di\u00e9 Nao est le d\u00e9sormais president de l\u2019ordre des pharmaciens du Burkina Faso. Il a \u00e9t\u00e9 install\u00e9 dans ses fonctions ce jeudi 21 d\u00e9cembre 2023 sous l\u2019oeil vigilant du Dr Robert Lucien Jean Claude Kargougou, ministre de la Sant\u00e9 et de l&rsquo;Hygi\u00e8ne publique. Elu \u00e0 la t\u00eate de l\u2019institution le 3 novembre dernier,<\/p>\n","protected":false},"author":3,"featured_media":732,"comment_status":"open","ping_status":"open","sticky":false,"template":"","format":"standard","meta":{"footnotes":""},"categories":[3,5],"tags":[],"class_list":["post-730","post","type-post","status-publish","format-standard","has-post-thumbnail","hentry","category-actualite","category-sante"],"_links":{"self":[{"href":"https:\/\/www.sante-pourtous.net\/index.php?rest_route=\/wp\/v2\/posts\/730","targetHints":{"allow":["GET"]}}],"collection":[{"href":"https:\/\/www.sante-pourtous.net\/index.php?rest_route=\/wp\/v2\/posts"}],"about":[{"href":"https:\/\/www.sante-pourtous.net\/index.php?rest_route=\/wp\/v2\/types\/post"}],"author":[{"embeddable":true,"href":"https:\/\/www.sante-pourtous.net\/index.php?rest_route=\/wp\/v2\/users\/3"}],"replies":[{"embeddable":true,"href":"https:\/\/www.sante-pourtous.net\/index.php?rest_route=%2Fwp%2Fv2%2Fcomments&post=730"}],"version-history":[{"count":1,"href":"https:\/\/www.sante-pourtous.net\/index.php?rest_route=\/wp\/v2\/posts\/730\/revisions"}],"predecessor-version":[{"id":736,"href":"https:\/\/www.sante-pourtous.net\/index.php?rest_route=\/wp\/v2\/posts\/730\/revisions\/736"}],"wp:featuredmedia":[{"embeddable":true,"href":"https:\/\/www.sante-pourtous.net\/index.php?rest_route=\/wp\/v2\/media\/732"}],"wp:attachment":[{"href":"https:\/\/www.sante-pourtous.net\/index.php?rest_route=%2Fwp%2Fv2%2Fmedia&parent=730"}],"wp:term":[{"taxonomy":"category","embeddable":true,"href":"https:\/\/www.sante-pourtous.net\/index.php?rest_route=%2Fwp%2Fv2%2Fcategories&post=730"},{"taxonomy":"post_tag","embeddable":true,"href":"https:\/\/www.sante-pourtous.net\/index.php?rest_route=%2Fwp%2Fv2%2Ftags&post=730"}],"curies":[{"name":"wp","href":"https:\/\/api.w.org\/{rel}","templated":true}]}}