{"id":779,"date":"2023-12-30T06:10:19","date_gmt":"2023-12-30T06:10:19","guid":{"rendered":"https:\/\/www.sante-pourtous.net\/?p=779"},"modified":"2023-12-30T07:27:26","modified_gmt":"2023-12-30T07:27:26","slug":"gouvernance-locale-bagassi-founzan-et-pa-des-communes-ecole-dans-le-controle-citoyen-de-laction-publique","status":"publish","type":"post","link":"https:\/\/www.sante-pourtous.net\/?p=779","title":{"rendered":"Gouvernance locale : Bagassi, Founzan et P\u00e2, des communes \u00e9cole dans le contr\u00f4le citoyen de l\u2019action publique"},"content":{"rendered":"\n<p><strong><em>Bagassi, Founzan et P\u00e2, sont des cas d\u2019\u00e9cole dans le contr\u00f4le citoyen de l\u2019action publique tout en accompagnant leur commune respective dans la d\u00e9livrance des services publics de qualit\u00e9 au b\u00e9n\u00e9fice des populations. C\u2019est du moins ce qui ressort des r\u00e9sultats du projet \u00ab Renforcement de la redevabilit\u00e9, de l\u2019engagement et de l\u2019influence citoyenne dans le processus de gouvernance locale \u00bb mis en \u0153uvre par le Centre d\u2019Etude et de Recherche Appliqu\u00e9e en Finance Publique (CERA-FP). Lesquels r\u00e9sultats ont \u00e9t\u00e9 rendus publique ce vendredi 29 d\u00e9cembre 2023 \u00e0 Ouagadougou.<\/em><\/strong><\/p>\n\n\n\n<p>La participation des citoyens \u00e0 la gestion des affaires publiques appara\u00eet d\u00e9sormais comme une n\u00e9cessit\u00e9 dans la conception, l\u2019\u00e9laboration et la mise en \u0153uvre des politiques publiques. Pour r\u00e9pondre \u00e0 cette nouvelle exigence de suivi-\u00e9valuation, le CERA-FP avec l\u2019appui financier de l\u2019Ambassade royale du Danemark a mis en \u0153uvre le projet \u00ab Renforcement de la redevabilit\u00e9, de l\u2019engagement et de l\u2019influence citoyenne dans le processus de gouvernance locale \u00bb. Apr\u00e8s deux ann\u00e9es d\u2019ex\u00e9cution de cette nouvelle approche dans la gouvernance locale, les r\u00e9sultats sont satisfaisants selon les diff\u00e9rents acteurs.<\/p>\n\n\n\n<figure class=\"wp-block-image size-large\"><img loading=\"lazy\" decoding=\"async\" width=\"1024\" height=\"461\" src=\"https:\/\/www.sante-pourtous.net\/wp-content\/uploads\/2023\/12\/CERA-2-1024x461.jpg\" alt=\"\" class=\"wp-image-784\" srcset=\"https:\/\/www.sante-pourtous.net\/wp-content\/uploads\/2023\/12\/CERA-2-1024x461.jpg 1024w, https:\/\/www.sante-pourtous.net\/wp-content\/uploads\/2023\/12\/CERA-2-300x135.jpg 300w, https:\/\/www.sante-pourtous.net\/wp-content\/uploads\/2023\/12\/CERA-2-768x346.jpg 768w, https:\/\/www.sante-pourtous.net\/wp-content\/uploads\/2023\/12\/CERA-2-1536x691.jpg 1536w, https:\/\/www.sante-pourtous.net\/wp-content\/uploads\/2023\/12\/CERA-2-2048x922.jpg 2048w, https:\/\/www.sante-pourtous.net\/wp-content\/uploads\/2023\/12\/CERA-2-650x293.jpg 650w, https:\/\/www.sante-pourtous.net\/wp-content\/uploads\/2023\/12\/CERA-2-310x140.jpg 310w, https:\/\/www.sante-pourtous.net\/wp-content\/uploads\/2023\/12\/CERA-2-150x68.jpg 150w\" sizes=\"auto, (max-width: 1024px) 100vw, 1024px\" \/><\/figure>\n\n\n\n<p>En outre, l\u2019engagement des autorit\u00e9s locales pour plus de transparence dans la gestion des ressources locales, la bonne mobilisation et l\u2019enthousiasme de l\u2019ensemble des acteurs \u00e0 travailler \u00ab main dans la main \u00bb pour le d\u00e9veloppement de leurs communes, ne peut qu\u2019\u00eatre b\u00e9n\u00e9fique pour toute la communaut\u00e9. \u00ab Ce qui constitue un pas de g\u00e9ant franchi vers la culture de la gouvernance participative dans les collectivit\u00e9s territoriales \u00bb, selon Lina Gnoumou, charg\u00e9e de programme au CERA-FP.<\/p>\n\n\n\n<figure class=\"wp-block-video\"><video height=\"480\" style=\"aspect-ratio: 854 \/ 480;\" width=\"854\" autoplay src=\"https:\/\/www.sante-pourtous.net\/wp-content\/uploads\/2023\/12\/LINA-1.mp4\"><\/video><\/figure>\n\n\n\n<p>En effet, les fonds allou\u00e9s aux secteurs sociaux de base font d\u00e9sormais l\u2019objet d\u2019une attention particuli\u00e8re par les membres des Comit\u00e9s de Veille Citoyen (CVC), repr\u00e9sentant \u00ab les yeux et les oreilles \u00bb de la population. Lina Gnoumou en veut pour preuve, l\u2019exemple du CVC de P\u00e2 qui a \u0153uvr\u00e9 pour des am\u00e9liorations consid\u00e9rables dans la r\u00e9alisation et la gestion collective de plusieurs infrastructures dans la localit\u00e9.<\/p>\n\n\n\n<figure class=\"wp-block-video\"><video height=\"480\" style=\"aspect-ratio: 854 \/ 480;\" width=\"854\" controls src=\"https:\/\/www.sante-pourtous.net\/wp-content\/uploads\/2023\/12\/PA.mp4\"><\/video><\/figure>\n\n\n\n<p>Les r\u00e9sultats obtenus peuvent \u00eatre am\u00e9lior\u00e9s selon le CERA-FP, mais constituent d\u00e9j\u00e0 un bilan satisfaisant et un grand pas vers la gestion transparente et efficace des ressources publiques des communes. Des difficult\u00e9s certes ont \u00e9maill\u00e9 la mise en \u0153uvre du projet, mais un parcours int\u00e9ressant a \u00e9t\u00e9 fait et les diff\u00e9rents acteurs en sont satisfait.<\/p>\n\n\n\n<figure class=\"wp-block-image size-large\"><img loading=\"lazy\" decoding=\"async\" width=\"1024\" height=\"461\" src=\"https:\/\/www.sante-pourtous.net\/wp-content\/uploads\/2023\/12\/CERA-3-1024x461.jpg\" alt=\"\" class=\"wp-image-783\" srcset=\"https:\/\/www.sante-pourtous.net\/wp-content\/uploads\/2023\/12\/CERA-3-1024x461.jpg 1024w, https:\/\/www.sante-pourtous.net\/wp-content\/uploads\/2023\/12\/CERA-3-300x135.jpg 300w, https:\/\/www.sante-pourtous.net\/wp-content\/uploads\/2023\/12\/CERA-3-768x346.jpg 768w, https:\/\/www.sante-pourtous.net\/wp-content\/uploads\/2023\/12\/CERA-3-1536x691.jpg 1536w, https:\/\/www.sante-pourtous.net\/wp-content\/uploads\/2023\/12\/CERA-3-2048x922.jpg 2048w, https:\/\/www.sante-pourtous.net\/wp-content\/uploads\/2023\/12\/CERA-3-650x293.jpg 650w, https:\/\/www.sante-pourtous.net\/wp-content\/uploads\/2023\/12\/CERA-3-310x140.jpg 310w, https:\/\/www.sante-pourtous.net\/wp-content\/uploads\/2023\/12\/CERA-3-150x68.jpg 150w\" sizes=\"auto, (max-width: 1024px) 100vw, 1024px\" \/><\/figure>\n\n\n\n<p>En rappel, le CERA-FP \u0153uvre pour des politiques sociales et \u00e9conomiques orient\u00e9es sur la satisfaction des besoins des communaut\u00e9s qui devront se mat\u00e9rialiser par une fourniture de biens et services sociaux de base de qualit\u00e9.<\/p>\n","protected":false},"excerpt":{"rendered":"<p>Bagassi, Founzan et P\u00e2, sont des cas d\u2019\u00e9cole dans le contr\u00f4le citoyen de l\u2019action publique tout en accompagnant leur commune respective dans la d\u00e9livrance des services publics de qualit\u00e9 au b\u00e9n\u00e9fice des populations. C\u2019est du moins ce qui ressort des r\u00e9sultats du projet \u00ab Renforcement de la redevabilit\u00e9, de l\u2019engagement et de l\u2019influence citoyenne dans<\/p>\n","protected":false},"author":3,"featured_media":780,"comment_status":"open","ping_status":"open","sticky":false,"template":"","format":"standard","meta":{"footnotes":""},"categories":[1],"tags":[],"class_list":["post-779","post","type-post","status-publish","format-standard","has-post-thumbnail","hentry","category-uncategorized"],"_links":{"self":[{"href":"https:\/\/www.sante-pourtous.net\/index.php?rest_route=\/wp\/v2\/posts\/779","targetHints":{"allow":["GET"]}}],"collection":[{"href":"https:\/\/www.sante-pourtous.net\/index.php?rest_route=\/wp\/v2\/posts"}],"about":[{"href":"https:\/\/www.sante-pourtous.net\/index.php?rest_route=\/wp\/v2\/types\/post"}],"author":[{"embeddable":true,"href":"https:\/\/www.sante-pourtous.net\/index.php?rest_route=\/wp\/v2\/users\/3"}],"replies":[{"embeddable":true,"href":"https:\/\/www.sante-pourtous.net\/index.php?rest_route=%2Fwp%2Fv2%2Fcomments&post=779"}],"version-history":[{"count":3,"href":"https:\/\/www.sante-pourtous.net\/index.php?rest_route=\/wp\/v2\/posts\/779\/revisions"}],"predecessor-version":[{"id":789,"href":"https:\/\/www.sante-pourtous.net\/index.php?rest_route=\/wp\/v2\/posts\/779\/revisions\/789"}],"wp:featuredmedia":[{"embeddable":true,"href":"https:\/\/www.sante-pourtous.net\/index.php?rest_route=\/wp\/v2\/media\/780"}],"wp:attachment":[{"href":"https:\/\/www.sante-pourtous.net\/index.php?rest_route=%2Fwp%2Fv2%2Fmedia&parent=779"}],"wp:term":[{"taxonomy":"category","embeddable":true,"href":"https:\/\/www.sante-pourtous.net\/index.php?rest_route=%2Fwp%2Fv2%2Fcategories&post=779"},{"taxonomy":"post_tag","embeddable":true,"href":"https:\/\/www.sante-pourtous.net\/index.php?rest_route=%2Fwp%2Fv2%2Ftags&post=779"}],"curies":[{"name":"wp","href":"https:\/\/api.w.org\/{rel}","templated":true}]}}