{"id":842,"date":"2024-01-29T12:51:02","date_gmt":"2024-01-29T12:51:02","guid":{"rendered":"https:\/\/www.sante-pourtous.net\/?p=842"},"modified":"2024-01-29T12:51:04","modified_gmt":"2024-01-29T12:51:04","slug":"sante-publique-a-la-decouverte-des-ingenieurs-de-sante-publique-de-cote-divoire","status":"publish","type":"post","link":"https:\/\/www.sante-pourtous.net\/?p=842","title":{"rendered":"Sant\u00e9 publique : \u00e0 la d\u00e9couverte des Ing\u00e9nieurs de sant\u00e9 publique de C\u00f4te d\u2019Ivoire"},"content":{"rendered":"\n<p><strong><em>La profession d\u2019Ing\u00e9nieur de sant\u00e9 publique est peu connue des usagers en mati\u00e8re de sant\u00e9. Pourtant, ces Ing\u00e9nieurs du syst\u00e8me sanitaire jouent un r\u00f4le crucial dans la conception, la mise en \u0153uvre et la gestion de syst\u00e8mes et d&rsquo;infrastructures en mati\u00e8re de sant\u00e9 publique. En C\u00f4te d\u2019Ivoire, ils ont d\u00e9cid\u00e9 de se mettre en association pour non seulement d\u00e9fendre les int\u00e9r\u00eats de la corporation mais surtout pour le bien-\u00eatre des populations. J\u00e9r\u00e9mie Dago est le pr\u00e9sident de l\u2019Association des Ing\u00e9nieurs de Sant\u00e9 Publique de C\u00f4te d\u2019Ivoire (AISP-CI) cr\u00e9\u00e9e depuis le 20 octobre 2021. Il nous entretient ici sur la noblesse de cette profession et les objectifs de l\u2019AISP.<\/em><\/strong><\/p>\n\n\n\n<p><strong>Sant\u00e9 pour tous : Quel est le r\u00f4le d\u2019un Ing\u00e9nieur de sant\u00e9 ?<\/strong><\/p>\n\n\n\n<p><strong>DAGO J\u00e9r\u00e9mie :<\/strong> Les Ing\u00e9nieurs de sant\u00e9 publique jouent un r\u00f4le crucial dans la conception, la mise en \u0153uvre et la gestion de syst\u00e8mes et d&rsquo;infrastructures en mati\u00e8re de sant\u00e9 publique. Ils mettent en place des syst\u00e8mes de surveillance \u00e9pid\u00e9miologique pour d\u00e9tecter, suivre et contr\u00f4ler la propagation des maladies. Ils travaillent sur des programmes de promotion de la sant\u00e9 visant \u00e0 pr\u00e9venir les maladies, \u00e0 encourager des comportements sains et \u00e0 am\u00e9liorer la qualit\u00e9 de vie. Ils forment \u00e9galement les professionnels de la sant\u00e9 et la communaut\u00e9 sur les meilleures pratiques en mati\u00e8re de sant\u00e9 publique et sur l&rsquo;utilisation des installations et services m\u00e9dicaux. Ils collectent, analysent et interpr\u00e8tent des donn\u00e9es de sant\u00e9 pour orienter la prise de d\u00e9cision et l&rsquo;\u00e9laboration des politiques visant \u00e0 am\u00e9liorer la sant\u00e9 des populations.<\/p>\n\n\n\n<p><strong>Quel est leur rang dans la hi\u00e9rarchie du personnel de sant\u00e9 ?<\/strong><\/p>\n\n\n\n<p><strong>D.J. :<\/strong> l\u2019Ing\u00e9nieur de sant\u00e9 publique est un cadre sup\u00e9rieur de la sant\u00e9 qui est dans la conception. Il y a l\u2019Ing\u00e9nieur des techniques sanitaires option sant\u00e9 publique en grade A3 et l\u2019Ing\u00e9nieur des services de sant\u00e9 en grade A4.<\/p>\n\n\n\n<p><strong>Pourquoi vous mettre en association en C\u00f4te d\u2019Ivoire ?<\/strong><\/p>\n\n\n\n<p><strong>D.J. : <\/strong>Il s\u2019agit pour nous \u00e0 travers notre association, de repr\u00e9senter les int\u00e9r\u00eats de nos membres aupr\u00e8s de l\u2019administration, des pouvoirs publics et des institutions internationales, de promouvoir l\u2019identit\u00e9 professionnelle de l\u2019Ing\u00e9nieur en sant\u00e9 publique, de valoriser le savoir-faire et l\u2019exp\u00e9rience professionnelle et de promouvoir la formation initiale et continue en vue de contribuer \u00e0 l\u2019am\u00e9lioration de la sant\u00e9 des populations.<\/p>\n\n\n\n<p><strong>Qu\u2019est-ce que cette association a d\u00e9j\u00e0 fait pour le bien-\u00eatre de ses membres ?<\/strong><\/p>\n\n\n\n<p><strong>D.J. :<\/strong> Nous sommes une jeune association qui est dans une phase de structuration. N\u00e9anmoins l\u2019association a permis \u00e0 ses membres de participer au symposium de la Soci\u00e9t\u00e9 Ivoirienne de Sant\u00e9 Publique (SISP) tenue du 22 au 24 f\u00e9vrier 2022 \u00e0 Abidjan avec pour th\u00e8me : \u00ab Lutte contre la pand\u00e9mie \u00e0 COVID-19 en Afrique : d\u00e9fis et perspectives \u00bb. Nous \u00e9tions aussi au 3\u00e8 congr\u00e8s de la sant\u00e9 publique \u00e0 l\u2019Institut Nationale de Sant\u00e9 Publique (INSP) \u00e0 Abidjan sur le th\u00e8me \u00ab Promotion de la sant\u00e9 : d\u00e9terminants sociaux et environnement \u00bb, tenue du23 au 24 novembre 2023. L\u2019association a permis \u00e0 ses membres de participer \u00e0 l\u2019enqu\u00eate de l\u2019OMS sur l\u2019\u00e9valuation harmonis\u00e9e des donn\u00e9es (HHFA) en C\u00f4te d\u2019Ivoire du 20 ao\u00fbt au 17 septembre 2023 et \u00e0 \u00e0 la facilitation des choix d\u2019affectation de certains de ses adh\u00e9rents dans les d\u00e9partements du syst\u00e8me de sant\u00e9.<\/p>\n\n\n\n<p><strong>Quels sont vos rapports avec les associations s\u0153urs de la sous-r\u00e9gion s\u2019il en existe ?<\/strong><\/p>\n\n\n\n<p><strong>D.J. : <\/strong>Nous nous organisons \u00e0 prendre notre place parmi les associations au niveau national, apr\u00e8s, le volet sous r\u00e9gional et international viendra. Nous n\u2019avons donc pas pour l\u2019instant la cartographie des associations similaires de la sous-r\u00e9gion.<\/p>\n\n\n\n<p><strong>Quels sont les projets majeurs au cours de votre mandat ?<\/strong><\/p>\n\n\n\n<p><strong>D.J. :<\/strong> Nous avons deux projets majeurs. Il s\u2019agit pour nous de mettre en place une association forte ayant des repr\u00e9sentations dans toutes les r\u00e9gions sanitaires du pays, de faire conna\u00eetre la profession d\u2019Ing\u00e9nieur de sant\u00e9 publique \u00e0 tous les acteurs intervenants dans le domaine de la sant\u00e9.<\/p>\n\n\n\n<pre class=\"wp-block-code\"><code><strong>Seriez-vous pr\u00eat \u00e0 partager votre exp\u00e9rience avec d\u2019autres pays de la sous-r\u00e9gion ?<\/strong>\n\n<strong>D.J. :<\/strong> Bien s\u00fbr que oui. La pand\u00e9mie de la COVID-19 nous a d\u00e9montr\u00e9 que les fronti\u00e8res n\u2019existent pas en termes de sant\u00e9. C\u2019est ensemble que nous pouvons \u0153uvrer \u00e0 l\u2019am\u00e9lioration du bien-\u00eatre physique, social et mental de nos populations.<\/code><\/pre>\n","protected":false},"excerpt":{"rendered":"<p>La profession d\u2019Ing\u00e9nieur de sant\u00e9 publique est peu connue des usagers en mati\u00e8re de sant\u00e9. Pourtant, ces Ing\u00e9nieurs du syst\u00e8me sanitaire jouent un r\u00f4le crucial dans la conception, la mise en \u0153uvre et la gestion de syst\u00e8mes et d&rsquo;infrastructures en mati\u00e8re de sant\u00e9 publique. En C\u00f4te d\u2019Ivoire, ils ont d\u00e9cid\u00e9 de se mettre en association<\/p>\n","protected":false},"author":3,"featured_media":843,"comment_status":"open","ping_status":"open","sticky":false,"template":"","format":"standard","meta":{"footnotes":""},"categories":[3,5],"tags":[],"class_list":["post-842","post","type-post","status-publish","format-standard","has-post-thumbnail","hentry","category-actualite","category-sante"],"_links":{"self":[{"href":"https:\/\/www.sante-pourtous.net\/index.php?rest_route=\/wp\/v2\/posts\/842","targetHints":{"allow":["GET"]}}],"collection":[{"href":"https:\/\/www.sante-pourtous.net\/index.php?rest_route=\/wp\/v2\/posts"}],"about":[{"href":"https:\/\/www.sante-pourtous.net\/index.php?rest_route=\/wp\/v2\/types\/post"}],"author":[{"embeddable":true,"href":"https:\/\/www.sante-pourtous.net\/index.php?rest_route=\/wp\/v2\/users\/3"}],"replies":[{"embeddable":true,"href":"https:\/\/www.sante-pourtous.net\/index.php?rest_route=%2Fwp%2Fv2%2Fcomments&post=842"}],"version-history":[{"count":1,"href":"https:\/\/www.sante-pourtous.net\/index.php?rest_route=\/wp\/v2\/posts\/842\/revisions"}],"predecessor-version":[{"id":844,"href":"https:\/\/www.sante-pourtous.net\/index.php?rest_route=\/wp\/v2\/posts\/842\/revisions\/844"}],"wp:featuredmedia":[{"embeddable":true,"href":"https:\/\/www.sante-pourtous.net\/index.php?rest_route=\/wp\/v2\/media\/843"}],"wp:attachment":[{"href":"https:\/\/www.sante-pourtous.net\/index.php?rest_route=%2Fwp%2Fv2%2Fmedia&parent=842"}],"wp:term":[{"taxonomy":"category","embeddable":true,"href":"https:\/\/www.sante-pourtous.net\/index.php?rest_route=%2Fwp%2Fv2%2Fcategories&post=842"},{"taxonomy":"post_tag","embeddable":true,"href":"https:\/\/www.sante-pourtous.net\/index.php?rest_route=%2Fwp%2Fv2%2Ftags&post=842"}],"curies":[{"name":"wp","href":"https:\/\/api.w.org\/{rel}","templated":true}]}}