{"id":845,"date":"2024-01-31T14:18:43","date_gmt":"2024-01-31T14:18:43","guid":{"rendered":"https:\/\/www.sante-pourtous.net\/?p=845"},"modified":"2024-01-31T14:18:44","modified_gmt":"2024-01-31T14:18:44","slug":"lutte-contre-le-paludisme-des-comites-communaux-de-veille-communautaire-pour-zero-palu-au-burkina-faso","status":"publish","type":"post","link":"https:\/\/www.sante-pourtous.net\/?p=845","title":{"rendered":"Lutte contre le paludisme : des comit\u00e9s communaux de veille communautaire pour \u00ab Z\u00e9ro palu \u00bb au Burkina Faso"},"content":{"rendered":"\n<p><strong><em>L&rsquo;association IES\/Femmes en collaboration avec le SP\/Palu et Speak Up Africa, poursuit ses actions de plaidoyer, de sensibilisation et de mobilisation sociale. Apr\u00e8s une s\u00e9rie de formation et de sensibilisation, elle a mis en place ce mercredi 31 janvier 2024, six comit\u00e9s communaux de veille pour l&rsquo;\u00e9limination du paludisme dans le cadre de son projet \u00ab Z\u00e9ro palu \u00bb au Burkina Faso.<\/em><\/strong><\/p>\n\n\n\n<p>Au Burkina Faso, malgr\u00e9 les progr\u00e8s r\u00e9alis\u00e9s, le paludisme persiste en tant que probl\u00e8me de sant\u00e9 publique. Les statistiques du syst\u00e8me national d\u2019information sanitaire soulignent que le paludisme demeure la principale cause de consultation (42,2%), d&rsquo;hospitalisation (50,75%) et de d\u00e9c\u00e8s (13,9%) dans les \u00e9tablissements de sant\u00e9. En 2022, le pays a enregistr\u00e9 11 656 675 cas de paludisme, avec 4243 d\u00e9c\u00e8s. Cette maladie s\u00e9vit tout au long de l&rsquo;ann\u00e9e, avec une recrudescence saisonni\u00e8re pendant la saison des pluies, impactant particuli\u00e8rement les femmes enceintes et les enfants de moins de cinq ans. Le paludisme, au-del\u00e0 de son impact sur la sant\u00e9 publique, constitue un enjeu crucial pour le d\u00e9veloppement.<br>C\u2019est tout le sens de cet engagement de l&rsquo;association IES\/Femmes qui avec ses partenaires, se mobilisent \u00e0 travers des actions de plaidoyer, de sensibilisation, et de mobilisation sociale. Ces efforts visent \u00e0 sensibiliser et interpeller les autorit\u00e9s administratives et politiques, les leaders religieux et coutumiers, ainsi que les m\u00e9dias en faveur de la lutte contre le paludisme au Burkina.<\/p>\n\n\n\n<figure class=\"wp-block-image size-large\"><img loading=\"lazy\" decoding=\"async\" width=\"1024\" height=\"461\" src=\"https:\/\/www.sante-pourtous.net\/wp-content\/uploads\/2024\/01\/COMITE-2-1024x461.jpg\" alt=\"\" class=\"wp-image-846\" srcset=\"https:\/\/www.sante-pourtous.net\/wp-content\/uploads\/2024\/01\/COMITE-2-1024x461.jpg 1024w, https:\/\/www.sante-pourtous.net\/wp-content\/uploads\/2024\/01\/COMITE-2-300x135.jpg 300w, https:\/\/www.sante-pourtous.net\/wp-content\/uploads\/2024\/01\/COMITE-2-768x346.jpg 768w, https:\/\/www.sante-pourtous.net\/wp-content\/uploads\/2024\/01\/COMITE-2-1536x691.jpg 1536w, https:\/\/www.sante-pourtous.net\/wp-content\/uploads\/2024\/01\/COMITE-2-2048x922.jpg 2048w, https:\/\/www.sante-pourtous.net\/wp-content\/uploads\/2024\/01\/COMITE-2-650x293.jpg 650w, https:\/\/www.sante-pourtous.net\/wp-content\/uploads\/2024\/01\/COMITE-2-310x140.jpg 310w, https:\/\/www.sante-pourtous.net\/wp-content\/uploads\/2024\/01\/COMITE-2-150x68.jpg 150w\" sizes=\"auto, (max-width: 1024px) 100vw, 1024px\" \/><\/figure>\n\n\n\n<p>Ainsi dans la continuit\u00e9 de ses diff\u00e9rentes actions, l\u2019association a mis en place six comit\u00e9s communaux de veille avec pour objectif, l\u2019\u00e9limination du paludisme dans le district sanitaire de Bogodogo et la promotion de bonnes pratiques. Il s\u2019agit des communes de Saaba et de Koubri et des arrondissements N 5, 12, 10 et 11 de la ville de Ouagadougou.<br><\/p>\n\n\n\n<figure class=\"wp-block-image size-large\"><img loading=\"lazy\" decoding=\"async\" width=\"1024\" height=\"461\" src=\"https:\/\/www.sante-pourtous.net\/wp-content\/uploads\/2024\/01\/COMITE-3-1024x461.jpg\" alt=\"\" class=\"wp-image-848\" srcset=\"https:\/\/www.sante-pourtous.net\/wp-content\/uploads\/2024\/01\/COMITE-3-1024x461.jpg 1024w, https:\/\/www.sante-pourtous.net\/wp-content\/uploads\/2024\/01\/COMITE-3-300x135.jpg 300w, https:\/\/www.sante-pourtous.net\/wp-content\/uploads\/2024\/01\/COMITE-3-768x346.jpg 768w, https:\/\/www.sante-pourtous.net\/wp-content\/uploads\/2024\/01\/COMITE-3-1536x691.jpg 1536w, https:\/\/www.sante-pourtous.net\/wp-content\/uploads\/2024\/01\/COMITE-3-2048x922.jpg 2048w, https:\/\/www.sante-pourtous.net\/wp-content\/uploads\/2024\/01\/COMITE-3-650x293.jpg 650w, https:\/\/www.sante-pourtous.net\/wp-content\/uploads\/2024\/01\/COMITE-3-310x140.jpg 310w, https:\/\/www.sante-pourtous.net\/wp-content\/uploads\/2024\/01\/COMITE-3-150x68.jpg 150w\" sizes=\"auto, (max-width: 1024px) 100vw, 1024px\" \/><\/figure>\n\n\n\n<p><em><strong>Selon S\u00e9v\u00e9rine N\u00e9bi\u00e9, pr\u00e9sidente de IES\/Femmes (en blanc)<\/strong><\/em><\/p>\n\n\n\n<p>Selon S\u00e9v\u00e9rine N\u00e9bi\u00e9, pr\u00e9sidente de IES\/Femmes, ces comit\u00e9s joueront un r\u00f4le essentiel dans la surveillance, la sensibilisation, et la coordination des efforts locaux en vue de r\u00e9duire l&rsquo;incidence du paludisme et de contribuer \u00e0 l&rsquo;atteinte des objectifs nationaux et internationaux en mati\u00e8re de sant\u00e9 publique.<br><\/p>\n\n\n\n<figure class=\"wp-block-video\"><video height=\"368\" style=\"aspect-ratio: 640 \/ 368;\" width=\"640\" controls src=\"https:\/\/www.sante-pourtous.net\/wp-content\/uploads\/2024\/01\/VIDEO.mp4\"><\/video><\/figure>\n\n\n\n<p><em><strong>Sylvain Kientega de la paroisse de Dassasgho, membre de comit\u00e9 de veille<\/strong><\/em> <strong><em>communautaire<\/em><\/strong><\/p>\n\n\n\n<p>Tr\u00e8s engag\u00e9s, les membres des diff\u00e9rents comit\u00e9s n\u2019ont pas manqu\u00e9 d\u2019exprimer plusieurs besoins en termes d\u2019appui mat\u00e9riel, technique et financier. Toutefois, ils entendent jouer leur r\u00f4le dans cette lutte.<\/p>\n","protected":false},"excerpt":{"rendered":"<p>L&rsquo;association IES\/Femmes en collaboration avec le SP\/Palu et Speak Up Africa, poursuit ses actions de plaidoyer, de sensibilisation et de mobilisation sociale. Apr\u00e8s une s\u00e9rie de formation et de sensibilisation, elle a mis en place ce mercredi 31 janvier 2024, six comit\u00e9s communaux de veille pour l&rsquo;\u00e9limination du paludisme dans le cadre de son projet<\/p>\n","protected":false},"author":3,"featured_media":847,"comment_status":"open","ping_status":"open","sticky":false,"template":"","format":"standard","meta":{"footnotes":""},"categories":[3,5],"tags":[],"class_list":["post-845","post","type-post","status-publish","format-standard","has-post-thumbnail","hentry","category-actualite","category-sante"],"_links":{"self":[{"href":"https:\/\/www.sante-pourtous.net\/index.php?rest_route=\/wp\/v2\/posts\/845","targetHints":{"allow":["GET"]}}],"collection":[{"href":"https:\/\/www.sante-pourtous.net\/index.php?rest_route=\/wp\/v2\/posts"}],"about":[{"href":"https:\/\/www.sante-pourtous.net\/index.php?rest_route=\/wp\/v2\/types\/post"}],"author":[{"embeddable":true,"href":"https:\/\/www.sante-pourtous.net\/index.php?rest_route=\/wp\/v2\/users\/3"}],"replies":[{"embeddable":true,"href":"https:\/\/www.sante-pourtous.net\/index.php?rest_route=%2Fwp%2Fv2%2Fcomments&post=845"}],"version-history":[{"count":1,"href":"https:\/\/www.sante-pourtous.net\/index.php?rest_route=\/wp\/v2\/posts\/845\/revisions"}],"predecessor-version":[{"id":850,"href":"https:\/\/www.sante-pourtous.net\/index.php?rest_route=\/wp\/v2\/posts\/845\/revisions\/850"}],"wp:featuredmedia":[{"embeddable":true,"href":"https:\/\/www.sante-pourtous.net\/index.php?rest_route=\/wp\/v2\/media\/847"}],"wp:attachment":[{"href":"https:\/\/www.sante-pourtous.net\/index.php?rest_route=%2Fwp%2Fv2%2Fmedia&parent=845"}],"wp:term":[{"taxonomy":"category","embeddable":true,"href":"https:\/\/www.sante-pourtous.net\/index.php?rest_route=%2Fwp%2Fv2%2Fcategories&post=845"},{"taxonomy":"post_tag","embeddable":true,"href":"https:\/\/www.sante-pourtous.net\/index.php?rest_route=%2Fwp%2Fv2%2Ftags&post=845"}],"curies":[{"name":"wp","href":"https:\/\/api.w.org\/{rel}","templated":true}]}}